{"id":590867,"date":"2025-12-10T14:38:25","date_gmt":"2025-12-10T14:38:25","guid":{"rendered":"https:\/\/www.europesays.com\/fr\/590867\/"},"modified":"2025-12-10T14:38:25","modified_gmt":"2025-12-10T14:38:25","slug":"strasbourg-recoit-un-gros-cadeau-de-chelsea","status":"publish","type":"post","link":"https:\/\/www.europesays.com\/fr\/590867\/","title":{"rendered":"Strasbourg re\u00e7oit un gros cadeau de Chelsea"},"content":{"rendered":"<p><b>Le RC Strasbourg va prochainement recevoir un joli cadeau de la part de Chelsea. BlueCo a r\u00e9ussi \u00e0 gagner la course pour Muhammad Zongo et a l&rsquo;intention de l&rsquo;envoyer en Alsace pour s&rsquo;aguerrir.<\/b><\/p>\n<p>Les relations entre le <a href=\"https:\/\/www.foot01.com\/strasbourg\" target=\"_self\" rel=\"noopener\">RC Strasbourg<\/a> et Chelsea vont \u00e0 nouveau faire parler. L&rsquo;\u00e9t\u00e9 dernier d\u00e9j\u00e0, le club alsacien a frapp\u00e9 un tr\u00e8s grand coup pendant le <a href=\"https:\/\/www.foot01.com\/mercato\" title=\"Mercato\" target=\"_blank\" rel=\"noopener\">mercato<\/a> en d\u00e9pensant pas moins de 111 millions d&rsquo;euros pour faire venir de nouveaux joueurs. Le tout, gr\u00e2ce aux finances illimit\u00e9es de BlueCo. Parmi les joueurs qui sont arriv\u00e9s, il y a aussi et surtout trois d&rsquo;entre eux qui viennent directement de Chelsea, alors que le capitaine Emanuel Emegha fera le chemin inverse \u00e0 l&rsquo;issue de la saison. BlueCo a d&rsquo;ailleurs l&rsquo;intention de faire un nouveau cadeau \u00e0 leur plus petit club des deux.<img decoding=\"async\" src=\"https:\/\/www.europesays.com\/fr\/wp-content\/uploads\/2025\/10\/686.png\" alt=\"Strasbourg\" class=\"w-12 h-12 object-contain\"\/><img decoding=\"async\" class=\"w-4 h-4 left-[1.67px] top-[1.67px] absolute\" src=\"https:\/\/www.europesays.com\/fr\/wp-content\/uploads\/2025\/09\/301.png\" alt=\"Ligue 1\"\/><\/p>\n<p>Ligue 1<\/p>\n<p>06 d\u00e9cembre 2025 \u00e0 19:00<\/p>\n<p>Ligue 1<\/p>\n<p>30 novembre 2025 \u00e0 15:00<\/p>\n<p>Ligue 1<\/p>\n<p><img decoding=\"async\" src=\"https:\/\/www.europesays.com\/fr\/wp-content\/uploads\/2025\/10\/37663291.png\" alt=\"J. Panichelli\" class=\"w-16 h-16 object-cover rounded-full\"\/><\/p>\n<p>9.J. Panichelli<\/p>\n<p><img decoding=\"async\" src=\"https:\/\/www.europesays.com\/fr\/wp-content\/uploads\/2025\/09\/ar.png\" alt=\"ARG\" class=\"w-6 h-4 object-cover\"\/>ARG \u2022 \u00c2ge 23 \u2022 Attaquant<img decoding=\"async\" src=\"https:\/\/www.europesays.com\/fr\/wp-content\/uploads\/2025\/10\/37400423.png\" alt=\"E. Esseh Emegha\" class=\"w-16 h-16 object-cover rounded-full\"\/><\/p>\n<p>10.E. Esseh Emegha<\/p>\n<p><img decoding=\"async\" src=\"https:\/\/www.europesays.com\/fr\/wp-content\/uploads\/2025\/10\/nl.png\" alt=\"NED\" class=\"w-6 h-4 object-cover\"\/>NED \u2022 \u00c2ge 22 \u2022 AttaquantBlueCo r\u00e9gale Strasbourg<\/p>\n<p>Comme l&rsquo;indique Fabrizio Romano, BlueCo a remport\u00e9 la course pour le tr\u00e8s convoit\u00e9 Muhammad Zongo. Le milieu de terrain offensif n\u00e9 en 2009 sort d&rsquo;une Coupe du monde U17 tr\u00e8s remarqu\u00e9e et avait fait l&rsquo;objet de nombreuses convoitises de la part de nombreux gros clubs europ\u00e9ens. Finalement, ce sont les Am\u00e9ricains propri\u00e9taires de Chelsea et de Strasbourg qui ont remport\u00e9 la mise, alors que son transfert en provenance du Sporting Cascade FC a \u00e9t\u00e9 r\u00e9alis\u00e9.<\/p>\n<p>Le sp\u00e9cialiste des transferts indique que Muhammad Zongo ne filera pas directement \u00e0 Chelsea. L&rsquo;id\u00e9e est de l&rsquo;envoyer \u00e0 Strasbourg pour qu&rsquo;il s&rsquo;aguerrisse. BlueCo estime que le cadre sportif du RCSA est l&rsquo;endroit id\u00e9al pour lui afin de progresser au mieux. Aucune information n&rsquo;est toutefois parue sur la date pr\u00e9cise de son arriv\u00e9e. \u00ab C\u2019est un choix purement sportif et strat\u00e9gique. Nous avons longuement \u00e9chang\u00e9 avec plusieurs clubs, re\u00e7u de nombreux appels\u2026 En concertation avec la famille du joueur et toutes les parties concern\u00e9es, Chelsea s\u2019est impos\u00e9 comme la meilleure option pour l\u2019avenir de Zongo \u00bb, a d&rsquo;ailleurs expliqu\u00e9 un membre du Sporting Cascade \u00e0 Africafoot.<\/p>\n","protected":false},"excerpt":{"rendered":"Le RC Strasbourg va prochainement recevoir un joli cadeau de la part de Chelsea. BlueCo a r\u00e9ussi \u00e0&hellip;\n","protected":false},"author":2,"featured_media":590868,"comment_status":"","ping_status":"","sticky":false,"template":"","format":"standard","meta":{"footnotes":""},"categories":[2820],"tags":[1111,11,1777,674,1011,27,775,1434,12,24894,25,640],"class_list":{"0":"post-590867","1":"post","2":"type-post","3":"status-publish","4":"format-standard","5":"has-post-thumbnail","7":"category-strasbourg","8":"tag-actu","9":"tag-actualites","10":"tag-eu","11":"tag-europe","12":"tag-fr","13":"tag-france","14":"tag-grand-est","15":"tag-mercato","16":"tag-news","17":"tag-rcsa","18":"tag-republique-francaise","19":"tag-strasbourg"},"share_on_mastodon":{"url":"https:\/\/pubeurope.com\/@fr\/115695788123693319","error":""},"_links":{"self":[{"href":"https:\/\/www.europesays.com\/fr\/wp-json\/wp\/v2\/posts\/590867","targetHints":{"allow":["GET"]}}],"collection":[{"href":"https:\/\/www.europesays.com\/fr\/wp-json\/wp\/v2\/posts"}],"about":[{"href":"https:\/\/www.europesays.com\/fr\/wp-json\/wp\/v2\/types\/post"}],"author":[{"embeddable":true,"href":"https:\/\/www.europesays.com\/fr\/wp-json\/wp\/v2\/users\/2"}],"replies":[{"embeddable":true,"href":"https:\/\/www.europesays.com\/fr\/wp-json\/wp\/v2\/comments?post=590867"}],"version-history":[{"count":0,"href":"https:\/\/www.europesays.com\/fr\/wp-json\/wp\/v2\/posts\/590867\/revisions"}],"wp:featuredmedia":[{"embeddable":true,"href":"https:\/\/www.europesays.com\/fr\/wp-json\/wp\/v2\/media\/590868"}],"wp:attachment":[{"href":"https:\/\/www.europesays.com\/fr\/wp-json\/wp\/v2\/media?parent=590867"}],"wp:term":[{"taxonomy":"category","embeddable":true,"href":"https:\/\/www.europesays.com\/fr\/wp-json\/wp\/v2\/categories?post=590867"},{"taxonomy":"post_tag","embeddable":true,"href":"https:\/\/www.europesays.com\/fr\/wp-json\/wp\/v2\/tags?post=590867"}],"curies":[{"name":"wp","href":"https:\/\/api.w.org\/{rel}","templated":true}]}}