{"id":590869,"date":"2025-12-10T14:39:11","date_gmt":"2025-12-10T14:39:11","guid":{"rendered":"https:\/\/www.europesays.com\/fr\/590869\/"},"modified":"2025-12-10T14:39:11","modified_gmt":"2025-12-10T14:39:11","slug":"cap3000-invite-chantal-goya-pour-un-rendez-vous-musical-intergenerationnel","status":"publish","type":"post","link":"https:\/\/www.europesays.com\/fr\/590869\/","title":{"rendered":"CAP3000 invite Chantal Goya pour un rendez-vous musical interg\u00e9n\u00e9rationnel"},"content":{"rendered":"<p>                    <img loading=\"lazy\" decoding=\"async\" src=\"https:\/\/www.europesays.com\/fr\/wp-content\/uploads\/2025\/12\/840d8c6f6809fe644a325dd06131e6.jpg\" class=\"img-responsive post-image\" width=\"680\" height=\"510\" alt=\"CAP3000 invite Chantal\" title=\"CAP3000 invite Chantal Goya pour un rendez-vous musical interg\u00e9n\u00e9rationnel\"\/><\/p>\n<p class=\"chapo\">\u00c0 l\u2019approche des f\u00eates, CAP3000 s\u2019appr\u00eate \u00e0 plonger ses visiteurs dans une atmosph\u00e8re r\u00e9solument magique. Le centre azur\u00e9en accueillera, le samedi 20 d\u00e9cembre \u00e0 15h, un showcase exceptionnel de Chantal Goya, figure incontournable de la chanson jeunesse fran\u00e7aise. Un \u00e9v\u00e9nement gratuit, interg\u00e9n\u00e9rationnel et festif, qui s\u2019inscrit dans la programmation \u00ab\u00a0Destination No\u00ebl\u00a0\u00bb.<\/p>\n<p>Pendant une heure, sur la Place Centrale, petits et grands retrouveront les chansons embl\u00e9matiques de l\u2019artiste ainsi que les personnages qui ont marqu\u00e9 des g\u00e9n\u00e9rations\u00a0: B\u00e9cassine, le Lapin, le Chat Bott\u00e9, le Renard ou encore F\u00e9lix le Chat. Une parenth\u00e8se enchant\u00e9e pens\u00e9e pour r\u00e9unir enfants, parents et grands-parents autour d\u2019un spectacle vivant, rythm\u00e9 et po\u00e9tique.<br class=\"texte\"\/><br \/>\nDepuis plus de 50 ans, Chantal Goya accompagne les familles avec son univers tendre et joyeux. \u00c0 CAP3000, elle promet de raviver ces souvenirs communs et d\u2019en cr\u00e9er de nouveaux. Un rendez-vous qui s\u2019inscrit parfaitement dans la volont\u00e9 du centre de proposer des moments de partage \u00e0 forte dimension \u00e9motionnelle. <strong>Fr\u00e9d\u00e9ric Llorca<\/strong>, Directeur de CAP3000, souligne d\u2019ailleurs l\u2019importance de cet \u00e9v\u00e9nement pour le centre\u00a0: \u00ab\u00a0Nous sommes tr\u00e8s heureux d\u2019offrir ce moment unique aux Azur\u00e9ens. Chantal Goya est actuellement en tourn\u00e9e des Z\u00e9niths dans toute la France pour f\u00eater ses 50 ans de carri\u00e8re, et pouvoir l\u2019accueillir ici \u00e0 CAP3000 est une grande fiert\u00e9. A CAP3000, nous avons \u00e0 c\u0153ur de proposer des instants forts et accessibles \u00e0 tous. Ce showcase en est un bel exemple.\u00a0\u00bb<br class=\"autobr\"\/><br \/>\nEntr\u00e9e libre (dans la limite des places disponibles)<\/p>\n","protected":false},"excerpt":{"rendered":"\u00c0 l\u2019approche des f\u00eates, CAP3000 s\u2019appr\u00eate \u00e0 plonger ses visiteurs dans une atmosph\u00e8re r\u00e9solument magique. Le centre azur\u00e9en&hellip;\n","protected":false},"author":2,"featured_media":590870,"comment_status":"","ping_status":"","sticky":false,"template":"","format":"standard","meta":{"footnotes":""},"categories":[2819],"tags":[1111,11,2408,1777,674,1011,27,12,2401,882,25],"class_list":{"0":"post-590869","1":"post","2":"type-post","3":"status-publish","4":"format-standard","5":"has-post-thumbnail","7":"category-nice","8":"tag-actu","9":"tag-actualites","10":"tag-appels-d","11":"tag-eu","12":"tag-europe","13":"tag-fr","14":"tag-france","15":"tag-news","16":"tag-nice","17":"tag-provence-alpes-cote-dazur","18":"tag-republique-francaise"},"share_on_mastodon":{"url":"https:\/\/pubeurope.com\/@fr\/115695790792257806","error":""},"_links":{"self":[{"href":"https:\/\/www.europesays.com\/fr\/wp-json\/wp\/v2\/posts\/590869","targetHints":{"allow":["GET"]}}],"collection":[{"href":"https:\/\/www.europesays.com\/fr\/wp-json\/wp\/v2\/posts"}],"about":[{"href":"https:\/\/www.europesays.com\/fr\/wp-json\/wp\/v2\/types\/post"}],"author":[{"embeddable":true,"href":"https:\/\/www.europesays.com\/fr\/wp-json\/wp\/v2\/users\/2"}],"replies":[{"embeddable":true,"href":"https:\/\/www.europesays.com\/fr\/wp-json\/wp\/v2\/comments?post=590869"}],"version-history":[{"count":0,"href":"https:\/\/www.europesays.com\/fr\/wp-json\/wp\/v2\/posts\/590869\/revisions"}],"wp:featuredmedia":[{"embeddable":true,"href":"https:\/\/www.europesays.com\/fr\/wp-json\/wp\/v2\/media\/590870"}],"wp:attachment":[{"href":"https:\/\/www.europesays.com\/fr\/wp-json\/wp\/v2\/media?parent=590869"}],"wp:term":[{"taxonomy":"category","embeddable":true,"href":"https:\/\/www.europesays.com\/fr\/wp-json\/wp\/v2\/categories?post=590869"},{"taxonomy":"post_tag","embeddable":true,"href":"https:\/\/www.europesays.com\/fr\/wp-json\/wp\/v2\/tags?post=590869"}],"curies":[{"name":"wp","href":"https:\/\/api.w.org\/{rel}","templated":true}]}}