{"id":590871,"date":"2025-12-10T14:40:20","date_gmt":"2025-12-10T14:40:20","guid":{"rendered":"https:\/\/www.europesays.com\/fr\/590871\/"},"modified":"2025-12-10T14:40:20","modified_gmt":"2025-12-10T14:40:20","slug":"la-ligne-nice-tende-rouvre-le15-decembre-un-retour-attendu-sur-lun-des","status":"publish","type":"post","link":"https:\/\/www.europesays.com\/fr\/590871\/","title":{"rendered":"La ligne Nice\u2013Tende rouvre le15 d\u00e9cembre : un retour attendu sur l\u2019un des (\u2026)"},"content":{"rendered":"<p>                    <img loading=\"lazy\" decoding=\"async\" src=\"https:\/\/www.europesays.com\/fr\/wp-content\/uploads\/2025\/12\/53795123a98e13ff54b1eacc4c7301.jpg\" class=\"img-responsive post-image\" width=\"680\" height=\"510\" alt=\"La ligne Nice\u2013Tende (\u2026)\" title=\"La ligne Nice\u2013Tende rouvre le15 d\u00e9cembre : un retour attendu sur l'un des plus beaux trajets ferroviaires d'Europe\"\/><\/p>\n<p class=\"chapo\">Apr\u00e8s plus d\u2019un an d\u2019interruption, la ligne ferroviaire Nice\u2013Tende reprendra du service le 15 d\u00e9cembre. Ferm\u00e9 depuis septembre 2024 pour un important chantier de modernisation, cet axe embl\u00e9matique des Alpes-Maritimes va retrouver sa place dans le quotidien des habitants comme dans les itin\u00e9raires touristiques de la vall\u00e9e de la Roya.<\/p>\n<p>                    Un axe strat\u00e9gique remis \u00e0 niveau<\/p>\n<p>Les travaux r\u00e9alis\u00e9s visaient avant tout \u00e0 <strong>s\u00e9curiser durablement la ligne <\/strong> et \u00e0 conforter ses infrastructures. Cette remise en \u00e9tat constitue un enjeu majeur pour les mobilit\u00e9s locales, mais aussi pour les \u00e9changes transfrontaliers et l\u2019activit\u00e9 touristique, tr\u00e8s d\u00e9pendante de cet itin\u00e9raire ferroviaire dans le haut-pays.<\/p>\n<p>Un parcours panoramique de nouveau accessible<\/p>\n<p><strong>Surnomm\u00e9 le Train des Merveilles<\/strong>, ce trajet traverse gorges abruptes, villages perch\u00e9s et viaducs spectaculaires jusqu\u2019aux portes du Parc national du Mercantour. Class\u00e9e parmi les plus belles liaisons d\u2019Europe, la ligne propose une mont\u00e9e progressive depuis le littoral m\u00e9diterran\u00e9en vers les paysages alpins, qui se parent d\u2019un d\u00e9cor hivernal \u00e0 l\u2019approche de la saison froide.<\/p>\n<p>Une animation culturelle pendant les vacances d\u2019hiver<\/p>\n<p><strong>Du 14 f\u00e9vrier au 1er mars 2026, le d\u00e9part de 9h32 depuis Nice sera accompagn\u00e9 chaque jour par une guide-conf\u00e9renci\u00e8re agr\u00e9\u00e9e.<\/strong> Elle apportera un \u00e9clairage historique et patrimonial sur la vall\u00e9e, les villages travers\u00e9s et la construction de cette ligne de montagne, offrant un compl\u00e9ment culturel au voyage.<\/p>\n<p>Cast\u00e9rino, une porte vers la montagne en hiver<\/p>\n<p><strong><br class=\"autobr\"\/><br \/>\nDepuis Breil-sur-Roya, une navette permettra d\u2019acc\u00e9der \u00e0 Cast\u00e9rino, destination pris\u00e9e pour ses activit\u00e9s nordiques.<\/strong> Raquettes, balades hivernales et paysages silencieux attendent les visiteurs souhaitant profiter d\u2019un cadre naturel pr\u00e9serv\u00e9.<br class=\"autobr\"\/><br \/>\nL\u2019offre sp\u00e9ciale hiver 2026 sera disponible\u00a0:<br \/>\n<br \/><b>\u2013<\/b>\u00a0tous les week-ends du 10 janvier au 15 mars\u00a0;<br \/>\n<br \/><b>\u2013<\/b>\u00a0tous les jours du 14 f\u00e9vrier au 1er mars.<br class=\"autobr\"\/><br \/>\nLe tarif combin\u00e9 Train + Navette est fix\u00e9 \u00e0 15 \u20ac pour les adultes et 6,50 \u20ac pour les enfants, aller-retour inclus.<\/p>\n<p>Un arr\u00eat \u00e0 Breil pour d\u00e9couvrir le patrimoine ferroviaire<\/p>\n<p>Les voyageurs pourront \u00e9galement visiter le Mus\u00e9e du Train \u00e0 Breil-sur-Roya. Cet espace retrace l\u2019histoire technique et humaine de cette ligne singuli\u00e8re, \u00e0 travers archives, maquettes et t\u00e9moignages d\u2019\u00e9poque.<\/p>\n<p>Une saison de d\u00e9couvertes d\u2019avril \u00e0 novembre<\/p>\n<p>\u00c0 partir du printemps, le Train des Merveilles circulera\u00a0:<br \/>\n<br \/><b>\u2013<\/b>\u00a0les week-ends et jours f\u00e9ri\u00e9s en avril, mai, octobre et novembre\u00a0;<br \/>\n<br \/><b>\u2013<\/b>\u00a0tous les jours de juin \u00e0 septembre.<br class=\"autobr\"\/><br \/>\nCette p\u00e9riode permettra de rejoindre les sites embl\u00e9matiques de la vall\u00e9e\u00a0: les gravures rupestres de la Vall\u00e9e des Merveilles, la Mini\u00e8re de Vallauria, les villages perch\u00e9s ou encore les \u00e9v\u00e9nements traditionnels du haut-pays.<\/p>\n<p>Le Train des Neiges, autre acc\u00e8s aux sommets<\/p>\n<p>En compl\u00e9ment, le Train des Neiges offrira plusieurs liaisons vers les paysages enneig\u00e9s du haut pays durant certains week-ends et les vacances scolaires, avec une consigne \u00e0 bagages gratuite \u00e0 bord des navettes.<\/p>\n<p>La r\u00e9ouverture de la ligne Nice\u2013Tende est une \u00e9tape importante pour le territoire\u00a0: la reconnexion durable entre la mer et la montagne, mais aussi la relance d\u2019un train qui reste l\u2019un des parcours ferroviaires les plus remarquables d\u2019Europe.<\/p>\n<p>Visuel de Une \u00a9OT Menton Riviera<\/p>\n","protected":false},"excerpt":{"rendered":"Apr\u00e8s plus d\u2019un an d\u2019interruption, la ligne ferroviaire Nice\u2013Tende reprendra du service le 15 d\u00e9cembre. Ferm\u00e9 depuis septembre&hellip;\n","protected":false},"author":2,"featured_media":590872,"comment_status":"","ping_status":"","sticky":false,"template":"","format":"standard","meta":{"footnotes":""},"categories":[2819],"tags":[1111,11,2408,1777,674,1011,27,12,2401,882,25],"class_list":{"0":"post-590871","1":"post","2":"type-post","3":"status-publish","4":"format-standard","5":"has-post-thumbnail","7":"category-nice","8":"tag-actu","9":"tag-actualites","10":"tag-appels-d","11":"tag-eu","12":"tag-europe","13":"tag-fr","14":"tag-france","15":"tag-news","16":"tag-nice","17":"tag-provence-alpes-cote-dazur","18":"tag-republique-francaise"},"share_on_mastodon":{"url":"https:\/\/pubeurope.com\/@fr\/115695795623846472","error":""},"_links":{"self":[{"href":"https:\/\/www.europesays.com\/fr\/wp-json\/wp\/v2\/posts\/590871","targetHints":{"allow":["GET"]}}],"collection":[{"href":"https:\/\/www.europesays.com\/fr\/wp-json\/wp\/v2\/posts"}],"about":[{"href":"https:\/\/www.europesays.com\/fr\/wp-json\/wp\/v2\/types\/post"}],"author":[{"embeddable":true,"href":"https:\/\/www.europesays.com\/fr\/wp-json\/wp\/v2\/users\/2"}],"replies":[{"embeddable":true,"href":"https:\/\/www.europesays.com\/fr\/wp-json\/wp\/v2\/comments?post=590871"}],"version-history":[{"count":0,"href":"https:\/\/www.europesays.com\/fr\/wp-json\/wp\/v2\/posts\/590871\/revisions"}],"wp:featuredmedia":[{"embeddable":true,"href":"https:\/\/www.europesays.com\/fr\/wp-json\/wp\/v2\/media\/590872"}],"wp:attachment":[{"href":"https:\/\/www.europesays.com\/fr\/wp-json\/wp\/v2\/media?parent=590871"}],"wp:term":[{"taxonomy":"category","embeddable":true,"href":"https:\/\/www.europesays.com\/fr\/wp-json\/wp\/v2\/categories?post=590871"},{"taxonomy":"post_tag","embeddable":true,"href":"https:\/\/www.europesays.com\/fr\/wp-json\/wp\/v2\/tags?post=590871"}],"curies":[{"name":"wp","href":"https:\/\/api.w.org\/{rel}","templated":true}]}}