{"id":590880,"date":"2025-12-10T14:45:13","date_gmt":"2025-12-10T14:45:13","guid":{"rendered":"https:\/\/www.europesays.com\/fr\/590880\/"},"modified":"2025-12-10T14:45:13","modified_gmt":"2025-12-10T14:45:13","slug":"un-etudiant-toulousain-passe-a-tabac-la-video-dun-temoin-fait-basculer-lenquete","status":"publish","type":"post","link":"https:\/\/www.europesays.com\/fr\/590880\/","title":{"rendered":"Un \u00e9tudiant toulousain pass\u00e9 \u00e0 tabac, la vid\u00e9o d\u2019un t\u00e9moin fait basculer l\u2019enqu\u00eate"},"content":{"rendered":"<p>\n                                                                    l&rsquo;essentiel<br \/>\n                                                                \u00c0 la sortie d\u2019un lyc\u00e9e toulousain, un \u00e9tudiant de 18 ans a \u00e9t\u00e9 violemment agress\u00e9 par trois jeunes qui filmaient la sc\u00e8ne pour la diffuser sur les r\u00e9seaux sociaux. Les images capt\u00e9es par un t\u00e9moin ont permis aux enqu\u00eateurs de relier l\u2019un des assaillants \u00e0 une autre attaque commise le m\u00eame soir et de l\u2019interpeller rapidement.\n                            <\/p>\n<p>La m\u00e9thode est ultraviolente. Pendant qu\u2019un des jeunes enregistre, deux autres attendent la victime parfaite pour filmer une agression et la diffuser sur les r\u00e9seaux sociaux. Ce mardi en fin d\u2019apr\u00e8s-midi, \u00e0 la sortie du lyc\u00e9e Rive Gauche \u00e0 Toulouse, le trio rep\u00e8re un \u00e9tudiant de 18 ans qu\u2019ils d\u00e9cident de cibler. Portable en main et cha\u00eene en or autour du cou, le gar\u00e7on pense regagner tranquillement son domicile lorsqu\u2019il est abord\u00e9. D\u2019abord menac\u00e9, puis frapp\u00e9, il se rebelle pour ne pas donner son smartphone et ses bijoux. Une pluie de coups finit par le faire chuter, permettant aux agresseurs de s\u2019enfuir en courant. Quelques minutes apr\u00e8s les faits, alors que la victime est toujours au sol, l\u2019un des assaillants revient pour s\u2019acharner sur elle sous le regard de t\u00e9moins impuissants. L\u2019un des observateurs filme toute la sc\u00e8ne sans intervenir, un geste qui s\u2019av\u00e9rera d\u00e9terminant pour l\u2019enqu\u00eate.<\/p>\n<p class=\"std-elt__inline\">\n        <strong>\u00c0 lire aussi :<\/strong><br \/>\n        <a href=\"https:\/\/www.ladepeche.fr\/2025\/11\/27\/agression-sexuelle-dans-le-metro-de-toulouse-un-homme-condamne-pour-avoir-touche-une-etudiante-13075854.php\" target=\"_blank\" rel=\"noopener\">Agression sexuelle dans le m\u00e9tro de Toulouse\u00a0: un homme condamn\u00e9 pour avoir touch\u00e9 une \u00e9tudiante<\/a>\n    <\/p>\n<p>Une vid\u00e9o qui change tout<\/p>\n<p>En fin d\u2019apr\u00e8s-midi, le lyc\u00e9en toujours tr\u00e8s marqu\u00e9 au visage se pr\u00e9sente au commissariat de Bellefontaine pour d\u00e9poser plainte. Il d\u00e9crit les faits et fournit la vid\u00e9o. Ces images attirent imm\u00e9diatement l\u2019attention d\u2019un enqu\u00eateur, selon une source polici\u00e8re. Ce policier conna\u00eet parfaitement le visage apparu sur l\u2019\u00e9cran du smartphone\u00a0: il vient tout juste d\u2019arr\u00eater ce suspect pour une agression similaire commise \u00e0 la station de m\u00e9tro des Ar\u00e8nes peu apr\u00e8s 19\u00a0heures. Lors de ce second \u00e9pisode, ils ont attaqu\u00e9 le passager d\u2019un bus pour lui d\u00e9rober sa casquette. La police est rapidement intervenue et a pu appr\u00e9hender l\u2019un des trois suspects.<\/p>\n<p class=\"std-elt__inline\">\n        <strong>\u00c0 lire aussi :<\/strong><br \/>\n        <a href=\"https:\/\/www.ladepeche.fr\/2025\/11\/30\/violente-agression-en-centre-ville-de-toulouse-un-homme-roue-de-coups-pour-son-telephone-13082420.php\" target=\"_blank\" rel=\"noopener\">Violente agression en centre-ville de Toulouse\u00a0: un homme rou\u00e9 de coups pour son t\u00e9l\u00e9phone<\/a>\n    <\/p>\n<p>Au cours de son audition, ce mineur de 16 ans a \u00e9t\u00e9 confront\u00e9 aux d\u00e9clarations des deux plaignants. Il \u00e9tait toujours en garde \u00e0 vue ce mercredi, d\u2019apr\u00e8s les premiers \u00e9l\u00e9ments communiqu\u00e9s par les enqu\u00eateurs.<\/p>\n","protected":false},"excerpt":{"rendered":"l&rsquo;essentiel \u00c0 la sortie d\u2019un lyc\u00e9e toulousain, un \u00e9tudiant de 18 ans a \u00e9t\u00e9 violemment agress\u00e9 par trois&hellip;\n","protected":false},"author":2,"featured_media":590881,"comment_status":"","ping_status":"","sticky":false,"template":"","format":"standard","meta":{"footnotes":""},"categories":[2816],"tags":[1111,11,1777,674,118,1011,27,2722,12,2680,25,2312],"class_list":{"0":"post-590880","1":"post","2":"type-post","3":"status-publish","4":"format-standard","5":"has-post-thumbnail","7":"category-toulouse","8":"tag-actu","9":"tag-actualites","10":"tag-eu","11":"tag-europe","12":"tag-faits-divers","13":"tag-fr","14":"tag-france","15":"tag-haute-garonne","16":"tag-news","17":"tag-occitanie","18":"tag-republique-francaise","19":"tag-toulouse"},"share_on_mastodon":{"url":"https:\/\/pubeurope.com\/@fr\/115695814412437289","error":""},"_links":{"self":[{"href":"https:\/\/www.europesays.com\/fr\/wp-json\/wp\/v2\/posts\/590880","targetHints":{"allow":["GET"]}}],"collection":[{"href":"https:\/\/www.europesays.com\/fr\/wp-json\/wp\/v2\/posts"}],"about":[{"href":"https:\/\/www.europesays.com\/fr\/wp-json\/wp\/v2\/types\/post"}],"author":[{"embeddable":true,"href":"https:\/\/www.europesays.com\/fr\/wp-json\/wp\/v2\/users\/2"}],"replies":[{"embeddable":true,"href":"https:\/\/www.europesays.com\/fr\/wp-json\/wp\/v2\/comments?post=590880"}],"version-history":[{"count":0,"href":"https:\/\/www.europesays.com\/fr\/wp-json\/wp\/v2\/posts\/590880\/revisions"}],"wp:featuredmedia":[{"embeddable":true,"href":"https:\/\/www.europesays.com\/fr\/wp-json\/wp\/v2\/media\/590881"}],"wp:attachment":[{"href":"https:\/\/www.europesays.com\/fr\/wp-json\/wp\/v2\/media?parent=590880"}],"wp:term":[{"taxonomy":"category","embeddable":true,"href":"https:\/\/www.europesays.com\/fr\/wp-json\/wp\/v2\/categories?post=590880"},{"taxonomy":"post_tag","embeddable":true,"href":"https:\/\/www.europesays.com\/fr\/wp-json\/wp\/v2\/tags?post=590880"}],"curies":[{"name":"wp","href":"https:\/\/api.w.org\/{rel}","templated":true}]}}