{"id":590886,"date":"2025-12-10T14:48:18","date_gmt":"2025-12-10T14:48:18","guid":{"rendered":"https:\/\/www.europesays.com\/fr\/590886\/"},"modified":"2025-12-10T14:48:18","modified_gmt":"2025-12-10T14:48:18","slug":"50-000-personnes-touchees-dans-les-hauts-de-france-le-chu-de-lille-innove","status":"publish","type":"post","link":"https:\/\/www.europesays.com\/fr\/590886\/","title":{"rendered":"50 000 personnes touch\u00e9es dans les Hauts-de-France, le CHU de Lille innove"},"content":{"rendered":"<p>                    Par<br \/>\n        <strong><br \/>\n            <a href=\"https:\/\/actu.fr\/auteur\/nicolas-demollien\" title=\"Consulter tous les articles de Nicolas Demollien\" target=\"_blank\" rel=\"noopener\">Nicolas Demollien<\/a><br \/>\n                    <\/strong><\/p>\n<p>        Publi\u00e9 le<\/p>\n<p>            10 d\u00e9c. 2025 \u00e0 15h46        <\/p>\n<p>\u00ab\u00a0La <b>d\u00e9pression<\/b> est une maladie qui touche environ <b>8 % de la population fran\u00e7aise<\/b>. Parmi les personnes concern\u00e9es, <b>15 \u00e0 30 % pr\u00e9sentent une<\/b> <b>d\u00e9pression r\u00e9sistante<\/b>, soit au <b>moins 50 000 personnes pour la seule r\u00e9gion<\/b> des <a href=\"https:\/\/actu.fr\/hauts-de-france\/\" target=\"_blank\" rel=\"noopener\">Hauts-de-France<\/a>\u00ab\u00a0, assure le <a href=\"https:\/\/actu.fr\/tag\/chu-de-lille\" target=\"_blank\" rel=\"noopener\">CHU de Lille<\/a> (Nord). Pour lutter efficacement contre se mal, l\u2019\u00e9tablissement vient d\u2019investir dans un <b>plateau technique d\u00e9di\u00e9 \u00e0 son traitement <\/b>par \u00e9lectro-convulsivoth\u00e9rapie (ECT). Explications.<\/p>\n<p>Le CHU de Lille investit dans le traitement de la d\u00e9pression r\u00e9sistante<\/p>\n<p data-end=\"1111\" class=\" wall-content\">Ouverte depuis juillet 2025, l\u2019<b>unit\u00e9 HEMERA<\/b> (Hospitalisation d\u2019\u00c9valuation et de Modulation c\u00e9r\u00e9brale de Recours Ambulatoire) propose ainsi ces soins pour les patients souffrant de troubles de l\u2019humeur r\u00e9sistants et complexes au sein de l\u2019<a href=\"https:\/\/www.chu-lille.fr\/hopital-fontan-1\/\" target=\"_blank\" rel=\"noopener\">h\u00f4pital Fontan<\/a>. \u00ab\u00a0Cette offre s\u2019adresse aussi bien \u00e0 des patients en hospitalisation ambulatoire qu\u2019\u00e0 des patients admis dans le cadre d\u2019une hospitalisation compl\u00e8te\u00a0\u00bb, pr\u00e9cise-t-on du c\u00f4t\u00e9 du CHU.<\/p>\n<p data-end=\"1218\" class=\" wall-content\">Et d\u2019assurer que ces traitements ont d\u00e9montr\u00e9 une efficacit\u00e9 importante, notamment chez des patients en \u00e9chec th\u00e9rapeutique.<\/p>\n<p data-end=\"1218\" class=\" wall-content\">\u00ab\u00a0Elle permet une am\u00e9lioration rapide des <b>sympt\u00f4mes d\u00e9pressifs, psychotiques et catatoniques<\/b>, avec des taux de r\u00e9ponse et de r\u00e9mission \u00e9lev\u00e9s\u00a0\u00bb.<\/p>\n<p>Comment fonctionne l\u2019\u00e9lectro-convulsivoth\u00e9rapie ?<\/p>\n<p data-end=\"1218\" class=\" wall-content\">L\u2019ECT consiste \u00e0 d\u00e9livrer un stimulus \u00e9lectrique \u00e0 travers le cerveau pour provoquer une br\u00e8ve crise convulsive contr\u00f4l\u00e9e dans sa forme, son intensit\u00e9 et sa dur\u00e9e. \u00ab\u00a0R\u00e9alis\u00e9e sous anesth\u00e9sie g\u00e9n\u00e9rale de quelques minutes, elle demeure le <b>traitement le plus indiqu\u00e9 pour la d\u00e9pression r\u00e9sistante<\/b>\u00ab\u00a0, indique le CHU. Mais jusqu\u2019\u00e0 pr\u00e9sent, son acc\u00e8s restait limit\u00e9 en Hauts-de-France, faute de places suffisantes au regard des besoins.<\/p>\n<p data-end=\"2447\" class=\" wall-content\">L\u2019unit\u00e9 HEMERA a ainsi pour ambition d\u2019\u00e9largir cette offre de soins, en passant de huit s\u00e9ances possibles par semaine \u00e0 plus de 40 s\u00e9ances dans les nouveaux locaux, permettant la prise en charge de 12 \u00e0 16 patients trois jours par semaine). <b data-end=\"2521\"\/><\/p>\n<p>Votre r\u00e9gion, votre actu !<\/p>\n<p>Recevez chaque jour les infos qui comptent pour vous.<\/p>\n<p>\t<a href=\"https:\/\/actu.fr\/newsletter\" class=\"ac-btn ac-btn--corner ac-btn--medium ac-btn--blue800\" target=\"_blank\" rel=\"noopener\">S&rsquo;incrire<\/a><\/p>\n<p data-end=\"3066\" class=\" wall-content\">Au-del\u00e0 du traitement de la d\u00e9pression r\u00e9sistante, cette unit\u00e9 propose \u00e9galement la <b>prise en charge de patients souffrant de troubles du sommeil<\/b> associ\u00e9s \u00e0 des affections psychiatriques, accueillis en hospitalisation de jour.<\/p>\n<p data-end=\"3066\" class=\" wall-content\">\u00ab\u00a0Elle offre aussi une prise en charge des troubles de l\u2019humeur, incluant une \u00e9valuation clinique compl\u00e8te, des techniques de stimulation c\u00e9r\u00e9brale non invasives, ainsi que l<b>\u2018utilisation de traitements pharmacologiques innovants<\/b> sous surveillance, tels que l\u2019esk\u00e9tamine intranasale\u00a0\u00bb, pr\u00e9cise le CHU.<\/p>\n<p>Des locaux flambant neufs<\/p>\n<p data-end=\"3689\" class=\" wall-content\">Install\u00e9e dans des locaux spacieux et lumineux comprenant un plateau technique, des bureaux de consultation, une salle de r\u00e9union et du mat\u00e9riel biom\u00e9dical neuf, la nouvelle unit\u00e9 am\u00e9liore la prise en charge des patients mais aussi les conditions de travail des professionnels, \u00ab\u00a0qui ont \u00e9t\u00e9 consult\u00e9s lors de l\u2019am\u00e9nagement\u00a0\u00bb, insiste l\u2019\u00e9tablissement.<\/p>\n<p data-end=\"3689\" class=\" wall-content\">Et de poursuivre : \u00ab\u00a0le dispositif permet \u00e9galement de d\u00e9velopper la formation dans le domaine de l\u2019ECT, en l\u2019ouvrant aux professionnels param\u00e9dicaux et en renfor\u00e7ant le tutorat assur\u00e9 par des infirmiers exp\u00e9riment\u00e9s.<\/p>\n<p data-end=\"3896\" class=\" wall-content\">Le montant total des travaux de conception de cette nouvelle unit\u00e9 s\u2019\u00e9l\u00e8ve \u00e0 930 000 euros.<\/p>\n<p class=\" wall-content\">Personnalisez votre actualit\u00e9 en ajoutant vos villes et m\u00e9dias en favori avec <a href=\"https:\/\/moncompte.actu.fr\" title=\"D\u00e9couvez Mon Actu\" rel=\"nofollow noopener\" data-trk=\"{&quot;cta&quot;:{&quot;action&quot;:&quot;https:\\\/\\\/moncompte.actu.fr&quot;,&quot;category&quot;:&quot;mon compte&quot;,&quot;from&quot;:&quot;article footer&quot;,&quot;name&quot;:&quot;Mon actu&quot;,&quot;type&quot;:&quot;cta&quot;}}\" target=\"_blank\">Mon Actu<\/a>.<\/p>\n","protected":false},"excerpt":{"rendered":"Par Nicolas Demollien Publi\u00e9 le 10 d\u00e9c. 2025 \u00e0 15h46 \u00ab\u00a0La d\u00e9pression est une maladie qui touche environ&hellip;\n","protected":false},"author":2,"featured_media":590887,"comment_status":"","ping_status":"","sticky":false,"template":"","format":"standard","meta":{"footnotes":""},"categories":[2815],"tags":[1111,11,25689,1777,674,1011,27,811,1307,12,25,71,104],"class_list":{"0":"post-590886","1":"post","2":"type-post","3":"status-publish","4":"format-standard","5":"has-post-thumbnail","7":"category-lille","8":"tag-actu","9":"tag-actualites","10":"tag-chu-de-lille","11":"tag-eu","12":"tag-europe","13":"tag-fr","14":"tag-france","15":"tag-hauts-de-france","16":"tag-lille","17":"tag-news","18":"tag-republique-francaise","19":"tag-sante","20":"tag-societe"},"share_on_mastodon":{"url":"https:\/\/pubeurope.com\/@fr\/115695826041972534","error":""},"_links":{"self":[{"href":"https:\/\/www.europesays.com\/fr\/wp-json\/wp\/v2\/posts\/590886","targetHints":{"allow":["GET"]}}],"collection":[{"href":"https:\/\/www.europesays.com\/fr\/wp-json\/wp\/v2\/posts"}],"about":[{"href":"https:\/\/www.europesays.com\/fr\/wp-json\/wp\/v2\/types\/post"}],"author":[{"embeddable":true,"href":"https:\/\/www.europesays.com\/fr\/wp-json\/wp\/v2\/users\/2"}],"replies":[{"embeddable":true,"href":"https:\/\/www.europesays.com\/fr\/wp-json\/wp\/v2\/comments?post=590886"}],"version-history":[{"count":0,"href":"https:\/\/www.europesays.com\/fr\/wp-json\/wp\/v2\/posts\/590886\/revisions"}],"wp:featuredmedia":[{"embeddable":true,"href":"https:\/\/www.europesays.com\/fr\/wp-json\/wp\/v2\/media\/590887"}],"wp:attachment":[{"href":"https:\/\/www.europesays.com\/fr\/wp-json\/wp\/v2\/media?parent=590886"}],"wp:term":[{"taxonomy":"category","embeddable":true,"href":"https:\/\/www.europesays.com\/fr\/wp-json\/wp\/v2\/categories?post=590886"},{"taxonomy":"post_tag","embeddable":true,"href":"https:\/\/www.europesays.com\/fr\/wp-json\/wp\/v2\/tags?post=590886"}],"curies":[{"name":"wp","href":"https:\/\/api.w.org\/{rel}","templated":true}]}}