{"id":590890,"date":"2025-12-10T14:50:15","date_gmt":"2025-12-10T14:50:15","guid":{"rendered":"https:\/\/www.europesays.com\/fr\/590890\/"},"modified":"2025-12-10T14:50:15","modified_gmt":"2025-12-10T14:50:15","slug":"5-000-controles-80-gardes-a-vue-le-bilan-de-la-vaste-operation-policiere-menee-mardi","status":"publish","type":"post","link":"https:\/\/www.europesays.com\/fr\/590890\/","title":{"rendered":"5.000 contr\u00f4les, 80 gardes \u00e0 vue\u2026 Le bilan de la vaste op\u00e9ration polici\u00e8re men\u00e9e mardi"},"content":{"rendered":"<p>Ils se sont <a href=\"https:\/\/www.20minutes.fr\/faits_divers\/faits-divers-marseille\/4190629-20251209-narcotrafic-marseille-vaste-operation-mobilise-1-500-agents-vise-15-points-deal-jour\" class=\"c-link c-link--is-underlined\" target=\"_blank\" rel=\"noopener\">d\u00e9ploy\u00e9s en nombre d\u00e8s la mi-journ\u00e9e et sont rest\u00e9s \u00e0 l\u2019\u0153uvre jusqu\u2019\u00e0 tard le soir<\/a>. Environ 1.500 policiers ont conduit ce mardi \u00e0 <a href=\"https:\/\/www.20minutes.fr\/marseille\/\" class=\"c-link c-link--is-underlined\" target=\"_blank\" rel=\"noopener\">Marseille <\/a>une vaste op\u00e9ration de lutte contre le <a href=\"https:\/\/www.20minutes.fr\/dossier\/narcotrafiquants\" class=\"c-link c-link--is-underlined\" target=\"_blank\" rel=\"noopener\">narcotrafic<\/a>, investissant une quinzaine de points de <a href=\"https:\/\/www.20minutes.fr\/dossier\/dealer\" class=\"c-link c-link--is-underlined\" target=\"_blank\" rel=\"noopener\">deal<\/a> et multipliant les contr\u00f4les, routiers et pi\u00e9tons, aux abords.<\/p>\n<p>Selon un bilan d\u00e9finitif de cette op\u00e9ration communiqu\u00e9 par la pr\u00e9fecture de police, pr\u00e8s de 5.000 personnes ont \u00e9t\u00e9 contr\u00f4l\u00e9es et 114 interpell\u00e9es, pour 84 gardes \u00e0 vue.<\/p>\n<\/p>\n<p>Les policiers ont mis la main sur 7\u00a0kg de r\u00e9sine de cannabis, sanctionn\u00e9s 10 conduites apr\u00e8s usage de stup\u00e9fiants et 61 amendes forfaitaires d\u00e9lictuelles pour consommation de stup\u00e9fiants. Le pr\u00e9fet a prononc\u00e9 <a href=\"https:\/\/www.20minutes.fr\/justice\/4179436-20251022-interdictions-paraitre-points-deal-elles-efficaces\" class=\"c-link c-link--is-underlined\" target=\"_blank\" rel=\"noopener\">33 interdictions administratives de para\u00eetre<\/a>.<\/p>\n<p>En plus de potentiels trafiquants et consommateurs, cette op\u00e9ration a \u00e9galement cibl\u00e9 des commerces o\u00f9 118\u00a0kg de tabac de contrebande ont \u00e9t\u00e9 saisis, une arme de poing neutralis\u00e9e et 2 demandes de fermeture administrative effectu\u00e9es pour 10 infractions relev\u00e9es. Ces pilonnages en r\u00e8gle permettent \u00e9galement de d\u00e9stabiliser les narcotrafiquants, mettant momentan\u00e9ment \u00e0 l\u2019arr\u00eat leur commerce sur zone, rappellent les autorit\u00e9s.<\/p>\n","protected":false},"excerpt":{"rendered":"Ils se sont d\u00e9ploy\u00e9s en nombre d\u00e8s la mi-journ\u00e9e et sont rest\u00e9s \u00e0 l\u2019\u0153uvre jusqu\u2019\u00e0 tard le soir.&hellip;\n","protected":false},"author":2,"featured_media":590891,"comment_status":"","ping_status":"","sticky":false,"template":"","format":"standard","meta":{"footnotes":""},"categories":[2814],"tags":[1111,47,11,885,3675,3993,1052,1777,674,118,7505,1011,27,884,813,12,883,1072,882,33962,25,887],"class_list":{"0":"post-590890","1":"post","2":"type-post","3":"status-publish","4":"format-standard","5":"has-post-thumbnail","7":"category-marseille","8":"tag-actu","9":"tag-actualite","10":"tag-actualites","11":"tag-bouches-du-rhone","12":"tag-cannabis","13":"tag-cocaine","14":"tag-drogue","15":"tag-eu","16":"tag-europe","17":"tag-faits-divers","18":"tag-faits-divers-marseille","19":"tag-fr","20":"tag-france","21":"tag-marseille","22":"tag-narcotrafiquants","23":"tag-news","24":"tag-paca","25":"tag-police","26":"tag-provence-alpes-cote-dazur","27":"tag-quartiers-nord-de-marseille","28":"tag-republique-francaise","29":"tag-trafic-de-drogue"},"share_on_mastodon":{"url":"https:\/\/pubeurope.com\/@fr\/115695833933898278","error":""},"_links":{"self":[{"href":"https:\/\/www.europesays.com\/fr\/wp-json\/wp\/v2\/posts\/590890","targetHints":{"allow":["GET"]}}],"collection":[{"href":"https:\/\/www.europesays.com\/fr\/wp-json\/wp\/v2\/posts"}],"about":[{"href":"https:\/\/www.europesays.com\/fr\/wp-json\/wp\/v2\/types\/post"}],"author":[{"embeddable":true,"href":"https:\/\/www.europesays.com\/fr\/wp-json\/wp\/v2\/users\/2"}],"replies":[{"embeddable":true,"href":"https:\/\/www.europesays.com\/fr\/wp-json\/wp\/v2\/comments?post=590890"}],"version-history":[{"count":0,"href":"https:\/\/www.europesays.com\/fr\/wp-json\/wp\/v2\/posts\/590890\/revisions"}],"wp:featuredmedia":[{"embeddable":true,"href":"https:\/\/www.europesays.com\/fr\/wp-json\/wp\/v2\/media\/590891"}],"wp:attachment":[{"href":"https:\/\/www.europesays.com\/fr\/wp-json\/wp\/v2\/media?parent=590890"}],"wp:term":[{"taxonomy":"category","embeddable":true,"href":"https:\/\/www.europesays.com\/fr\/wp-json\/wp\/v2\/categories?post=590890"},{"taxonomy":"post_tag","embeddable":true,"href":"https:\/\/www.europesays.com\/fr\/wp-json\/wp\/v2\/tags?post=590890"}],"curies":[{"name":"wp","href":"https:\/\/api.w.org\/{rel}","templated":true}]}}