{"id":590892,"date":"2025-12-10T14:51:30","date_gmt":"2025-12-10T14:51:30","guid":{"rendered":"https:\/\/www.europesays.com\/fr\/590892\/"},"modified":"2025-12-10T14:51:30","modified_gmt":"2025-12-10T14:51:30","slug":"10eme-edition-de-levenement-caritatif-on-buche-pour-eux","status":"publish","type":"post","link":"https:\/\/www.europesays.com\/fr\/590892\/","title":{"rendered":"10\u00e8me \u00e9dition de l&rsquo;\u00e9v\u00e9nement caritatif \u00ab\u00a0On buche pour eux\u00a0\u00bb"},"content":{"rendered":"<p>Rendez-vous samedi 20 d\u00e9cembre 2025 de 10h \u00e0 20h, place de la R\u00e9publique \u00e0 Lyon.<\/p>\n<p>Depuis 2017, le chef Fabrice Bonnot, chef du restaurant Cuisine et D\u00e9pendances, entour\u00e9 des deux chefs Didier Cayon et Didier Dessert et accompagn\u00e9 de jeunes b\u00e9n\u00e9voles passionn\u00e9s et d&rsquo;un collectif de chefs professionnels, donne vie \u00e0 une initiative caritative unique en son genre : \u201cOn B\u00fbche pour Eux\u201d, un \u00e9v\u00e9nement au profit des enfants malades du Centre L\u00e9on B\u00e9rard de Lyon.<\/p>\n<p>Une B\u00fbche de No\u00ebl pour Soutenir une Bonne Cause<\/p>\n<p>Chaque ann\u00e9e, une grande et savoureuse b\u00fbche de No\u00ebl est confectionn\u00e9e avec passion et soin. Les parts sont propos\u00e9es au prix de 3,50 \u20ac, une opportunit\u00e9 d&rsquo;associer plaisir et solidarit\u00e9 en plein c\u0153ur de l&rsquo;hiver.<\/p>\n<p>Les Objectifs Solidaires de l&rsquo;\u00c9v\u00e9nement<\/p>\n<p>L&rsquo;int\u00e9gralit\u00e9 des b\u00e9n\u00e9fices sera d\u00e9di\u00e9e \u00e0 des actions essentielles pour les enfants et leurs familles :<br \/>&#8211; Accompagnement psychologique des familles endeuill\u00e9es,<br \/>&#8211; Fourniture de layettes, tablettes et jouets pour maintenir le lien avec leurs proches,<br \/>&#8211; Cr\u00e9ation de moments de r\u00e9confort pour ceux qui en ont besoin.<\/p>\n<p>Avec la pr\u00e9sence du Chef Lyonnais <a class=\"url\" href=\"https:\/\/www.instagram.com\/fabricebonnot\/\" target=\"_blank\" rel=\"noopener\">Fabrice Bonnot<\/a>, fondateur de l&rsquo;association \u00ab\u00a0Envie d&rsquo;un sourire\u00a0\u00bb, <a class=\"url\" href=\"https:\/\/www.instagram.com\/carinneteyssandier\/?hl=fr\" target=\"_blank\" rel=\"noopener\">Carinne Teyssandier<\/a>, animatrice TV et sur Radio SCOOP entre 10h et 13h dans la SCOOP Family avec Eric, marraine de l&rsquo;\u00e9v\u00e9nement pour la 7\u00e8me ann\u00e9e cons\u00e9cutive, animera l&rsquo;\u00e9v\u00e9nement aux c\u00f4t\u00e9s du Chef pour dynamiser les ventes, dont tous les b\u00e9n\u00e9fices seront int\u00e9gralement revers\u00e9s \u00e0 l&rsquo;IHOP Lyon (Institut d&rsquo;h\u00e9matologie et d&rsquo;oncologie p\u00e9diatrique).<\/p>\n<tr>\n<td class=\"defaut\"><a href=\"https:\/\/www.radioscoop.com\/agenda\/javascript:void(0)\" onclick=\"parent.RS.diaporama.addMedia(625925) ;\" target=\"_blank\" rel=\"noopener\"><img loading=\"lazy\" decoding=\"async\" src=\"https:\/\/www.europesays.com\/fr\/wp-content\/uploads\/2025\/12\/1765378290_792_img\" width=\"640\" height=\"377\" border=\"0\" title=\"On buche pour eux\"\/><\/a><\/td>\n<\/tr>\n<p>Pour participer \u00e0 cette mobilisation exceptionnelle, commandez votre part sur la plateforme en ligne.<\/p>\n<p>Joignez-vous \u00e0 nous pour faire de cette journ\u00e9e une c\u00e9l\u00e9bration de la solidarit\u00e9, de la musique et de la g\u00e9n\u00e9rosit\u00e9.<\/p>\n<p>Rendez-vous samedi 20 d\u00e9cembre 2025 de 10h \u00e0 20h, place de la R\u00e9publique \u00e0 Lyon<\/p>\n<p>Plus d&rsquo;infos sur le site <a class=\"url\" href=\"http:\/\/www.envie-dun-sourire.com\/on-buche-pour-eux\/\" target=\"_blank\" rel=\"noopener\">envie-dun-sourire.com<\/a><\/p>\n<p>Infos pratiques : <br \/>&#8211; Horaires : De 10h \u00e0 20h<br \/>&#8211; Lieu : Place de la R\u00e9publique, Lyon<br \/>&#8211; Ambiance festive garantie : Avec le <b>SCOOP Live<\/b>, d\u00e8s 15h, pour rythmer l&rsquo;apr\u00e8s-midi en musique !<\/p>\n<p>Radio SCOOP est partenaire de cet \u00e9v\u00e8nement<\/p>\n<p>\n<script async src=\"\/\/www.instagram.com\/embed.js\"><\/script><\/p>\n","protected":false},"excerpt":{"rendered":"Rendez-vous samedi 20 d\u00e9cembre 2025 de 10h \u00e0 20h, place de la R\u00e9publique \u00e0 Lyon. Depuis 2017, le&hellip;\n","protected":false},"author":2,"featured_media":590893,"comment_status":"","ping_status":"","sticky":false,"template":"","format":"standard","meta":{"footnotes":""},"categories":[1889],"tags":[1111,11,2430,15089,70418,70420,70419,67141,1777,674,15807,1011,27,2428,12,15830,70421,3092,16338,25,16479,7618],"class_list":{"0":"post-590892","1":"post","2":"type-post","3":"status-publish","4":"format-standard","5":"has-post-thumbnail","7":"category-lyon","8":"tag-actu","9":"tag-actualites","10":"tag-auvergne-rhone-alpes","11":"tag-benevoles","12":"tag-buche","13":"tag-carine-teyssandier","14":"tag-centre-leon-berard-buche-de-noel","15":"tag-envie-dun-sourire","16":"tag-eu","17":"tag-europe","18":"tag-fabrice-bonnot","19":"tag-fr","20":"tag-france","21":"tag-lyon","22":"tag-news","23":"tag-noel","24":"tag-on-buche-pour-eux","25":"tag-place-de-la-republique","26":"tag-radio-scoop","27":"tag-republique-francaise","28":"tag-solidarit","29":"tag-soutien"},"share_on_mastodon":{"url":"https:\/\/pubeurope.com\/@fr\/115695838815982494","error":""},"_links":{"self":[{"href":"https:\/\/www.europesays.com\/fr\/wp-json\/wp\/v2\/posts\/590892","targetHints":{"allow":["GET"]}}],"collection":[{"href":"https:\/\/www.europesays.com\/fr\/wp-json\/wp\/v2\/posts"}],"about":[{"href":"https:\/\/www.europesays.com\/fr\/wp-json\/wp\/v2\/types\/post"}],"author":[{"embeddable":true,"href":"https:\/\/www.europesays.com\/fr\/wp-json\/wp\/v2\/users\/2"}],"replies":[{"embeddable":true,"href":"https:\/\/www.europesays.com\/fr\/wp-json\/wp\/v2\/comments?post=590892"}],"version-history":[{"count":0,"href":"https:\/\/www.europesays.com\/fr\/wp-json\/wp\/v2\/posts\/590892\/revisions"}],"wp:featuredmedia":[{"embeddable":true,"href":"https:\/\/www.europesays.com\/fr\/wp-json\/wp\/v2\/media\/590893"}],"wp:attachment":[{"href":"https:\/\/www.europesays.com\/fr\/wp-json\/wp\/v2\/media?parent=590892"}],"wp:term":[{"taxonomy":"category","embeddable":true,"href":"https:\/\/www.europesays.com\/fr\/wp-json\/wp\/v2\/categories?post=590892"},{"taxonomy":"post_tag","embeddable":true,"href":"https:\/\/www.europesays.com\/fr\/wp-json\/wp\/v2\/tags?post=590892"}],"curies":[{"name":"wp","href":"https:\/\/api.w.org\/{rel}","templated":true}]}}