{"id":590894,"date":"2025-12-10T14:52:23","date_gmt":"2025-12-10T14:52:23","guid":{"rendered":"https:\/\/www.europesays.com\/fr\/590894\/"},"modified":"2025-12-10T14:52:23","modified_gmt":"2025-12-10T14:52:23","slug":"la-ville-de-lyon-bloque-une-conference-en-presence-de-salah-hamouri-pour-le-lyon-antifa-fest","status":"publish","type":"post","link":"https:\/\/www.europesays.com\/fr\/590894\/","title":{"rendered":"La Ville de Lyon bloque une conf\u00e9rence en pr\u00e9sence de Salah Hamouri\u00a0pour le Lyon Antifa Fest"},"content":{"rendered":"<p itemprop=\"description\"><strong>la Ville bloque l\u2019\u00e9v\u00e9nement au dernier moment.<\/strong><\/p>\n<p>La Ville de Lyon a d\u00e9cid\u00e9 d\u2019interdire la conf\u00e9rence intitul\u00e9e\u00a0\u00ab\u00a0La Palestine, notre boussole anti-fasciste\u00a0\u00bb, programm\u00e9e ce mercredi 10 d\u00e9cembre au sein de l\u2019Atelier des Canulars, dans le 7\u1d49 arrondissement. L\u2019\u00e9v\u00e9nement devait accueillir Salah Hamouri, avocat et militant franco-palestinien, ainsi qu\u2019une journaliste ind\u00e9pendante annonc\u00e9e comme invit\u00e9e surprise.<\/p>\n<p>Dans son arr\u00eat\u00e9, la municipalit\u00e9 rappelle qu\u2019un pr\u00e9c\u00e9dent rassemblement li\u00e9 \u00e0 une conf\u00e9rence programm\u00e9e le\u00a018 novembre 2024\u00a0avait d\u00e9g\u00e9n\u00e9r\u00e9. Ce jour-l\u00e0, un appel lanc\u00e9 par le collectif Urgence Palestine Lyon \u2014 coorganisateur de la soir\u00e9e de ce 10 d\u00e9cembre \u2014 \u00ab\u00a0avait conduit \u00e0 une d\u00e9ambulation sauvage r\u00e9unissant 150 personnes\u00a0\u00bb, note le document. Les participants avaient scand\u00e9 \u00ab\u00a0des slogans anti-isra\u00e9liens, des invectives et insultes raciales,\u00a0\u00bb provoquant aussi \u00ab\u00a0des d\u00e9gradations sur des b\u00e2timents et du mobilier urbain.\u00a0\u00bb<\/p>\n<p>Les services de s\u00e9curit\u00e9 de la pr\u00e9fecture jugent ainsi \u00ab\u00a0tr\u00e8s s\u00e9rieuse\u00a0\u00bb, selon le progr\u00e8s, la possibilit\u00e9 de nouvelles tensions \u00ab\u00a0en marge de la conf\u00e9rence tant \u00e0 l\u2019int\u00e9rieur qu\u2019\u00e0 l\u2019ext\u00e9rieur de l\u2019enceinte\u00a0\u00bb, d\u2019autant plus que l\u2019arr\u00eat\u00e9 \u00e9voque un \u00ab\u00a0contexte d\u2019augmentation significative d\u2019actes antis\u00e9mites sur le territoire.\u00a0\u00bb<\/p>\n<p>La Ville souligne \u00e9galement que les conditions d\u2019accueil du public \u00e0 l\u2019Atelier des Canulars ne permettent pas de respecter les r\u00e8gles de s\u00e9curit\u00e9 en vigueur. Le texte enjoint donc au responsable du lieu \u00ab\u00a0d\u2019interdire l\u2019acc\u00e8s de son \u00e9tablissement au public\u00a0\u00bb d\u00e8s la notification de l\u2019arr\u00eat\u00e9.<\/p>\n<p>Cette interdiction n\u2019est pas une premi\u00e8re \u00e0 Lyon concernant Salah Hamouri. D\u00e9j\u00e0 en d\u00e9cembre 2024, la pr\u00e9fecture avait stopp\u00e9 une conf\u00e9rence o\u00f9 il devait intervenir. En juin 2023, un arr\u00eat\u00e9 municipal similaire avait \u00e9t\u00e9 annul\u00e9 par le tribunal administratif. Et en janvier 2023, la Ville l\u2019avait elle-m\u00eame invit\u00e9\u2026 avant de finalement renoncer.<\/p>\n<p>Condamn\u00e9 en 2008 par la justice isra\u00e9lienne pour avoir particip\u00e9 \u00e0 un projet d\u2019assassinat \u2014 des faits qu\u2019il conteste \u2014 Salah Hamouri a \u00e9t\u00e9 expuls\u00e9 par l&rsquo;\u00c9tat h\u00e9breu en 2022.<\/p>\n","protected":false},"excerpt":{"rendered":"la Ville bloque l\u2019\u00e9v\u00e9nement au dernier moment. La Ville de Lyon a d\u00e9cid\u00e9 d\u2019interdire la conf\u00e9rence intitul\u00e9e\u00a0\u00ab\u00a0La Palestine,&hellip;\n","protected":false},"author":2,"featured_media":590895,"comment_status":"","ping_status":"","sticky":false,"template":"","format":"standard","meta":{"footnotes":""},"categories":[1889],"tags":[1111,11,2813,2190,2430,1109,251,1112,2811,1777,674,118,1011,27,1922,1110,1114,2428,2810,12,241,316,25,2812,517,800],"class_list":{"0":"post-590894","1":"post","2":"type-post","3":"status-publish","4":"format-standard","5":"has-post-thumbnail","7":"category-lyon","8":"tag-actu","9":"tag-actualites","10":"tag-article","11":"tag-asvel","12":"tag-auvergne-rhone-alpes","13":"tag-breves","14":"tag-culture","15":"tag-depeches","16":"tag-economique","17":"tag-eu","18":"tag-europe","19":"tag-faits-divers","20":"tag-fr","21":"tag-france","22":"tag-info","23":"tag-informations","24":"tag-infos","25":"tag-lyon","26":"tag-lyonmag","27":"tag-news","28":"tag-ol","29":"tag-politique","30":"tag-republique-francaise","31":"tag-sociale","32":"tag-sport","33":"tag-transports"},"share_on_mastodon":{"url":"https:\/\/pubeurope.com\/@fr\/115695841665536601","error":""},"_links":{"self":[{"href":"https:\/\/www.europesays.com\/fr\/wp-json\/wp\/v2\/posts\/590894","targetHints":{"allow":["GET"]}}],"collection":[{"href":"https:\/\/www.europesays.com\/fr\/wp-json\/wp\/v2\/posts"}],"about":[{"href":"https:\/\/www.europesays.com\/fr\/wp-json\/wp\/v2\/types\/post"}],"author":[{"embeddable":true,"href":"https:\/\/www.europesays.com\/fr\/wp-json\/wp\/v2\/users\/2"}],"replies":[{"embeddable":true,"href":"https:\/\/www.europesays.com\/fr\/wp-json\/wp\/v2\/comments?post=590894"}],"version-history":[{"count":0,"href":"https:\/\/www.europesays.com\/fr\/wp-json\/wp\/v2\/posts\/590894\/revisions"}],"wp:featuredmedia":[{"embeddable":true,"href":"https:\/\/www.europesays.com\/fr\/wp-json\/wp\/v2\/media\/590895"}],"wp:attachment":[{"href":"https:\/\/www.europesays.com\/fr\/wp-json\/wp\/v2\/media?parent=590894"}],"wp:term":[{"taxonomy":"category","embeddable":true,"href":"https:\/\/www.europesays.com\/fr\/wp-json\/wp\/v2\/categories?post=590894"},{"taxonomy":"post_tag","embeddable":true,"href":"https:\/\/www.europesays.com\/fr\/wp-json\/wp\/v2\/tags?post=590894"}],"curies":[{"name":"wp","href":"https:\/\/api.w.org\/{rel}","templated":true}]}}