{"id":590898,"date":"2025-12-10T14:55:26","date_gmt":"2025-12-10T14:55:26","guid":{"rendered":"https:\/\/www.europesays.com\/fr\/590898\/"},"modified":"2025-12-10T14:55:26","modified_gmt":"2025-12-10T14:55:26","slug":"enfant-tondu-dans-un-foyer-a-paris-la-defenseure-des-droits-annonce-sauto-saisir-actualites","status":"publish","type":"post","link":"https:\/\/www.europesays.com\/fr\/590898\/","title":{"rendered":"Enfant tondu dans un foyer \u00e0 Paris : la D\u00e9fenseure des droits annonce s&rsquo;auto-saisir : Actualit\u00e9s"},"content":{"rendered":"<p class=\"lead \">La D\u00e9fenseure des droits Claire H\u00e9don a annonc\u00e9 mercredi \u00ab\u00a0s&rsquo;autosaisir\u00a0\u00bb apr\u00e8s la diffusion d&rsquo;une vid\u00e9o montrant un enfant tondu dans un foyer d&rsquo;enfants plac\u00e9s \u00e0 Paris, d\u00e9non\u00e7ant une situation \u00ab\u00a0\u00e9pouvantable\u00a0\u00bb. <\/p>\n<p class=\"lead \">\u00ab\u00a0Nous allons nous autosaisir de cette situation\u00a0\u00bb, a d\u00e9clar\u00e9 sur RMC la cheffe de l&rsquo;autorit\u00e9 ind\u00e9pendante charg\u00e9e de veiller au respect des droits. \u00ab\u00a0Il y a l&rsquo;acte lui m\u00eame qui est effectivement monstrueux, il y a le groupe Whatsapp (sur lequel la vid\u00e9o a \u00e9t\u00e9 diffus\u00e9e, ndlr) avec quasiment personne qui r\u00e9agit sauf une \u00e9ducatrice, on ment \u00e0 la maman, c&rsquo;est toute cette cha\u00eene qui a dysfonctionn\u00e9\u00a0\u00bb.<\/p>\n<p class=\"lead \">Dans une vid\u00e9o r\u00e9v\u00e9l\u00e9e mardi par franceinfo, un enfant appara\u00eet torse nu, assis sur une chaise les bras crois\u00e9s, tandis qu&rsquo;une personne lui rase la t\u00eate \u00e0 l&rsquo;aide d&rsquo;une tondeuse.<\/p>\n<p class=\"lead \">Selon la ville de Paris, ces faits \u00ab\u00a0gravissimes\u00a0\u00bb se sont d\u00e9roul\u00e9s en f\u00e9vrier 2025 au foyer \u00e9ducatif Jenner, g\u00e9r\u00e9 par l&rsquo;association Jean-Coxtet et qui accueille des mineurs et jeunes majeurs plac\u00e9s par l&rsquo;Aide sociale \u00e0 l&rsquo;enfance (ASE) \u00e0 Paris. <\/p>\n<p class=\"lead \">\u00c0 la suite de ces r\u00e9v\u00e9lations, le parquet de Paris a annonc\u00e9 avoir ouvert une enqu\u00eate pour \u00ab\u00a0violences volontaires sur mineur de quinze ans par personne ayant autorit\u00e9\u00a0\u00bb.  <\/p>\n<p class=\"lead \">Autorit\u00e9 administrative ind\u00e9pendante, la D\u00e9fenseure des droits peut \u00eatre directement saisie \u00ab\u00a0par toute personne qui s\u2019estime l\u00e9s\u00e9e dans ses droits et libert\u00e9s\u00a0\u00bb mais peut \u00e9galement se saisir \u00ab\u00a0d\u2019office \u00a0\u00bb chaque fois qu\u2019elle l\u2019estime utile ou n\u00e9cessaire. <\/p>\n<p class=\"lead \">Pour le militant pour les droits des enfants et ancien enfant plac\u00e9 Lyes Louffok, il \u00ab\u00a0faut aller regarder pourquoi cette cha\u00eene de dysfonctionnements n&rsquo;a pas permis \u00e0 ces faits d&rsquo;\u00eatre r\u00e9v\u00e9l\u00e9s beaucoup plus t\u00f4t\u00a0\u00bb.<\/p>\n<p class=\"lead \">\u00ab\u00a0Tout ce qui aurait pu permettre d&rsquo;\u00e9viter ce type de drame n&rsquo;a pas \u00e9t\u00e9 mis en \u0153uvre, je pense \u00e0 l&rsquo;instance nationale de contr\u00f4le ind\u00e9pendante que nous appelons de nos v\u0153ux depuis une dizaine d&rsquo;ann\u00e9es et que nous n&rsquo;avons toujours pas aujourd&rsquo;hui\u00a0\u00bb, a-t-il d\u00e9plor\u00e9. <\/p>\n<p class=\"lead \">\u00ab\u00a0On a des \u00e9tablissements de l&rsquo;aide sociale \u00e0 l&rsquo;enfance, qu&rsquo;ils soient publics ou priv\u00e9s, qui ne sont toujours pas contr\u00f4l\u00e9s \u00e0 ce jour, et c&rsquo;est l\u00e0 o\u00f9 se joue \u00e9videmment un drame humain ph\u00e9nom\u00e9nal\u00a0\u00bb, avec \u00ab\u00a0des enfants en grande souffrance, des professionnels en nombre insuffisant, parfois pas form\u00e9s, parfois pas dipl\u00f4m\u00e9s\u00a0\u00bb.<\/p>\n<p class=\"lead \">\u00ab\u00a0C&rsquo;est inadmissible. Ce sont des enfants qui cherchent protection aupr\u00e8s de la France, qui ont besoin de professionnels solides \u00e0 leurs c\u00f4t\u00e9s\u00a0\u00bb, a-t-il insist\u00e9. <\/p>\n<p class=\"small font-weight-bold text-gray3 \"> publi\u00e9 le 10 d\u00e9cembre \u00e0 13h55, AFP<\/p>\n<p>                             Partager<\/p>\n","protected":false},"excerpt":{"rendered":"La D\u00e9fenseure des droits Claire H\u00e9don a annonc\u00e9 mercredi \u00ab\u00a0s&rsquo;autosaisir\u00a0\u00bb apr\u00e8s la diffusion d&rsquo;une vid\u00e9o montrant un enfant&hellip;\n","protected":false},"author":2,"featured_media":590899,"comment_status":"","ping_status":"","sticky":false,"template":"","format":"standard","meta":{"footnotes":""},"categories":[1888],"tags":[1111,1928,11,1927,2483,19279,1719,1777,674,1011,27,19232,12,1926,626,1925,25],"class_list":{"0":"post-590898","1":"post","2":"type-post","3":"status-publish","4":"format-standard","5":"has-post-thumbnail","7":"category-paris","8":"tag-actu","9":"tag-actu-paris","10":"tag-actualites","11":"tag-actualites-paris","12":"tag-droits","13":"tag-droitshumains","14":"tag-enfants","15":"tag-eu","16":"tag-europe","17":"tag-fr","18":"tag-france","19":"tag-maltraitance","20":"tag-news","21":"tag-news-paris","22":"tag-paris","23":"tag-paris-news","24":"tag-republique-francaise"},"share_on_mastodon":{"url":"https:\/\/pubeurope.com\/@fr\/115695853924225236","error":""},"_links":{"self":[{"href":"https:\/\/www.europesays.com\/fr\/wp-json\/wp\/v2\/posts\/590898","targetHints":{"allow":["GET"]}}],"collection":[{"href":"https:\/\/www.europesays.com\/fr\/wp-json\/wp\/v2\/posts"}],"about":[{"href":"https:\/\/www.europesays.com\/fr\/wp-json\/wp\/v2\/types\/post"}],"author":[{"embeddable":true,"href":"https:\/\/www.europesays.com\/fr\/wp-json\/wp\/v2\/users\/2"}],"replies":[{"embeddable":true,"href":"https:\/\/www.europesays.com\/fr\/wp-json\/wp\/v2\/comments?post=590898"}],"version-history":[{"count":0,"href":"https:\/\/www.europesays.com\/fr\/wp-json\/wp\/v2\/posts\/590898\/revisions"}],"wp:featuredmedia":[{"embeddable":true,"href":"https:\/\/www.europesays.com\/fr\/wp-json\/wp\/v2\/media\/590899"}],"wp:attachment":[{"href":"https:\/\/www.europesays.com\/fr\/wp-json\/wp\/v2\/media?parent=590898"}],"wp:term":[{"taxonomy":"category","embeddable":true,"href":"https:\/\/www.europesays.com\/fr\/wp-json\/wp\/v2\/categories?post=590898"},{"taxonomy":"post_tag","embeddable":true,"href":"https:\/\/www.europesays.com\/fr\/wp-json\/wp\/v2\/tags?post=590898"}],"curies":[{"name":"wp","href":"https:\/\/api.w.org\/{rel}","templated":true}]}}