{"id":590900,"date":"2025-12-10T14:56:27","date_gmt":"2025-12-10T14:56:27","guid":{"rendered":"https:\/\/www.europesays.com\/fr\/590900\/"},"modified":"2025-12-10T14:56:27","modified_gmt":"2025-12-10T14:56:27","slug":"boulevard-suchet-lhotel-particulier-du-duc-et-de-la-duchesse-de-windsor-exiles-a-paris","status":"publish","type":"post","link":"https:\/\/www.europesays.com\/fr\/590900\/","title":{"rendered":"Boulevard Suchet, l&rsquo;h\u00f4tel particulier du duc et de la duchesse de Windsor exil\u00e9s \u00e0 Paris"},"content":{"rendered":"<p><img decoding=\"async\" alt=\"h\u00f4tel particulier maison Windsor boulevard suchet paris\" loading=\"lazy\" class=\"ResponsiveImageContainer-eNxvmU cfBbTk responsive-image__image\"   src=\"https:\/\/www.europesays.com\/fr\/wp-content\/uploads\/2025\/12\/ho%CC%82tel%20particulier%20famille%20Windsor%2024_boulevard_Suchet,_Paris_16e.jpg\"\/>La villa Windsor, dans le bois de Boulogne<\/p>\n<p>Situ\u00e9e au nord du bois de Boulogne, la villa Windsor est occup\u00e9e par le couple de 1953 \u00e0 1986. Elle est d&rsquo;ailleurs mise en lumi\u00e8re dans la cinqui\u00e8me saison de la s\u00e9rie <a href=\"https:\/\/www.admagazine.fr\/architecture\/balade\/diaporama\/10-lieux-incroyables-qui-ont-servi-au-tournage-de-the-crown\/61043\" target=\"_blank\" rel=\"noopener\">The Crown<\/a>.<\/p>\n<p>Une demeure situ\u00e9e sur un terrain de 10 978 m\u00b2<\/p>\n<p>Il faut emprunter la route du Champ d\u2019Entra\u00eenement, dans le XVIe arrondissement de Paris, pour d\u00e9couvrir cet h\u00f4tel particulier de style g\u00e9orgien \u00e9difi\u00e9 par l\u2019architecte Charles-Louis-Roger Bouvard, entre 1928 et 1929. Sur un vaste terrain de 10 978 m\u00b2 dans le bois de Boulogne, la villa Windsor compte un garage et un pavillon de gardien \u00e0 l\u2019entr\u00e9e \u2013 les travaux font partie du plan d\u2019am\u00e9nagement du baron Haussmann qui voulait repenser le <a href=\"https:\/\/www.admagazine.fr\/decoration\/inspiration\/article\/petit-espace-55-m2-en-harmonies-et-perspectives-pres-du-bois-de-boulogne\" target=\"_blank\" rel=\"noopener\">bois de Boulogne<\/a> sur le mod\u00e8le des jardins anglais avec des cascades, des cours d\u2019eaux et de nombreux lacs.<\/p>\n<p><img decoding=\"async\" alt=\"La Villa Windsor un hotel particulier noye dans la verdure a Paris Vogue 1964. La Villa Windsor est situe au nord du...\" loading=\"lazy\" class=\"ResponsiveImageContainer-eNxvmU cfBbTk responsive-image__image\"   src=\"https:\/\/www.europesays.com\/fr\/wp-content\/uploads\/2025\/12\/gettyimages_501927928_jpg_5236_jpeg_315.jpeg\"\/><\/p>\n<p>La Villa Windsor est situ\u00e9e au nord du bois de Boulogne, \u00e0 Paris.<\/p>\n<p>\u00a9 Photo by\u00a0Horst P. Horst\/Cond\u00e9 Nast via Getty Images<\/p>\n<p>Mondanit\u00e9s et r\u00e9ceptions chez le duc et la duchesse<\/p>\n<p>Habitu\u00e9 des mondanit\u00e9s parisiennes et des grandes r\u00e9ceptions, le couple confie la d\u00e9coration des lieux \u00e0 St\u00e9phane Boudin, directeur la maison Jansen, qui avait d\u00e9j\u00e0 repens\u00e9 les appartements priv\u00e9s du duc \u00c9douard VII au <a href=\"https:\/\/www.admagazine.fr\/adactualites\/article\/buckingham-palace-chateau-windsor-maisons-famille-royale-britannique\" target=\"_blank\" rel=\"noopener\">palais de Buckingham<\/a>. Balustrade d\u2019esprit rococo, escalier d\u2019honneur en fer forg\u00e9, plafonds peints de fresques exotiques (en clin d\u2019\u0153il \u00e0 la villa du couple Windsor aux Bahamas), chinoiseries, objets pr\u00e9cieux, salles de bains et marbres et boiseries dans les chambres\u2026 L\u2019opulence est reine dans cette maison qui abrite les soir\u00e9es les plus folles de l\u2019\u00e9poque.<\/p>\n<p>L&rsquo;apr\u00e8s-Windsor : une vente aux ench\u00e8res et un futur mus\u00e9e<\/p>\n<p>Apr\u00e8s la mort du duc en 1972 puis de la duchesse en 1986, l\u2019homme d\u2019affaires \u00e9gyptien Mohamed <a href=\"https:\/\/www.admagazine.fr\/article\/appartement-dodi-al-fayed-dernier-compagnon-lady-diana\" target=\"_blank\" rel=\"noopener\">Al-Fayed<\/a> (propri\u00e9taire du Ritz Paris et du magasin Harrod\u2019s \u00e0 Londres) r\u00e9cup\u00e8re la propri\u00e9t\u00e9. Il d\u00e9cide alors de la restaurer de fond en comble et de se s\u00e9parer de l\u2019ensemble du mobilier acquis par les Windsor en 1997. Sotheby\u2019s dispersera les 40 000 pi\u00e8ces \u00e0 travers 3 200 lots lors d\u2019une vente aux ench\u00e8res d\u2019envergure le 2 mars 1998.<\/p>\n","protected":false},"excerpt":{"rendered":"La villa Windsor, dans le bois de Boulogne Situ\u00e9e au nord du bois de Boulogne, la villa Windsor&hellip;\n","protected":false},"author":2,"featured_media":590901,"comment_status":"","ping_status":"","sticky":false,"template":"","format":"standard","meta":{"footnotes":""},"categories":[1888],"tags":[1111,1928,11,1927,1777,674,545,1011,27,10341,65380,12,1926,626,1925,25,70422],"class_list":{"0":"post-590900","1":"post","2":"type-post","3":"status-publish","4":"format-standard","5":"has-post-thumbnail","7":"category-paris","8":"tag-actu","9":"tag-actu-paris","10":"tag-actualites","11":"tag-actualites-paris","12":"tag-eu","13":"tag-europe","14":"tag-famille-royale-britannique","15":"tag-fr","16":"tag-france","17":"tag-hotel-particulier","18":"tag-maison-parisienne","19":"tag-news","20":"tag-news-paris","21":"tag-paris","22":"tag-paris-news","23":"tag-republique-francaise","24":"tag-villa-windsor"},"share_on_mastodon":{"url":"https:\/\/pubeurope.com\/@fr\/115695859211079268","error":""},"_links":{"self":[{"href":"https:\/\/www.europesays.com\/fr\/wp-json\/wp\/v2\/posts\/590900","targetHints":{"allow":["GET"]}}],"collection":[{"href":"https:\/\/www.europesays.com\/fr\/wp-json\/wp\/v2\/posts"}],"about":[{"href":"https:\/\/www.europesays.com\/fr\/wp-json\/wp\/v2\/types\/post"}],"author":[{"embeddable":true,"href":"https:\/\/www.europesays.com\/fr\/wp-json\/wp\/v2\/users\/2"}],"replies":[{"embeddable":true,"href":"https:\/\/www.europesays.com\/fr\/wp-json\/wp\/v2\/comments?post=590900"}],"version-history":[{"count":0,"href":"https:\/\/www.europesays.com\/fr\/wp-json\/wp\/v2\/posts\/590900\/revisions"}],"wp:featuredmedia":[{"embeddable":true,"href":"https:\/\/www.europesays.com\/fr\/wp-json\/wp\/v2\/media\/590901"}],"wp:attachment":[{"href":"https:\/\/www.europesays.com\/fr\/wp-json\/wp\/v2\/media?parent=590900"}],"wp:term":[{"taxonomy":"category","embeddable":true,"href":"https:\/\/www.europesays.com\/fr\/wp-json\/wp\/v2\/categories?post=590900"},{"taxonomy":"post_tag","embeddable":true,"href":"https:\/\/www.europesays.com\/fr\/wp-json\/wp\/v2\/tags?post=590900"}],"curies":[{"name":"wp","href":"https:\/\/api.w.org\/{rel}","templated":true}]}}