{"id":590913,"date":"2025-12-10T15:04:17","date_gmt":"2025-12-10T15:04:17","guid":{"rendered":"https:\/\/www.europesays.com\/fr\/590913\/"},"modified":"2025-12-10T15:04:17","modified_gmt":"2025-12-10T15:04:17","slug":"ses-enfants-mangent-les-deux-croissants-achetes-en-allemagne-il-ecope-dune-amende-a-la-douane","status":"publish","type":"post","link":"https:\/\/www.europesays.com\/fr\/590913\/","title":{"rendered":"Ses enfants mangent les deux croissants achet\u00e9s en Allemagne, il \u00e9cope d\u2019une amende \u00e0 la douane"},"content":{"rendered":"<p>Un habitant de Fribourg (<a href=\"https:\/\/www.20minutes.fr\/dossier\/suisse\" class=\"c-link c-link--is-underlined\" rel=\"nofollow noopener\" target=\"_blank\">Suisse<\/a>) a \u00e9t\u00e9\u00a0contraint de payer une amende de 20 euros, apr\u00e8s des courses effectu\u00e9es en <a href=\"https:\/\/www.20minutes.fr\/dossier\/allemagne\" class=\"c-link c-link--is-underlined\" rel=\"nofollow noopener\" target=\"_blank\">Allemagne<\/a>. Alors qu\u2019il rentrait chez lui avec sa famille, l\u2019homme a d\u00fb passer \u00e0 la <a href=\"https:\/\/www.20minutes.fr\/dossier\/douane\" class=\"c-link c-link--is-underlined\" rel=\"nofollow noopener\" target=\"_blank\">douane<\/a> pour faire tamponner son certificat d\u2019exportation. Probl\u00e8me\u00a0: les douaniers ont relev\u00e9 une diff\u00e9rence entre les tickets d\u2019achat et les produits pr\u00e9sents dans la voiture, relatent les m\u00e9dias\u00a0<a href=\"https:\/\/www.blick.ch\/fr\/suisse\/un-fribourgeois-se-voit-infliger-une-amende-pour-deux-croissants-id21452665.html\" rel=\"nofollow noopener\" target=\"_blank\" class=\"c-link c-link--is-underlined\">Blick<\/a> et <a href=\"https:\/\/www.suedkurier.de\/hochrhein\/zoll-weist-beschwerde-zurueck-21-11-2025-112807163\" rel=\"nofollow noopener\" target=\"_blank\" class=\"c-link c-link--is-underlined\">S\u00fcdkurier<\/a>, rep\u00e9r\u00e9s par <a href=\"https:\/\/www.lalsace.fr\/faits-divers-justice\/2025\/12\/08\/il-achete-deux-croissants-en-allemagne-et-ecope-d-une-amende-de-20-euros-a-la-douane\" rel=\"nofollow noopener\" target=\"_blank\" class=\"c-link c-link--is-underlined\">L\u2019Alsace<\/a>.<\/p>\n<p>Un remboursement de la TVA, sous conditions<\/p>\n<p>En effet, il manquait deux croissants, mang\u00e9s par les enfants avant leur retour en Suisse. Le pays autorise une franchise pour les achats \u00e0 l\u2019\u00e9tranger de 150 francs suisses, soit environ 160 euros\u00a0par personne, permettant un remboursement de la TVA. Or, pour en b\u00e9n\u00e9ficier il ne faut pas que les produits achet\u00e9s soient consomm\u00e9s ou utilis\u00e9s en Allemagne. Le conducteur s\u2019est donc vu infliger d\u2019une amende.<\/p>\n<\/p>\n<p>L\u2019homme a d\u00e9cid\u00e9 de d\u00e9poser une plainte aupr\u00e8s du bureau principal des douanes. Celle-ci a \u00e9t\u00e9 rejet\u00e9e par le bureau car un remboursement de la <a href=\"https:\/\/www.20minutes.fr\/economie\/tva\/\" class=\"c-link c-link--is-underlined\" rel=\"nofollow noopener\" target=\"_blank\">TVA<\/a> impliquerait obligatoirement la pr\u00e9sentation des marchandises d\u00e9clar\u00e9es \u00e0 l\u2019exportation, selon le S\u00fcdkurier. Il s\u2019av\u00e8re qu\u2019en plus des deux croissants, d\u2019autres produits inscrits sur le document n\u2019ont pas pu \u00eatre identifi\u00e9s.<\/p>\n","protected":false},"excerpt":{"rendered":"Un habitant de Fribourg (Suisse) a \u00e9t\u00e9\u00a0contraint de payer une amende de 20 euros, apr\u00e8s des courses effectu\u00e9es&hellip;\n","protected":false},"author":2,"featured_media":590914,"comment_status":"","ping_status":"","sticky":false,"template":"","format":"standard","meta":{"footnotes":""},"categories":[1587],"tags":[11,672,7087,1804,1805,1803,58,981,1777,674,1801,12,1802,3067,896,7121],"class_list":{"0":"post-590913","1":"post","2":"type-post","3":"status-publish","4":"format-standard","5":"has-post-thumbnail","7":"category-allemagne","8":"tag-actualites","9":"tag-allemagne","10":"tag-amende","11":"tag-bundesrepublik-deutschland","12":"tag-de","13":"tag-deutschland","14":"tag-divertissement","15":"tag-douane","16":"tag-eu","17":"tag-europe","18":"tag-germany","19":"tag-news","20":"tag-republique-federale-dallemagne","21":"tag-suisse","22":"tag-tas-vu","23":"tag-tva"},"share_on_mastodon":{"url":"","error":""},"_links":{"self":[{"href":"https:\/\/www.europesays.com\/fr\/wp-json\/wp\/v2\/posts\/590913","targetHints":{"allow":["GET"]}}],"collection":[{"href":"https:\/\/www.europesays.com\/fr\/wp-json\/wp\/v2\/posts"}],"about":[{"href":"https:\/\/www.europesays.com\/fr\/wp-json\/wp\/v2\/types\/post"}],"author":[{"embeddable":true,"href":"https:\/\/www.europesays.com\/fr\/wp-json\/wp\/v2\/users\/2"}],"replies":[{"embeddable":true,"href":"https:\/\/www.europesays.com\/fr\/wp-json\/wp\/v2\/comments?post=590913"}],"version-history":[{"count":0,"href":"https:\/\/www.europesays.com\/fr\/wp-json\/wp\/v2\/posts\/590913\/revisions"}],"wp:featuredmedia":[{"embeddable":true,"href":"https:\/\/www.europesays.com\/fr\/wp-json\/wp\/v2\/media\/590914"}],"wp:attachment":[{"href":"https:\/\/www.europesays.com\/fr\/wp-json\/wp\/v2\/media?parent=590913"}],"wp:term":[{"taxonomy":"category","embeddable":true,"href":"https:\/\/www.europesays.com\/fr\/wp-json\/wp\/v2\/categories?post=590913"},{"taxonomy":"post_tag","embeddable":true,"href":"https:\/\/www.europesays.com\/fr\/wp-json\/wp\/v2\/tags?post=590913"}],"curies":[{"name":"wp","href":"https:\/\/api.w.org\/{rel}","templated":true}]}}