{"id":590925,"date":"2025-12-10T15:10:15","date_gmt":"2025-12-10T15:10:15","guid":{"rendered":"https:\/\/www.europesays.com\/fr\/590925\/"},"modified":"2025-12-10T15:10:15","modified_gmt":"2025-12-10T15:10:15","slug":"perrine-delacour-et-nastasia-nadaud-montent-sur-le-lpga-a-lissue-des-qualifications-lequipe","status":"publish","type":"post","link":"https:\/\/www.europesays.com\/fr\/590925\/","title":{"rendered":"Perrine Delacour et Nastasia Nadaud montent sur le LPGA \u00e0 l&#039;issue des qualifications &#8211; L&#039;\u00c9quipe"},"content":{"rendered":"<ol>\n<li><a href=\"https:\/\/news.google.com\/rss\/articles\/CBMiywFBVV95cUxPX0FmRUREdW1faGs4SVExU08zRmxDM2VpSUR6NjhaOU4zVUpKbmJKV2dyZklKOWFGTy00XzBHWEtta0NoaUc0Rk52bFlxdmpfZTRZT2k0OU9Wb3RMRmVqRXo4a081QlJJLWlsZmNtNVhkR2ZVVl9hUzc2SG5OSFhod0E4WXZmYWk0djFIT00zOTJDejFpTU04TDEyc200M0NzanBLNFEzeGhKQU53aUhvbFBhdmlaaVdWaE4zZTUtbnhDQkFsN1ViSl85QQ?oc=5\" target=\"_blank\" rel=\"noopener\">Perrine Delacour et Nastasia Nadaud montent sur le LPGA \u00e0 l&rsquo;issue des qualifications<\/a>&nbsp;&nbsp;L&rsquo;\u00c9quipe<\/li>\n<li><a href=\"https:\/\/news.google.com\/rss\/articles\/CBMimwFBVV95cUxQQ3RwYlRwUkxXSUNxZmFPZ0xORVBMVkZtSUl1NnhhZU9XOTVHYVc3ZFJmblQ1bjE5VDBhRWN2bFZoQzRTcjRpYV8xenNBcHBNZnlVQTZyZUJnSjc1YU8xUUxpaGdZR3BzRmotY1NTT2JVSVhDc1FJOGJDbkNwOURVY0QwODljWTJId3lESEpLQW1MUUhxZEIxaVlIcw?oc=5\" target=\"_blank\" rel=\"noopener\">C\u2019est l\u2019Am\u00e9rique pour Perrine Delacour et Nastasia Nadaud !<\/a>&nbsp;&nbsp;Golf Plan\u00e8te<\/li>\n<li><a href=\"https:\/\/news.google.com\/rss\/articles\/CBMiwAFBVV95cUxQQVowVXlkc1F2U0xLLTJNQ1dLemx2UWtJYUs0S3V5Y2RZVGRPb2wzMmpabENwa2N1TTdHUXlzcmtjWGNiTXkxNE9YRVE3VFNYVlZGMlJ3akFBOVlWQUNTWWNaLVhQbzJFMDNVdThnalF0NUtJaEJncDlFcXpTbWY4TkpiMHVicTJWMEdWOExqLXhJUS1lM1hLOE1QOFRVeHVoU0UzdjBEM3lfa2FnVV9PZWJEa2s0Tl81Y29TeDh5Nlk?oc=5\" target=\"_blank\" rel=\"noopener\">Golf. La Savoyarde Nastasia Nadaud jouera sur le circuit am\u00e9ricain LPGA l\u2019an prochain<\/a>&nbsp;&nbsp;Le Dauphin\u00e9 Lib\u00e9r\u00e9<\/li>\n<li><a href=\"https:\/\/news.google.com\/rss\/articles\/CBMi0wFBVV95cUxPTUhTUzZGWGNLYWpObkhBQ25qUlJpdnJxVmdNUEtWN002TlVFZEpyaGdLeWNTMV96dDZiNzVzNGJoY0Q1REpzZFdNb3gydk5uenJJMUpWdkh1ckN0SFBYS2JSRS1kZWY4dDh2U1ZDcGdPaFAteV9CZFB0Y3I0ZXJDWldVc1lFalVXVnpwZkJYdVlQcjJhc0FxelFjYjZMdDBXeFpkUThyVWJwSEJaZFd1cUVYa1FYeVVvUTBhUFY5d2p3a3Y1TDVnSkQ1azZlQTRUMTY0?oc=5\" target=\"_blank\" rel=\"noopener\">Chiara Tamburlini s&rsquo;assure une place sur le LPGA Tour<\/a>&nbsp;&nbsp;rts.ch<\/li>\n<li><a href=\"https:\/\/news.google.com\/rss\/articles\/CBMiqwFBVV95cUxObVVwaUVuQzg1NEVSMzQ1Nk9yU3dTd1dGaHU0OGdaSXpEQlBfZjRxU084TFUtWmlfdzF4WHZEclZpbkRncHFRNGNNQWUzUW1sMERIaDUydE5sQ01Mc2QtOE1mcEdpR3lEVEs1QVpuSDlMVDJrUDU4V19OV3I1U1hPbTZKMXFXbmREc2FFVElpcFNzXzVNYXhLYUlrWlBWNjIybGRURGFnc0NVSFE?oc=5\" target=\"_blank\" rel=\"noopener\">LPGA Q-Series : Delacour et Nadaud d\u00e9crochent leur carte<\/a>&nbsp;&nbsp;F\u00e9d\u00e9ration fran\u00e7aise de golf (ffgolf)<\/li>\n<\/ol>\n","protected":false},"excerpt":{"rendered":"Perrine Delacour et Nastasia Nadaud montent sur le LPGA \u00e0 l&rsquo;issue des qualifications&nbsp;&nbsp;L&rsquo;\u00c9quipe C\u2019est l\u2019Am\u00e9rique pour Perrine Delacour&hellip;\n","protected":false},"author":2,"featured_media":590926,"comment_status":"","ping_status":"","sticky":false,"template":"","format":"standard","meta":{"footnotes":""},"categories":[1418],"tags":[1011,27,1472,60],"class_list":{"0":"post-590925","1":"post","2":"type-post","3":"status-publish","4":"format-standard","5":"has-post-thumbnail","7":"category-golf","8":"tag-fr","9":"tag-france","10":"tag-golf","11":"tag-sports"},"share_on_mastodon":{"url":"https:\/\/pubeurope.com\/@fr\/115695912556653609","error":""},"_links":{"self":[{"href":"https:\/\/www.europesays.com\/fr\/wp-json\/wp\/v2\/posts\/590925","targetHints":{"allow":["GET"]}}],"collection":[{"href":"https:\/\/www.europesays.com\/fr\/wp-json\/wp\/v2\/posts"}],"about":[{"href":"https:\/\/www.europesays.com\/fr\/wp-json\/wp\/v2\/types\/post"}],"author":[{"embeddable":true,"href":"https:\/\/www.europesays.com\/fr\/wp-json\/wp\/v2\/users\/2"}],"replies":[{"embeddable":true,"href":"https:\/\/www.europesays.com\/fr\/wp-json\/wp\/v2\/comments?post=590925"}],"version-history":[{"count":0,"href":"https:\/\/www.europesays.com\/fr\/wp-json\/wp\/v2\/posts\/590925\/revisions"}],"wp:featuredmedia":[{"embeddable":true,"href":"https:\/\/www.europesays.com\/fr\/wp-json\/wp\/v2\/media\/590926"}],"wp:attachment":[{"href":"https:\/\/www.europesays.com\/fr\/wp-json\/wp\/v2\/media?parent=590925"}],"wp:term":[{"taxonomy":"category","embeddable":true,"href":"https:\/\/www.europesays.com\/fr\/wp-json\/wp\/v2\/categories?post=590925"},{"taxonomy":"post_tag","embeddable":true,"href":"https:\/\/www.europesays.com\/fr\/wp-json\/wp\/v2\/tags?post=590925"}],"curies":[{"name":"wp","href":"https:\/\/api.w.org\/{rel}","templated":true}]}}