{"id":590927,"date":"2025-12-10T15:11:16","date_gmt":"2025-12-10T15:11:16","guid":{"rendered":"https:\/\/www.europesays.com\/fr\/590927\/"},"modified":"2025-12-10T15:11:16","modified_gmt":"2025-12-10T15:11:16","slug":"volley-ball-un-set-de-perdu-mais-le-volley-mulhouse-alsace-poursuit-son-sans-faute-a-marcq-en-baroeul","status":"publish","type":"post","link":"https:\/\/www.europesays.com\/fr\/590927\/","title":{"rendered":"Volley-ball. Un set de perdu mais le Volley Mulhouse Alsace poursuit son sans-faute \u00e0 Marcq-en-Baroeul"},"content":{"rendered":"<p>Apr\u00e8s avoir aval\u00e9 la formation marcquoise ce mardi (1-3), le club mulhousien poursuit ses emplettes avec un 14e succ\u00e8s de rang toutes comp\u00e9titions confondues. Mais quand s\u2019arr\u00eatera cette folle s\u00e9rie de la troupe d\u2019Andr\u00e9 Sa\u00a0?<\/p>\n<p>Difficile de le dire mais en tout \u00e9tat de cause, la troupe mulhousienne ne se repose pas sur ses lauriers et pr\u00e9pare ses prochaines \u00e9ch\u00e9ances dans de bonnes conditions. Si la r\u00e9ception d\u2019Evreux est au programme ce samedi, c\u2019est bel et bien vers le double affrontement contre Paris Levallois&#8230;<\/p>\n","protected":false},"excerpt":{"rendered":"Apr\u00e8s avoir aval\u00e9 la formation marcquoise ce mardi (1-3), le club mulhousien poursuit ses emplettes avec un 14e&hellip;\n","protected":false},"author":2,"featured_media":590928,"comment_status":"","ping_status":"","sticky":false,"template":"","format":"standard","meta":{"footnotes":""},"categories":[1417],"tags":[107,1011,27,517,60,1470,1633,1632,1469],"class_list":{"0":"post-590927","1":"post","2":"type-post","3":"status-publish","4":"format-standard","5":"has-post-thumbnail","7":"category-volley","8":"tag-fil-info","9":"tag-fr","10":"tag-france","11":"tag-sport","12":"tag-sports","13":"tag-volley","14":"tag-volley-mulhouse-alsace","15":"tag-volley-ball","16":"tag-volleyball"},"share_on_mastodon":{"url":"https:\/\/pubeurope.com\/@fr\/115695918118012949","error":""},"_links":{"self":[{"href":"https:\/\/www.europesays.com\/fr\/wp-json\/wp\/v2\/posts\/590927","targetHints":{"allow":["GET"]}}],"collection":[{"href":"https:\/\/www.europesays.com\/fr\/wp-json\/wp\/v2\/posts"}],"about":[{"href":"https:\/\/www.europesays.com\/fr\/wp-json\/wp\/v2\/types\/post"}],"author":[{"embeddable":true,"href":"https:\/\/www.europesays.com\/fr\/wp-json\/wp\/v2\/users\/2"}],"replies":[{"embeddable":true,"href":"https:\/\/www.europesays.com\/fr\/wp-json\/wp\/v2\/comments?post=590927"}],"version-history":[{"count":0,"href":"https:\/\/www.europesays.com\/fr\/wp-json\/wp\/v2\/posts\/590927\/revisions"}],"wp:featuredmedia":[{"embeddable":true,"href":"https:\/\/www.europesays.com\/fr\/wp-json\/wp\/v2\/media\/590928"}],"wp:attachment":[{"href":"https:\/\/www.europesays.com\/fr\/wp-json\/wp\/v2\/media?parent=590927"}],"wp:term":[{"taxonomy":"category","embeddable":true,"href":"https:\/\/www.europesays.com\/fr\/wp-json\/wp\/v2\/categories?post=590927"},{"taxonomy":"post_tag","embeddable":true,"href":"https:\/\/www.europesays.com\/fr\/wp-json\/wp\/v2\/tags?post=590927"}],"curies":[{"name":"wp","href":"https:\/\/api.w.org\/{rel}","templated":true}]}}