{"id":590943,"date":"2025-12-10T15:24:27","date_gmt":"2025-12-10T15:24:27","guid":{"rendered":"https:\/\/www.europesays.com\/fr\/590943\/"},"modified":"2025-12-10T15:24:27","modified_gmt":"2025-12-10T15:24:27","slug":"hinaupoko-deveze-est-la-cousine-dun-grand-chanteur-francais","status":"publish","type":"post","link":"https:\/\/www.europesays.com\/fr\/590943\/","title":{"rendered":"Hinaupoko Dev\u00e8ze est la cousine d&rsquo;un grand chanteur fran\u00e7ais"},"content":{"rendered":"<p><strong>G\u00e9n\u00e9alogie<\/strong>. <a href=\"https:\/\/www.journaldesfemmes.fr\/people\/personnalites\/3233288-miss-france-2026-est-hinaupoko-deveze-miss-tahiti-autre-prenom-vie-privee-polemique-sur-son-comportement-origines-taille\/\" title=\"Miss France 2026\" target=\"_blank\" rel=\"noopener\">Hinaupoko Dev\u00e8ze<\/a>, \u00e9lue Miss France 2026, partage des anc\u00eatres communs avec plusieurs personnalit\u00e9s fran\u00e7aises, dont un c\u00e9l\u00e8bre chanteur. Si sa lign\u00e9e maternelle \u00e9tait \u00e9tablie dans les \u00celes Marquises et \u00e0 Tahiti, sa lign\u00e9e paternelle s&rsquo;est \u00e9tablie dans des endroits comme l&rsquo;Ard\u00e8che et le Gard. Parmi ses c\u00e9l\u00e8bres cousins, on compte L\u00e9a Seydoux, avec qui elle est li\u00e9e de la 14e \u00e0 la 15e g\u00e9n\u00e9ration, Vincent Cassel, de la 12e \u00e0 la 10e g\u00e9n\u00e9ration et&#8230; le chanteur Claude Fran\u00e7ois, de la 15e \u00e0 la 11e g\u00e9n\u00e9ration !<\/p>\n","protected":false},"excerpt":{"rendered":"G\u00e9n\u00e9alogie. Hinaupoko Dev\u00e8ze, \u00e9lue Miss France 2026, partage des anc\u00eatres communs avec plusieurs personnalit\u00e9s fran\u00e7aises, dont un c\u00e9l\u00e8bre&hellip;\n","protected":false},"author":2,"featured_media":590944,"comment_status":"","ping_status":"","sticky":false,"template":"","format":"standard","meta":{"footnotes":""},"categories":[1355],"tags":[70423,51761,58,59,52292,1011,27,70396,51766,1031,1361,873],"class_list":{"0":"post-590943","1":"post","2":"type-post","3":"status-publish","4":"format-standard","5":"has-post-thumbnail","7":"category-musique","8":"tag-cms-journaldesfemmes-3250188","9":"tag-controller-content","10":"tag-divertissement","11":"tag-entertainment","12":"tag-format-reportage","13":"tag-fr","14":"tag-france","15":"tag-hinaupoko-deveze","16":"tag-les-histoires-du-jdf","17":"tag-magazine","18":"tag-music","19":"tag-musique"},"share_on_mastodon":{"url":"https:\/\/pubeurope.com\/@fr\/115695967595995583","error":""},"_links":{"self":[{"href":"https:\/\/www.europesays.com\/fr\/wp-json\/wp\/v2\/posts\/590943","targetHints":{"allow":["GET"]}}],"collection":[{"href":"https:\/\/www.europesays.com\/fr\/wp-json\/wp\/v2\/posts"}],"about":[{"href":"https:\/\/www.europesays.com\/fr\/wp-json\/wp\/v2\/types\/post"}],"author":[{"embeddable":true,"href":"https:\/\/www.europesays.com\/fr\/wp-json\/wp\/v2\/users\/2"}],"replies":[{"embeddable":true,"href":"https:\/\/www.europesays.com\/fr\/wp-json\/wp\/v2\/comments?post=590943"}],"version-history":[{"count":0,"href":"https:\/\/www.europesays.com\/fr\/wp-json\/wp\/v2\/posts\/590943\/revisions"}],"wp:featuredmedia":[{"embeddable":true,"href":"https:\/\/www.europesays.com\/fr\/wp-json\/wp\/v2\/media\/590944"}],"wp:attachment":[{"href":"https:\/\/www.europesays.com\/fr\/wp-json\/wp\/v2\/media?parent=590943"}],"wp:term":[{"taxonomy":"category","embeddable":true,"href":"https:\/\/www.europesays.com\/fr\/wp-json\/wp\/v2\/categories?post=590943"},{"taxonomy":"post_tag","embeddable":true,"href":"https:\/\/www.europesays.com\/fr\/wp-json\/wp\/v2\/tags?post=590943"}],"curies":[{"name":"wp","href":"https:\/\/api.w.org\/{rel}","templated":true}]}}