{"id":590947,"date":"2025-12-10T15:26:19","date_gmt":"2025-12-10T15:26:19","guid":{"rendered":"https:\/\/www.europesays.com\/fr\/590947\/"},"modified":"2025-12-10T15:26:19","modified_gmt":"2025-12-10T15:26:19","slug":"lexposition-a-des-perturbateurs-endocriniens-pendant-la-grossesse-associee-a-des-troubles-du-comportement-chez-lenfant-selon-une-etude","status":"publish","type":"post","link":"https:\/\/www.europesays.com\/fr\/590947\/","title":{"rendered":"L\u2019exposition \u00e0 des perturbateurs endocriniens pendant la grossesse associ\u00e9e \u00e0 des troubles du comportement chez l\u2019enfant, selon une \u00e9tude"},"content":{"rendered":"<p class=\"c-chapo \">\n  Une vaste \u00e9tude de l\u2019Inserm r\u00e9v\u00e8le que l\u2019exposition de femmes enceintes au m\u00e9thylparab\u00e8ne et au bisph\u00e9nol S peut entra\u00eener anxi\u00e9t\u00e9 et troubles de l\u2019attention chez leurs enfants. Ces r\u00e9sultats renforcent les appels \u00e0 interdire toute la famille des bisph\u00e9nols dans les produits du quotidien.\n<\/p>\n<p>      lire plus tard<\/p>\n<p id=\"dialog__title\" class=\"dialog__title\">Pour sauvegarder cet article, connectez-vous ou cr\u00e9ez un compte franceinfo<\/p>\n<p class=\"dialog__description\">Sans paiement. Sans abonnement.<\/p>\n<p>        Fermer la fen\u00eatre d\u2019activation des notifications France Info<\/p>\n<p>      cr\u00e9er votre compte<\/p>\n<p>      se connecter<\/p>\n<p>        Fermer la fen\u00eatre de pr\u00e9sentation<\/p>\n<p>    <img loading=\"lazy\" decoding=\"async\" class=\"signature__image lazyload\" width=\"100\" height=\"100\" data- alt=\"\" src=\"https:\/\/www.europesays.com\/fr\/wp-content\/uploads\/2025\/05\/64a7df4c5fe71_placeholder-36b69ec8.png\"\/><\/p>\n<p>    Publi\u00e9 le 10\/12\/2025 12:19<\/p>\n<p>      Mis \u00e0 jour le 10\/12\/2025 12:21<\/p>\n<p>        Temps de lecture : 1min<\/p>\n<p>    <img decoding=\"async\"  alt=\"Les chercheurs de l\u2019Inserm ont recherch\u00e9 des traces de m\u00e9thylparab\u00e8ne et de bisph\u00e9nol S dans les urines de pr\u00e8s de 1 500 femmes enceintes. (KDP \/ MOMENT RF)\" width=\"432\" height=\"243\" src=\"https:\/\/www.europesays.com\/fr\/wp-content\/uploads\/2025\/12\/enceinte-69395618988fb425442395.jpg\" fetchpriority=\"high\"\/><\/p>\n<p>      Les chercheurs de l\u2019Inserm ont recherch\u00e9 des traces de m\u00e9thylparab\u00e8ne et de bisph\u00e9nol S dans les urines de pr\u00e8s de 1 500 femmes enceintes. (KDP \/ MOMENT RF)<\/p>\n<p><a href=\"https:\/\/france3-regions.franceinfo.fr\/auvergne-rhone-alpes\/puy-de-dome\/clermont-ferrand\/sante-perturbateurs-endocriniens-comment-les-eviter-3045388.html\" rel=\"noopener noreferrer nofollow\" data-tooltip-url=\"https:\/\/france3-regions.franceinfo.fr\/auvergne-rhone-alpes\/puy-de-dome\/clermont-ferrand\/sante-perturbateurs-endocriniens-comment-les-eviter-3045388.html\" target=\"_blank\">Des pertubateurs endocriniens<\/a>, que l\u2019on retrouve notamment dans nos produits de beaut\u00e9 et dans les emballages alimentaires, sont <a href=\"https:\/\/presse.inserm.fr\/perturbateurs-endocriniens-lexposition-au-methylparabene-et-au-bisphenol-s-pendant-la-grossesse-pourrait-etre-associee-a-des-troubles-du-comportement-chez-lenfant\/71575\/\" target=\"_blank\" rel=\"noopener\" data-tooltip-url=\"https:\/\/presse.inserm.fr\/perturbateurs-endocriniens-lexposition-au-methylparabene-et-au-bisphenol-s-pendant-la-grossesse-pourrait-etre-associee-a-des-troubles-du-comportement-chez-lenfant\/71575\/\">soup\u00e7onn\u00e9s de provoquer des troubles du comportement chez l&rsquo;enfant<\/a>, selon la plus grande \u00e9tude men\u00e9e sur le sujet par des chercheurs fran\u00e7ais. \u00a0Leurs r\u00e9sultats sont publi\u00e9s mercredi 10 d\u00e9cembre, dans la revue Lancet Planetary Health.<\/p>\n<p>Les chercheurs de l&rsquo;Inserm ont traqu\u00e9 la pr\u00e9sence de m\u00e9thylparab\u00e8ne et de bisph\u00e9nol S dans les urines de pr\u00e8s de 1\u00a0500 femmes enceintes. Le m\u00e9thylparab\u00e8ne est un conservateur utilis\u00e9 dans nos cr\u00e8mes de jour, nos parfums, d\u00e9odorants ou dentifrices. On le soup\u00e7onne d&rsquo;\u00eatre un perturbateur endocrinien pour la reproduction et la fertilit\u00e9. Le bisph\u00e9nol S, lui, est bien identifi\u00e9 comme perturbateur endocrinien, et pourtant on le trouve dans le plastique de nos r\u00e9cipients pour micro-ondes, dans celui des biberons ou des bouteilles d&rsquo;eau.<\/p>\n<p>Pendant leur grossesse, ces femmes ont r\u00e9alis\u00e9 42 pr\u00e9l\u00e8vements pour d\u00e9celer ces substances dans leurs urines. Apr\u00e8s leur accouchement, les parents ont d\u00fb remplir un questionnaire sur le comportement de leur b\u00e9b\u00e9. \u00ab\u00a0Quand l&rsquo;exposition \u00e0 ces polluants chimiques augmente, donc effectivement chez les mamans chez lesquelles les expositions sont les plus importantes, souligne Claire Philippat, chercheuse de l&rsquo;Inserm, on tend \u00e0 retrouver plus de comportements en lien notamment avec l&rsquo;anxi\u00e9t\u00e9, le relationnel avec ses proches ou des d\u00e9ficits attentionnels.\u00a0\u00bb\u00a0<\/p>\n<p>Il faut confirmer \u00e0 grande \u00e9chelle ses r\u00e9sultats, mais pour cette chercheuse, le lien \u00e9tabli entre ces perturbateurs endocriniens et les troubles du comportement chez l&rsquo;enfant doit pousser \u00e0 interdire toute cette famille de bisph\u00e9nols dans les produits que l&rsquo;on utilise au quotidien.<\/p>\n","protected":false},"excerpt":{"rendered":"Une vaste \u00e9tude de l\u2019Inserm r\u00e9v\u00e8le que l\u2019exposition de femmes enceintes au m\u00e9thylparab\u00e8ne et au bisph\u00e9nol S peut&hellip;\n","protected":false},"author":2,"featured_media":590948,"comment_status":"","ping_status":"","sticky":false,"template":"","format":"standard","meta":{"footnotes":""},"categories":[10],"tags":[1011,27,72,71],"class_list":{"0":"post-590947","1":"post","2":"type-post","3":"status-publish","4":"format-standard","5":"has-post-thumbnail","7":"category-sante","8":"tag-fr","9":"tag-france","10":"tag-health","11":"tag-sante"},"share_on_mastodon":{"url":"https:\/\/pubeurope.com\/@fr\/115695977012976839","error":""},"_links":{"self":[{"href":"https:\/\/www.europesays.com\/fr\/wp-json\/wp\/v2\/posts\/590947","targetHints":{"allow":["GET"]}}],"collection":[{"href":"https:\/\/www.europesays.com\/fr\/wp-json\/wp\/v2\/posts"}],"about":[{"href":"https:\/\/www.europesays.com\/fr\/wp-json\/wp\/v2\/types\/post"}],"author":[{"embeddable":true,"href":"https:\/\/www.europesays.com\/fr\/wp-json\/wp\/v2\/users\/2"}],"replies":[{"embeddable":true,"href":"https:\/\/www.europesays.com\/fr\/wp-json\/wp\/v2\/comments?post=590947"}],"version-history":[{"count":0,"href":"https:\/\/www.europesays.com\/fr\/wp-json\/wp\/v2\/posts\/590947\/revisions"}],"wp:featuredmedia":[{"embeddable":true,"href":"https:\/\/www.europesays.com\/fr\/wp-json\/wp\/v2\/media\/590948"}],"wp:attachment":[{"href":"https:\/\/www.europesays.com\/fr\/wp-json\/wp\/v2\/media?parent=590947"}],"wp:term":[{"taxonomy":"category","embeddable":true,"href":"https:\/\/www.europesays.com\/fr\/wp-json\/wp\/v2\/categories?post=590947"},{"taxonomy":"post_tag","embeddable":true,"href":"https:\/\/www.europesays.com\/fr\/wp-json\/wp\/v2\/tags?post=590947"}],"curies":[{"name":"wp","href":"https:\/\/api.w.org\/{rel}","templated":true}]}}