{"id":590951,"date":"2025-12-10T15:28:15","date_gmt":"2025-12-10T15:28:15","guid":{"rendered":"https:\/\/www.europesays.com\/fr\/590951\/"},"modified":"2025-12-10T15:28:15","modified_gmt":"2025-12-10T15:28:15","slug":"un-deuil-impossible-david-hallyday-brise-le-silence-sur-le-deces-de-son-pere-johnny-hallyday-et-evoque-ses-regrets-dans-un-documentaire-poignant","status":"publish","type":"post","link":"https:\/\/www.europesays.com\/fr\/590951\/","title":{"rendered":"\u00ab\u00a0Un deuil impossible\u00a0\u00bb : David Hallyday brise le silence sur le d\u00e9c\u00e8s de son p\u00e8re Johnny Hallyday et \u00e9voque ses regrets dans un documentaire poignant"},"content":{"rendered":"<p>Huit ans apr\u00e8s la mort de Johnny, David<br \/>\nHallyday rouvre la bo\u00eete des souvenirs dans un documentaire M6 et<br \/>\ndes interviews o\u00f9 il \u00e9voque des cicatrices \u00e0 vie. Entre adieu<br \/>\nmanqu\u00e9 et guerre d&rsquo;h\u00e9ritage, le chanteur esquisse enfin sa v\u00e9rit\u00e9,<br \/>\nsans tout livrer.<\/p>\n<p>Le 5 d\u00e9cembre reste une date qui serre le c\u0153ur des admirateurs<br \/>\nde Johnny Hallyday. Huit ans apr\u00e8s la disparition du rockeur, son<br \/>\nfils <a href=\"https:\/\/www.pleinevie.fr\/loisirs\/celebrites\/david-hallyday-59-ans-qui-est-alexandra-pastor-sa-compagne-et-mere-de-son-fils-cameron-175508.html\" target=\"_blank\" rel=\"noopener\"><br \/>\n<strong>David Hallyday<\/strong><\/a> prend enfin le temps de<br \/>\nrevenir, devant les cam\u00e9ras, sur ces jours qui ont tout fait<br \/>\nbasculer. La mort de son p\u00e8re, le dernier adieu manqu\u00e9, la<br \/>\nd\u00e9chirure familiale, puis <a href=\"https:\/\/www.pleinevie.fr\/mes-droits\/droit-famille\/david-hallyday-refuse-lheritage-de-johnny-ce-que-vous-devez-savoir-pour-eviter-des-dettes-colossales-128907.html\" target=\"_blank\" rel=\"noopener\"><br \/>\nla guerre autour de l&rsquo;h\u00e9ritage<\/a> : tout resurgit, mais \u00e0 son<br \/>\nrythme. Dans ses mots affleure l&rsquo;id\u00e9e qu&rsquo;il porte encore en lui des<br \/>\ncicatrices qui ne se refermeront pas.<\/p>\n<p>Au c\u0153ur de ce retour en arri\u00e8re, un film tr\u00e8s attendu :<br \/>\n<strong>le documentaire Hallyday par David<\/strong>,<br \/>\ndiffus\u00e9 le 10 d\u00e9cembre \u00e0 21 h 10 sur M6 et propos\u00e9 en replay sur<br \/>\nM6+. Loin du simple portrait de l\u00e9gende, ce projet suit le fils<br \/>\ndans un dialogue posthume avec <strong>Johnny Hallyday<\/strong>,<br \/>\ndes souvenirs d&rsquo;enfance \u00e0 <strong>la tourmente de la<br \/>\nsuccession<\/strong>. Il y parle de deuil impossible, d&rsquo;h\u00e9ritage<br \/>\nmat\u00e9riel explosif et de transmission, ce qu&rsquo;il pr\u00e9sente aujourd&rsquo;hui<br \/>\ncomme son v\u00e9ritable h\u00e9ritage.<\/p>\n<p>Mort de Johnny Hallyday : un adieu manqu\u00e9 qui ne s&rsquo;efface<br \/>\npas<\/p>\n<p>Tout part de ce 5 d\u00e9cembre 2017, \u00e0 Marnes-la-Coquette, o\u00f9 le<br \/>\nchanteur s&rsquo;est \u00e9teint entour\u00e9 d&rsquo;une partie de ses proches. Dans ses<br \/>\ninterviews r\u00e9centes, <a href=\"https:\/\/www.pleinevie.fr\/loisirs\/celebrites\/david-hallyday-decouvrez-la-petite-maison-du-fils-de-johnny-hallyday-a-ibiza-116235.html\" target=\"_blank\" rel=\"noopener\"><br \/>\nDavid Hallyday<\/a> raconte qu&rsquo;il n&rsquo;a pas pu entrer dans la chambre<br \/>\nde son p\u00e8re pour lui dire au revoir, un moment qu&rsquo;il qualifie de<br \/>\nblessure profonde. Le temps a pass\u00e9, les tensions se sont un peu<br \/>\napais\u00e9es, mais il d\u00e9crit toujours ce jour comme un choc dont il<br \/>\nsait qu&rsquo;il ne se remettra pas enti\u00e8rement.<\/p>\n<p>Pour autant, ce fils parle avant tout d&rsquo;amour. Dans le<br \/>\ndocumentaire, il affirme qu&rsquo;il n&rsquo;a \u00ab\u00a0jamais regrett\u00e9 d&rsquo;\u00eatre le<br \/>\nfils de [son] p\u00e8re\u00a0\u00bb, une d\u00e9claration qui dit \u00e0 la fois la<br \/>\nfiert\u00e9 et la complexit\u00e9 de ce lien. David Hallyday \u00e9voque un<br \/>\nunivers surexpos\u00e9 o\u00f9 \u00ab\u00a0Ma famille a toujours \u00e9t\u00e9 l&rsquo;objet de<br \/>\ntoutes les pulsions, de tous les fantasmes\u00a0\u00bb, loin d&rsquo;une<br \/>\nenfance ordinaire. Ces ann\u00e9es sous les projecteurs, puis la<br \/>\ndisparition brutale, laissent chez lui ce qu&rsquo;il d\u00e9crit comme<br \/>\n<strong>des cicatrices \u00e0 vie<\/strong>.<\/p>\n<p>De la souffrance \u00e0 la bataille autour de l&rsquo;h\u00e9ritage de<br \/>\nJohnny Hallyday<\/p>\n<p>La mort du chanteur a tr\u00e8s vite d\u00e9bouch\u00e9 sur une autre onde de<br \/>\nchoc : la d\u00e9couverte du testament r\u00e9dig\u00e9 en Californie, qui faisait<br \/>\nde <a href=\"https:\/\/www.pleinevie.fr\/loisirs\/celebrites\/elle-a-dit-oui-tout-de-suite-laeticia-hallyday-en-couple-avec-serge-varsano-milliardaire-de-20-ans-son-aine-une-romance-inattendue-entre-paris-et-los-angeles-178107.html\" target=\"_blank\" rel=\"noopener\"><br \/>\nLaeticia Hallyday<\/a> l&rsquo;unique h\u00e9riti\u00e8re de la majeure partie du<br \/>\npatrimoine. <strong>David Hallyday<\/strong> et Laura Smet ont alors<br \/>\nsaisi la justice fran\u00e7aise, en 2018, pour contester cette<br \/>\nsuccession qu&rsquo;ils estimaient contraire au droit et \u00e0 la volont\u00e9 de<br \/>\nleur p\u00e8re. Apr\u00e8s deux ann\u00e9es de proc\u00e9dure, un accord amiable a \u00e9t\u00e9<br \/>\nconclu, et David a renonc\u00e9 en 2020 \u00e0 sa part financi\u00e8re de<br \/>\n<strong>l&rsquo;h\u00e9ritage de Johnny<\/strong>.<\/p>\n<p>Un documentaire pour apaiser sans<br \/>\noublier<\/p>\n<p>Depuis, le chanteur explique vouloir tourner la page d&rsquo;un<br \/>\nfeuilleton judiciaire qui a \u00e9puis\u00e9 le clan Hallyday autant que le<br \/>\npublic. Ce qu&rsquo;il d\u00e9fend d\u00e9sormais, c&rsquo;est un autre type d&rsquo;h\u00e9ritage :<br \/>\nle droit moral sur certaines \u0153uvres, mais surtout l&rsquo;id\u00e9e que<br \/>\n\u00ab\u00a0Mon h\u00e9ritage, c&rsquo;est la transmission\u00a0\u00bb. Dans le<br \/>\ndocumentaire, il met en avant ce que son p\u00e8re lui a laiss\u00e9 en<br \/>\ndehors de l&rsquo;argent ou des maisons : une fa\u00e7on de vivre la sc\u00e8ne, un<br \/>\nrapport au public, des valeurs familiales qu&rsquo;il entend pr\u00e9server<br \/>\npour ses propres enfants.<\/p>\n<ul>\n<li>La collaboration artistique scell\u00e9e sur l&rsquo;album Sang pour<br \/>\nsang ;<\/li>\n<li>Les souvenirs partag\u00e9s avec Sylvie Vartan, Laura Smet ou encore<br \/>\nAlexandra Pastor ;<\/li>\n<li>La volont\u00e9 de prot\u00e9ger l&rsquo;image de Johnny Hallyday aupr\u00e8s de<br \/>\nJade et Joy.<\/li>\n<\/ul>\n<p>Pour lui, ce film appara\u00eet comme une fa\u00e7on de \u00ab\u00a0raconter<br \/>\n[son] histoire\u2026 Une histoire de famille\u00a0\u00bb, sans effacer les<br \/>\ncicatrices.<\/p>\n","protected":false},"excerpt":{"rendered":"Huit ans apr\u00e8s la mort de Johnny, David Hallyday rouvre la bo\u00eete des souvenirs dans un documentaire M6&hellip;\n","protected":false},"author":2,"featured_media":590952,"comment_status":"","ping_status":"","sticky":false,"template":"","format":"standard","meta":{"footnotes":""},"categories":[8],"tags":[10281,58,59,1011,27],"class_list":{"0":"post-590951","1":"post","2":"type-post","3":"status-publish","4":"format-standard","5":"has-post-thumbnail","7":"category-divertissement","8":"tag-buzz-nonli","9":"tag-divertissement","10":"tag-entertainment","11":"tag-fr","12":"tag-france"},"share_on_mastodon":{"url":"https:\/\/pubeurope.com\/@fr\/115695983375538484","error":""},"_links":{"self":[{"href":"https:\/\/www.europesays.com\/fr\/wp-json\/wp\/v2\/posts\/590951","targetHints":{"allow":["GET"]}}],"collection":[{"href":"https:\/\/www.europesays.com\/fr\/wp-json\/wp\/v2\/posts"}],"about":[{"href":"https:\/\/www.europesays.com\/fr\/wp-json\/wp\/v2\/types\/post"}],"author":[{"embeddable":true,"href":"https:\/\/www.europesays.com\/fr\/wp-json\/wp\/v2\/users\/2"}],"replies":[{"embeddable":true,"href":"https:\/\/www.europesays.com\/fr\/wp-json\/wp\/v2\/comments?post=590951"}],"version-history":[{"count":0,"href":"https:\/\/www.europesays.com\/fr\/wp-json\/wp\/v2\/posts\/590951\/revisions"}],"wp:featuredmedia":[{"embeddable":true,"href":"https:\/\/www.europesays.com\/fr\/wp-json\/wp\/v2\/media\/590952"}],"wp:attachment":[{"href":"https:\/\/www.europesays.com\/fr\/wp-json\/wp\/v2\/media?parent=590951"}],"wp:term":[{"taxonomy":"category","embeddable":true,"href":"https:\/\/www.europesays.com\/fr\/wp-json\/wp\/v2\/categories?post=590951"},{"taxonomy":"post_tag","embeddable":true,"href":"https:\/\/www.europesays.com\/fr\/wp-json\/wp\/v2\/tags?post=590951"}],"curies":[{"name":"wp","href":"https:\/\/api.w.org\/{rel}","templated":true}]}}