{"id":590957,"date":"2025-12-10T15:32:28","date_gmt":"2025-12-10T15:32:28","guid":{"rendered":"https:\/\/www.europesays.com\/fr\/590957\/"},"modified":"2025-12-10T15:32:28","modified_gmt":"2025-12-10T15:32:28","slug":"les-combats-frontaliers-poussent-un-demi-million-de-personnes-a-evacuer-liberation","status":"publish","type":"post","link":"https:\/\/www.europesays.com\/fr\/590957\/","title":{"rendered":"les combats frontaliers poussent un demi-million de personnes \u00e0 \u00e9vacuer \u2013 Lib\u00e9ration"},"content":{"rendered":"<p class=\"sc-cPiKLX AiZTS text-element\">Plus d\u2019un demi-million de personnes ont \u00e9vacu\u00e9 les r\u00e9gions frontali\u00e8res de la Tha\u00eflande et du Cambodge, o\u00f9 les combats qui se poursuivent ce mercredi 10 d\u00e9cembre ont fait au moins quatorze morts depuis le d\u00e9but de la semaine, amenant le pr\u00e9sident Donald Trump \u00e0 annoncer son intervention pour \u00abarr\u00eater\u00bb les hostilit\u00e9s. Les deux voisins se disputent <a href=\"https:\/\/www.liberation.fr\/international\/asie-pacifique\/surenchere-dans-le-conflit-frontalier-entre-le-cambodge-et-la-thailande-20250606_U7PM7BMGSNEV7LFSE4LH7O46YY\/\" target=\"_blank\" rel=\"noreferrer noopener\" title=\"https:\/\/www.liberation.fr\/international\/asie-pacifique\/surenchere-dans-le-conflit-frontalier-entre-le-cambodge-et-la-thailande-20250606_U7PM7BMGSNEV7LFSE4LH7O46YY\/\">le trac\u00e9 de leur fronti\u00e8re commune<\/a>.<\/p>\n<p class=\"sc-cPiKLX AiZTS text-element\">\u00abLes civils ont d\u00fb \u00e9vacuer massivement en raison de ce que nous avons \u00e9valu\u00e9 comme une menace imminente pour leur s\u00e9curit\u00e9\u00bb, a expliqu\u00e9 le porte-parole du minist\u00e8re tha\u00eflandais de la D\u00e9fense, Surasant Kongsiri, apr\u00e8s avoir annonc\u00e9 l\u2019\u00e9vacuation de plus de 400 000 de ses ressortissants. L\u2019arm\u00e9e cambodgienne a fait savoir de son c\u00f4t\u00e9 que plus de 100 000 personnes avaient \u00e9t\u00e9 contraintes de quitter leurs maisons dans cinq provinces bordant la fronti\u00e8re contest\u00e9e.<\/p>\n<p class=\"sc-cPiKLX AiZTS text-element\">Les deux voisins d\u2019Asie du Sud-Est <a href=\"https:\/\/www.liberation.fr\/international\/asie-pacifique\/cambodge-thailande-regain-de-tensions-et-frappes-aeriennes-mortelles-a-la-frontiere-20251208_NYIPLHAK3BFJLCKNISHNF6OALM\/\" target=\"_blank\" rel=\"noreferrer noopener\" title=\"https:\/\/www.liberation.fr\/international\/asie-pacifique\/cambodge-thailande-regain-de-tensions-et-frappes-aeriennes-mortelles-a-la-frontiere-20251208_NYIPLHAK3BFJLCKNISHNF6OALM\/\">s\u2019accusent mutuellement d\u2019avoir d\u00e9clench\u00e9 la reprise des hostilit\u00e9s<\/a>, dans lesquelles neuf civils cambodgiens, dont un enfant, et cinq soldats tha\u00eflandais ont \u00e9t\u00e9 tu\u00e9s, selon les derniers bilans des autorit\u00e9s. Le pr\u00e9c\u00e9dent bilan faisait \u00e9tat de onze morts. Le nombre de d\u00e9plac\u00e9s d\u00e9passe celui du mois de juillet, lorsque 300 000 personnes avaient fui les combats, au sol et dans les airs, <a href=\"https:\/\/www.liberation.fr\/international\/asie-pacifique\/les-affrontements-entre-la-thailande-et-le-cambodge-font-33-morts-20250726_UBKW3IQ37ZCKLC5QYTXMRTSFYQ\/?redirected=1\" target=\"_blank\" rel=\"noreferrer noopener\" title=\"https:\/\/www.liberation.fr\/international\/asie-pacifique\/les-affrontements-entre-la-thailande-et-le-cambodge-font-33-morts-20250726_UBKW3IQ37ZCKLC5QYTXMRTSFYQ\/?redirected=1\">qui avaient fait 43 morts<\/a> de part et d\u2019autre en cinq jours.<\/p>\n<p class=\"sc-cPiKLX AiZTS text-element\">La Tha\u00eflande et le Cambodge avaient sign\u00e9 le 26 octobre <a href=\"https:\/\/www.liberation.fr\/international\/asie-pacifique\/le-cambodge-et-la-thailande-signent-un-accord-de-cessez-le-feu-sous-legide-de-trump-20251026_AABZ5HROTBH5HDI7OAQKZW5WYA\/#:~:text=Asie-,Le%20Cambodge%20et%20la%20Tha%C3%AFlande%20signent%20un%20accord%20de%20cessez,sign%C3%A9e%20ce%20dimanche%2026%20octobre.\" target=\"_blank\" rel=\"noreferrer noopener\" title=\"https:\/\/www.liberation.fr\/international\/asie-pacifique\/le-cambodge-et-la-thailande-signent-un-accord-de-cessez-le-feu-sous-legide-de-trump-20251026_AABZ5HROTBH5HDI7OAQKZW5WYA\/#:~:text=Asie-,Le%20Cambodge%20et%20la%20Tha%C3%AFlande%20signent%20un%20accord%20de%20cessez,sign%C3%A9e%20ce%20dimanche%2026%20octobre.\">un accord de cessez-le-feu sous l\u2019\u00e9gide de Donald Trump<\/a>, suspendu quelques semaines plus tard. Le pr\u00e9sident am\u00e9ricain a affirm\u00e9 mardi au cours d\u2019un rassemblement devant ses partisans en Pennsylvanie qu\u2019il comptait appeler les dirigeants des deux pays pour leur demander de cesser les combats. \u00abDemain, je dois passer un coup de fil et je pense qu\u2019ils vont comprendre\u00bb, a-t-il lanc\u00e9 avant de se vanter : \u00abQui d\u2019autre pourrait dire \u201cje vais passer un coup de fil et arr\u00eater une guerre entre deux pays tr\u00e8s puissants\u201d?\u00bb<\/p>\n<p class=\"sc-cPiKLX AiZTS text-element\">Des tirs d\u2019artillerie r\u00e9sonnaient mercredi matin dans le village cambodgien quasiment d\u00e9sert de Samraong, \u00e0 quelques kilom\u00e8tres de la fronti\u00e8re et de plusieurs temples historiques revendiqu\u00e9s par la Tha\u00eflande. \u00abLes combats sont plus intenses cette fois [qu\u2019en juillet], les Tha\u00eflandais larguent des bombes depuis des avions de chasse\u00bb, a dit \u00e0 l\u2019AFP Lay Non, qui a trouv\u00e9 refuge dans une pagode de la province de Siem Reap. \u00abJe me sens apais\u00e9 ici\u00bb, a poursuivi l\u2019agent de s\u00e9curit\u00e9 de 55 ans, assis pr\u00e8s d\u2019une grande statue de Bouddha.<\/p>\n<p class=\"sc-cPiKLX AiZTS text-element\">De l\u2019autre c\u00f4t\u00e9 de la fronti\u00e8re, Niam Poda faisait sa lessive lundi chez elle, <a href=\"https:\/\/www.liberation.fr\/international\/asie-pacifique\/en-thailande-pres-de-la-frontiere-cambodgienne-ce-conflit-na-aucun-sens-20250729_QXYUU455LBEVDB4PFZAWA67YHE\/\" target=\"_blank\" rel=\"noreferrer noopener\" title=\"https:\/\/www.liberation.fr\/international\/asie-pacifique\/en-thailande-pres-de-la-frontiere-cambodgienne-ce-conflit-na-aucun-sens-20250729_QXYUU455LBEVDB4PFZAWA67YHE\/\">dans la province tha\u00eflandaise<\/a> de Sa Kaeo, lorsqu\u2019une forte explosion a retenti. \u00abJ\u2019ai d\u00fb courir pour sauver ma vie d\u00e8s que j\u2019ai pu\u00bb, a t\u00e9moign\u00e9 l\u2019agricultrice de 62 ans, qui a laiss\u00e9 derri\u00e8re dans la pr\u00e9cipitation ses m\u00e9dicaments contre le diab\u00e8te et l\u2019hypertension. \u00abJ\u2019esp\u00e8re que la paix reviendra rapidement pour que je puisse retourner m\u2019occuper de mes cannes \u00e0 sucre\u00bb, a-t-elle ajout\u00e9 devant sa tente install\u00e9e sous un abri de fortune.<\/p>\n<p class=\"sc-cPiKLX AiZTS text-element\">La Tha\u00eflande poursuivra ses op\u00e9rations militaires jusqu\u2019\u00e0 ce que le Cambodge \u00abchange de position\u00bb, a affirm\u00e9 mardi soir le minist\u00e8re tha\u00eflandais de la D\u00e9fense, sans montrer de signes d\u2019apaisement. Dans ce contexte, le Cambodge s\u2019est retir\u00e9 ce mercredi des Jeux d\u2019Asie du Sud-Est, une comp\u00e9tition sportive r\u00e9gionale organis\u00e9e par la Tha\u00eflande dont la c\u00e9r\u00e9monie d\u2019ouverture avait eu lieu la veille.<\/p>\n","protected":false},"excerpt":{"rendered":"Plus d\u2019un demi-million de personnes ont \u00e9vacu\u00e9 les r\u00e9gions frontali\u00e8res de la Tha\u00eflande et du Cambodge, o\u00f9 les&hellip;\n","protected":false},"author":2,"featured_media":590958,"comment_status":"","ping_status":"","sticky":false,"template":"","format":"standard","meta":{"footnotes":""},"categories":[5],"tags":[11,9265,1011,27,14,12,1684,28],"class_list":{"0":"post-590957","1":"post","2":"type-post","3":"status-publish","4":"format-standard","5":"has-post-thumbnail","7":"category-international","8":"tag-actualites","9":"tag-cambodge","10":"tag-fr","11":"tag-france","12":"tag-international","13":"tag-news","14":"tag-thailande","15":"tag-world"},"share_on_mastodon":{"url":"https:\/\/pubeurope.com\/@fr\/115695999094949534","error":""},"_links":{"self":[{"href":"https:\/\/www.europesays.com\/fr\/wp-json\/wp\/v2\/posts\/590957","targetHints":{"allow":["GET"]}}],"collection":[{"href":"https:\/\/www.europesays.com\/fr\/wp-json\/wp\/v2\/posts"}],"about":[{"href":"https:\/\/www.europesays.com\/fr\/wp-json\/wp\/v2\/types\/post"}],"author":[{"embeddable":true,"href":"https:\/\/www.europesays.com\/fr\/wp-json\/wp\/v2\/users\/2"}],"replies":[{"embeddable":true,"href":"https:\/\/www.europesays.com\/fr\/wp-json\/wp\/v2\/comments?post=590957"}],"version-history":[{"count":0,"href":"https:\/\/www.europesays.com\/fr\/wp-json\/wp\/v2\/posts\/590957\/revisions"}],"wp:featuredmedia":[{"embeddable":true,"href":"https:\/\/www.europesays.com\/fr\/wp-json\/wp\/v2\/media\/590958"}],"wp:attachment":[{"href":"https:\/\/www.europesays.com\/fr\/wp-json\/wp\/v2\/media?parent=590957"}],"wp:term":[{"taxonomy":"category","embeddable":true,"href":"https:\/\/www.europesays.com\/fr\/wp-json\/wp\/v2\/categories?post=590957"},{"taxonomy":"post_tag","embeddable":true,"href":"https:\/\/www.europesays.com\/fr\/wp-json\/wp\/v2\/tags?post=590957"}],"curies":[{"name":"wp","href":"https:\/\/api.w.org\/{rel}","templated":true}]}}