{"id":590985,"date":"2025-12-10T15:49:14","date_gmt":"2025-12-10T15:49:14","guid":{"rendered":"https:\/\/www.europesays.com\/fr\/590985\/"},"modified":"2025-12-10T15:49:14","modified_gmt":"2025-12-10T15:49:14","slug":"pourquoi-des-tracteurs-risquent-de-perturber-le-centre-ville-de-rennes","status":"publish","type":"post","link":"https:\/\/www.europesays.com\/fr\/590985\/","title":{"rendered":"pourquoi des tracteurs risquent de perturber le centre-ville de Rennes"},"content":{"rendered":"<p>                    Par<br \/>\n        <strong><br \/>\n            <a href=\"https:\/\/actu.fr\/auteur\/laurene-fertin\" title=\"Consulter tous les articles de Laur\u00e8ne Fertin\" target=\"_blank\" rel=\"noopener\">Laur\u00e8ne Fertin<\/a><br \/>\n                    <\/strong><\/p>\n<p>        Publi\u00e9 le<\/p>\n<p>            10 d\u00e9c. 2025 \u00e0 16h36        <\/p>\n<p>Ils sont en col\u00e8re et comptent bien le clamer. Jeudi 11\u00a0d\u00e9cembre 2025, <strong>une manifestation rassemblant des tracteurs<\/strong> est entrevue, <strong>dans les rues<\/strong> du centre-ville de la capitale bretonne. Pour cause\u2009: <a href=\"https:\/\/www.star.fr\/\" target=\"_blank\" rel=\"noopener\">de 14h \u00e0 17h, plusieurs lignes de bus seront d\u00e9vi\u00e9es<\/a>, indique le Star.<\/p>\n<p class=\" wall-content\">FRSEA Bretagne, JA (Jeunes agriculteurs)\u2026 <strong>Diff\u00e9rents syndicats agricoles<\/strong> se r\u00e9unissent en effet ce m\u00eame jour, <strong>d\u00e8s 11h<\/strong>, \u00e0 Ch\u00e2teaubourg (Ille-et-Vilaine) pour montrer leur col\u00e8re vis-\u00e0-vis de<a href=\"https:\/\/actu.fr\/bretagne\/rennes_35238\/sage-vilaine-les-organisations-agricoles-exhortent-letat-a-ne-pas-signer-larrete_63510827.html\" target=\"_blank\" rel=\"noopener\"> la signature du <strong>SAGE,<\/strong> <\/a>le Sch\u00e9ma d\u2019am\u00e9nagement des eaux. La Coordination rurale souhaite, <strong>d\u00e8s 15h,<\/strong> se rendre <strong>devant la pr\u00e9fecture de Bretagne<\/strong>, \u00e0 Rennes.<\/p>\n<p>De quoi parle-t-on\u2009?<\/p>\n<p class=\" wall-content\">Le SAGE est concern\u00e9, depuis 2022, par une r\u00e9vision <a href=\"https:\/\/presse.metropole.rennes.fr\/lancement-de-la-consultation-publique-de-la-revision-du-sage-vilaine\/\" target=\"_blank\" rel=\"noopener\">dans un contexte de tension de plus en plus forte sur la ressource en eau<\/a>. Le but\u2009: adopter <strong>de nouvelles dispositions r\u00e9glementaires<\/strong> afin de mieux prot\u00e9ger <strong>le bassin-versant de la Vilaine,<\/strong> \u00ab\u2009en prenant compte des \u00e9volutions des ressources, de ses usages et des risques naturels li\u00e9s tels que<a href=\"https:\/\/actu.fr\/bretagne\/rennes_35238\/inondations-historiques-rennes-reconnue-en-etat-de-catastrophe-naturelle-comme-111-autres-communes_62235360.html\" target=\"_blank\" rel=\"noopener\"> les inondations<\/a>\u2009\u00bb.<\/p>\n<p class=\" wall-content\">En d\u2019autres termes, il permet <strong>de \u00ab\u2009fixer les objectifs et orientations des usages de l\u2019eau<\/strong> par<strong> les diff\u00e9rents acteurs<\/strong> du territoire\u2009\u00bb.<\/p>\n<p>Une agriculture \u00ab\u2009en p\u00e9ril\u2009\u00bb<\/p>\n<p class=\" wall-content\">Seulement la FRSEA Bretagne, la FRSEA Pays de la Loire ainsi que les Jeunes agriculteurs (JA), sans oublier les f\u00e9d\u00e9rations d\u00e9partementales associ\u00e9es, <strong>fustigent la nouvelle mouture<\/strong> du document de planification. Selon ces organisations, 15 r\u00e8gles sont pr\u00e9vues, dont 9 touchent sp\u00e9cifiquement l\u2019activit\u00e9 agricole, avec<strong> des sanctions jug\u00e9es in\u00e9dites<\/strong>, indiquent nos coll\u00e8gues de <a href=\"https:\/\/actu.fr\/terra\" target=\"_blank\" rel=\"noopener\">Terra<\/a>.<\/p>\n<blockquote class=\"ac-article-quote wall-content\">\n<p>Elles d\u00e9noncent une \u00ab\u2009surench\u00e8re normative jamais vue en France\u2009\u00bb et affirment que l\u2019\u00c9tat doit d\u00e9sormais \u00ab\u2009s\u2019opposer \u00e0 la pers\u00e9cution de l\u2019agriculture\u2009\u00bb.<\/p>\n<p>    <strong>Terra<\/strong>\n            <\/p><\/blockquote>\n<p>Votre r\u00e9gion, votre actu !<\/p>\n<p>Recevez chaque jour les infos qui comptent pour vous.<\/p>\n<p>\t<a href=\"https:\/\/actu.fr\/newsletter\" class=\"ac-btn ac-btn--corner ac-btn--medium ac-btn--blue800\" target=\"_blank\" rel=\"noopener\">S&rsquo;incrire<\/a><\/p>\n<p class=\" wall-content\">Le projet mettrait<strong> \u00ab\u2009en p\u00e9ril une agriculture dynamique, de terroir\u2009\u00bb.<\/strong> La Coordination rurale d\u00e9nonce <strong>\u00ab\u2009des interdictions brutales\u2009\u00bb<\/strong> concernant le d\u00e9sherbage, le drainage en projet ou existant, la destruction des barrages ou encore le niveau d\u2019eau des marais, \u00ab\u2009sans \u00e9tude d\u2019impact \u00e9conomique ni solutions r\u00e9alistes\u2009\u00bb.<\/p>\n<p>La Conf\u00e9d\u00e9ration paysanne \u00e0 rebours<\/p>\n<p>Les Conf\u00e9d\u00e9rations paysannes d\u2019Ille-et-Vilaine, du Morbihan, des C\u00f4tes-d\u2019Armor et de Bretagne, a contrario, appellent \u00e9galement \u00e0 se mobiliser non pas pour s&rsquo;insurger contre le nouveau SAGE, mais le d\u00e9fendre. Selon elles, moins de 8\u2009% des cours d\u2019eau du bassin Vilaine sont en bon \u00e9tat. \u00c0 ce titre, la pollution aux pesticides demeure \u00ab\u00a0une menace pour la sant\u00e9 publique\u00a0\u00bb. \u00ab\u00a0Des milliers d\u2019agriculteur\u00b7rices prouvent chaque jour que des alternatives existent\u00a0\u00bb, rappellent les Conf\u00e9d\u00e9rations.<\/p>\n<p>La signature report\u00e9e, les \u00e9changes maintenus<\/p>\n<p class=\" wall-content\">Si la signature devait initialement s\u2019effectuer jeudi 11\u00a0d\u00e9cembre avec la Commission locale de l\u2019eau (CLE) Vilaine, elle est finalement <strong>report\u00e9e au 16\u00a0janvier<\/strong>.<\/p>\n<p class=\" wall-content\">Toutefois, ses membres se r\u00e9unissent quand m\u00eame jeudi pour discuter d\u2019\u00e9ventuels ajustements \u2013 en lien avec <a href=\"https:\/\/www.registre-dematerialise.fr\/6738\/\" target=\"_blank\" rel=\"noopener\">la consultation publique<\/a>, men\u00e9e du 15\u00a0octobre au 14\u00a0novembre.<\/p>\n<p class=\" wall-content\">Les agriculteurs souhaitent ainsi faire entendre <strong>\u00ab\u2009[leur] voix avec force et unit\u00e9\u2009\u00bb<\/strong>.<\/p>\n<p class=\" wall-content\">Personnalisez votre actualit\u00e9 en ajoutant vos villes et m\u00e9dias en favori avec <a href=\"https:\/\/moncompte.actu.fr\" title=\"D\u00e9couvez Mon Actu\" rel=\"nofollow noopener\" data-trk=\"{&quot;cta&quot;:{&quot;action&quot;:&quot;https:\\\/\\\/moncompte.actu.fr&quot;,&quot;category&quot;:&quot;mon compte&quot;,&quot;from&quot;:&quot;article footer&quot;,&quot;name&quot;:&quot;Mon actu&quot;,&quot;type&quot;:&quot;cta&quot;}}\" target=\"_blank\">Mon Actu<\/a>.<\/p>\n","protected":false},"excerpt":{"rendered":"Par Laur\u00e8ne Fertin Publi\u00e9 le 10 d\u00e9c. 2025 \u00e0 16h36 Ils sont en col\u00e8re et comptent bien le&hellip;\n","protected":false},"author":2,"featured_media":590986,"comment_status":"","ping_status":"","sticky":false,"template":"","format":"standard","meta":{"footnotes":""},"categories":[2821],"tags":[1111,11,327,829,436,1777,674,1011,27,12,584,25,104],"class_list":{"0":"post-590985","1":"post","2":"type-post","3":"status-publish","4":"format-standard","5":"has-post-thumbnail","7":"category-rennes","8":"tag-actu","9":"tag-actualites","10":"tag-agriculture","11":"tag-bretagne","12":"tag-environnement","13":"tag-eu","14":"tag-europe","15":"tag-fr","16":"tag-france","17":"tag-news","18":"tag-rennes","19":"tag-republique-francaise","20":"tag-societe"},"share_on_mastodon":{"url":"https:\/\/pubeurope.com\/@fr\/115696065812525773","error":""},"_links":{"self":[{"href":"https:\/\/www.europesays.com\/fr\/wp-json\/wp\/v2\/posts\/590985","targetHints":{"allow":["GET"]}}],"collection":[{"href":"https:\/\/www.europesays.com\/fr\/wp-json\/wp\/v2\/posts"}],"about":[{"href":"https:\/\/www.europesays.com\/fr\/wp-json\/wp\/v2\/types\/post"}],"author":[{"embeddable":true,"href":"https:\/\/www.europesays.com\/fr\/wp-json\/wp\/v2\/users\/2"}],"replies":[{"embeddable":true,"href":"https:\/\/www.europesays.com\/fr\/wp-json\/wp\/v2\/comments?post=590985"}],"version-history":[{"count":0,"href":"https:\/\/www.europesays.com\/fr\/wp-json\/wp\/v2\/posts\/590985\/revisions"}],"wp:featuredmedia":[{"embeddable":true,"href":"https:\/\/www.europesays.com\/fr\/wp-json\/wp\/v2\/media\/590986"}],"wp:attachment":[{"href":"https:\/\/www.europesays.com\/fr\/wp-json\/wp\/v2\/media?parent=590985"}],"wp:term":[{"taxonomy":"category","embeddable":true,"href":"https:\/\/www.europesays.com\/fr\/wp-json\/wp\/v2\/categories?post=590985"},{"taxonomy":"post_tag","embeddable":true,"href":"https:\/\/www.europesays.com\/fr\/wp-json\/wp\/v2\/tags?post=590985"}],"curies":[{"name":"wp","href":"https:\/\/api.w.org\/{rel}","templated":true}]}}