{"id":590989,"date":"2025-12-10T15:51:20","date_gmt":"2025-12-10T15:51:20","guid":{"rendered":"https:\/\/www.europesays.com\/fr\/590989\/"},"modified":"2025-12-10T15:51:20","modified_gmt":"2025-12-10T15:51:20","slug":"on-fait-quoi-ce-week-end-plutot-chasse-aux-cadeaux-de-noel-ou-concert-de-lavent-nos-idees-de-sorties-a-strasbourg","status":"publish","type":"post","link":"https:\/\/www.europesays.com\/fr\/590989\/","title":{"rendered":"On fait quoi ce week-end. Plut\u00f4t chasse aux cadeaux de No\u00ebl ou concert de l&rsquo;avent ? Nos id\u00e9es de sorties \u00e0 Strasbourg"},"content":{"rendered":"<p>  Au parc Gr\u00fcber,\u00a0les cr\u00e9ateurs locaux ont de bonnes id\u00e9es cadeaux \u00e0 vous proposer<\/p>\n<p>Pas moins de 14 ateliers ouverts, une grande vari\u00e9t\u00e9 de techniques artisanales et artistiques\u00a0: pendant deux week-end, le parc Gr\u00fcber h\u00e9berge son march\u00e9 de No\u00ebl des\u00a0cr\u00e9ateurs et cr\u00e9atrices. En se promenant dans le parc, les visiteurs pourront d\u00e9couvrir leur travail et d\u00e9nicher quelques bonnes id\u00e9es de cadeaux originaux \u00e0 l\u2019approche des f\u00eates. De nombreuses techniques sont repr\u00e9sent\u00e9es\u00a0: papeterie, lithographie, illustration, photographie, peinture, orf\u00e8vrerie, broderie, c\u00e9ramique, objets et jouets en bois, upcycling\u2026 Un plan sera fourni sur place afin de ne rien rater\u00a0!<\/p>\n<p>Des animations festives compl\u00e8tent ce rendez-vous\u00a0\u00a0: samedi 13\u00a0d\u00e9cembre \u00e0 partir de 16\u00a0h, la Fanfare de Meufs propose une d\u00e9ambulation musicale depuis le 3, rue des Cheminots. Le dimanche\u00a014 et le samedi 20\u00a0d\u00e9cembre \u00e0 14\u00a0h et 16\u00a0h, l\u2019atelier Dali architecture vous accueille au sein de la Maison Rose pour \u201cArchitectes en herbe\u201d, un atelier de sensibilisation \u00e0 l\u2019architecture. Les enfants de 5 \u00e0 10 ans pourront y assembler et colorer de petites maisons en bois pour d\u00e9corer le sapin \u00e0 la maison (entr\u00e9e \u00e0 prix libre).<\/p>\n<p class=\"note\">Au\u00a0parc Gruber, 91, route des Romains (une autre entr\u00e9e est possible rue de la Garance), les week-ends du 13 au 14 et du 20\u00a0au 21\u00a0d\u00e9cembre de 11\u00a0h \u00e0 19\u00a0h.\u00a0Petite restauration sur place.<\/p>\n<p>        &#13;<br \/>\n          <a href=\"https:\/\/cdn-s-www.dna.fr\/images\/e5a051af-83ab-4c7b-bbf4-010241682709\/NW_raw\/mikan-market-2025-photo-dr-amypiou-1765375430.jpg\" title=\"Mikan market 2025 Photo Dr Amypiou\" class=\"chocolat-image GA-tracking\" data-ga_type=\"click\" data-ga_category=\"D\u00e9tail\" data-ga_action=\"zoomer\" data-ga_label=\"agrandir image\" target=\"_blank\" rel=\"noopener\">&#13;<br \/>\n            <img loading=\"lazy\" decoding=\"async\" src=\"https:\/\/www.europesays.com\/fr\/wp-content\/uploads\/2025\/12\/mikan-market-2025-photo-dr-amypiou-1765375430.jpg\" alt=\"Mikan market 2025 Photo Dr Amypiou\"\/>&#13;<br \/>\n          <\/a>&#13;<br \/>\n          &#13;<\/p>\n<p class=\"insetTitle\">Un insolit\u00e9 march\u00e9 de No\u00ebl japonais au caf\u00e9 les Compotes \u00e0 Strasbourg<\/p>\n<p>Illustrations, kintsugi, p\u00e2tisseries, th\u00e9s, c\u00e9ramiques\u2026 Le Mikan market, un insolite march\u00e9 de No\u00ebl japonais, revient les 13 et 14 d\u00e9cembre de 10 h \u00e0 18 h au caf\u00e9 Les Compotes. Quatorze exposants pr\u00e9senteront un pan traditionnel et artisanal de la culture de l\u2019archipel. Des ateliers de reliure, shiatsu ou encore de d\u00e9couverte de th\u00e9 seront propos\u00e9s.<\/p>\n<p>        &#13;<br \/>\n          <a href=\"https:\/\/cdn-s-www.dna.fr\/images\/7d1764cd-5b08-48c2-841a-7d7505b9945a\/NW_raw\/photo-dr-1733939446.jpg\" title=\"\u00a0Photo DR\" class=\"chocolat-image GA-tracking\" data-ga_type=\"click\" data-ga_category=\"D\u00e9tail\" data-ga_action=\"zoomer\" data-ga_label=\"agrandir image\" target=\"_blank\" rel=\"noopener\">&#13;<br \/>\n            <img loading=\"lazy\" decoding=\"async\" src=\"https:\/\/www.europesays.com\/fr\/wp-content\/uploads\/2025\/12\/photo-dr-1733939446.jpg\" alt=\"\u00a0Photo DR\"\/>&#13;<br \/>\n          <\/a>&#13;<br \/>\n          &#13;<\/p>\n<p class=\"insetTitle\">Plus de 60 cr\u00e9ateurs sous le sapin \u00e0 la Halle du march\u00e9 <\/p>\n<p>Ce dimanche 14 d\u00e9cembre de 10 h \u00e0 18 h, une soixantaine d\u2019artistes et de cr\u00e9ateurs seront pr\u00e9sents \u00e0 la Halle du march\u00e9, place du March\u00e9 \u00e0 Strasbourg, pour le March\u00e9 des cr\u00e9ateurs de <a href=\"https:\/\/www.dna.fr\/culture-loisirs\/2025\/04\/17\/joli-succes-pour-le-marche-des-createurs-de-touch-arts\" target=\"_blank\" rel=\"noopener\">l\u2019association Touch-Arts<\/a>. Bijoux en pierres naturelles, luminaires, cosm\u00e9tiques, accessoires, maroquinerie, gravure, sculpture\u2026 De quoi garnir le sapin d\u2019objets fabriqu\u00e9s localement et de fa\u00e7on artisanale ! Entr\u00e9e libre.<\/p>\n<p>  Un concert d&rsquo;orgue autour de l&rsquo;avent au\u00a0couvent des Dominicains\u00a0<\/p>\n<p>Dans le cadre des concerts autour du <a href=\"https:\/\/www.dna.fr\/culture-loisirs\/2024\/04\/08\/une-quinzaine-d-organistes-a-la-decouverte-du-nouvel-orgue-des-dominicains\" target=\"_blank\" rel=\"noopener\">nouvel orgue<\/a> et en pr\u00e9lude aux premi\u00e8res v\u00eapres du dimanche, les Dominicains programment un r\u00e9cital d\u2019orgue par Jean-Luc Iffrig en l\u2019\u00e9glise du couvent, boulevard de la Victoire, samedi 13 d\u00e9cembre \u00e0 17 h 30.<\/p>\n<p>L\u2019organiste Jean-Luc Iffrig, co-titulaire de l\u2019orgue Silbermann de Sainte-Aur\u00e9lie de Strasbourg et musicien reconnu, interpr\u00e9tera un programme autour des grandes hymnes gr\u00e9goriennes de l\u2019avent avec des \u0153uvres du XVIe, XVIIe et XVIIIe\u00a0si\u00e8cle.<\/p>\n<p>Un programme qui sera en parfaite ad\u00e9quation avec le style de l\u2019orgue inspir\u00e9 des orgues Thuringeois qu\u2019a c\u00f4toy\u00e9 Jean-S\u00e9bastien Bach.<\/p>\n<p>Pi\u00e8ce incontournable du temps de l\u2019avent, le Magnificat BWV 733 de J.S. Bach r\u00e9sonnera apr\u00e8s l\u2019interpr\u00e9tation de diff\u00e9rentes pi\u00e8ces \u00e9crites par ses pr\u00e9d\u00e9cesseurs, c\u00e9l\u00e9brant la joie de l\u2019attente de No\u00ebl.<\/p>\n<p>Les hymnes gr\u00e9goriennes seront chant\u00e9es par Victor Weller en incipit aux diff\u00e9rents versets d\u2019orgue, soulignant le caract\u00e8re sacr\u00e9 des pi\u00e8ces d\u2019orgue compos\u00e9es par des compositeurs baign\u00e9s par la foi luth\u00e9rienne allemande prenant sa source dans la liturgie gr\u00e9gorienne ancienne.<\/p>\n<p>\u00c0 l\u2019issue du concert, <a href=\"https:\/\/www.dna.fr\/culture-loisirs\/2025\/11\/20\/decouverte-et-pedagogie-au-coeur-du-concert-de-l-organiste-jean-luc-iffrig\" target=\"_blank\" rel=\"noopener\">Jean-Luc Iffrig<\/a> jouera\u00a0les premi\u00e8res v\u00eapres du dimanche, office du soir qui dans la tradition chr\u00e9tienne est empreint d\u2019une grande solennit\u00e9.<\/p>\n<p class=\"note\">Samedi 13\u00a0d\u00e9cembre \u00e0 17\u00a0h\u00a030. Couvent des Dominicains, 41, boulevard de la Victoire \u00e0 Strasbourg. Entr\u00e9e libre, libre participation.<\/p>\n<p>        &#13;<br \/>\n          <a href=\"https:\/\/cdn-s-www.dna.fr\/images\/951c3a9b-012f-4719-9162-e5d5b21780ed\/NW_raw\/le-choeur-cantallia-est-en-concert-samedi-a-strasbourg-et-dimanche-a-ostwald-photo-dr-1765377022.jpg\" title=\"Le Choeur Cantallia est en concert samedi \u00e0 Strasbourg et dimanche \u00e0 Ostwald. Photo Dr\" class=\"chocolat-image GA-tracking\" data-ga_type=\"click\" data-ga_category=\"D\u00e9tail\" data-ga_action=\"zoomer\" data-ga_label=\"agrandir image\" target=\"_blank\" rel=\"noopener\">&#13;<br \/>\n            <img loading=\"lazy\" decoding=\"async\" src=\"https:\/\/www.europesays.com\/fr\/wp-content\/uploads\/2025\/12\/le-choeur-cantallia-est-en-concert-samedi-a-strasbourg-et-dimanche-a-ostwald-photo-dr-1765377022.jpg\" alt=\"Le Choeur Cantallia est en concert samedi \u00e0 Strasbourg et dimanche \u00e0 Ostwald. Photo Dr\"\/>&#13;<br \/>\n          <\/a>&#13;<br \/>\n          &#13;<\/p>\n<p class=\"insetTitle\">Un week-end, deux concerts de No\u00ebl pour le Choeur Cantallia \u00e0 Strasbourg et Ostwald<\/p>\n<p>Pour entra\u00eener le public dans la magie des f\u00eates de fin d\u2019ann\u00e9e, le Ch\u0153ur Cantallia, sous la direction de Guillaume Frey, interpr\u00e9tera des m\u00e9lodies traditionnelles venues notamment du Grand Nord, d\u2019Angleterre et d\u2019Allemagne, le samedi 13 d\u00e9cembre \u00e0 20 h \u00e0 l\u2018\u00e9glise Saint-Sauveur de Strasbourg-Cronenbourg, place Mathieu Zell ; puis le dimanche 14 d\u00e9cembre \u00e0 17 h \u00e0 l\u2019\u00e9glise protestante d\u2019Ostwald, 1, rue du Dr Albert Schweitzer. Entr\u00e9e libre.<\/p>\n","protected":false},"excerpt":{"rendered":"Au parc Gr\u00fcber,\u00a0les cr\u00e9ateurs locaux ont de bonnes id\u00e9es cadeaux \u00e0 vous proposer Pas moins de 14 ateliers&hellip;\n","protected":false},"author":2,"featured_media":590990,"comment_status":"","ping_status":"","sticky":false,"template":"","format":"standard","meta":{"footnotes":""},"categories":[2820],"tags":[1111,11,1477,1687,33,2880,1777,674,107,1011,27,775,2089,873,12,15830,25,640,2879],"class_list":{"0":"post-590989","1":"post","2":"type-post","3":"status-publish","4":"format-standard","5":"has-post-thumbnail","7":"category-strasbourg","8":"tag-actu","9":"tag-actualites","10":"tag-artisanat","11":"tag-culture-loisirs","12":"tag-economie","13":"tag-edition-strasbourg","14":"tag-eu","15":"tag-europe","16":"tag-fil-info","17":"tag-fr","18":"tag-france","19":"tag-grand-est","20":"tag-marche","21":"tag-musique","22":"tag-news","23":"tag-noel","24":"tag-republique-francaise","25":"tag-strasbourg","26":"tag-strasbourg-ville"},"share_on_mastodon":{"url":"https:\/\/pubeurope.com\/@fr\/115696075201981408","error":""},"_links":{"self":[{"href":"https:\/\/www.europesays.com\/fr\/wp-json\/wp\/v2\/posts\/590989","targetHints":{"allow":["GET"]}}],"collection":[{"href":"https:\/\/www.europesays.com\/fr\/wp-json\/wp\/v2\/posts"}],"about":[{"href":"https:\/\/www.europesays.com\/fr\/wp-json\/wp\/v2\/types\/post"}],"author":[{"embeddable":true,"href":"https:\/\/www.europesays.com\/fr\/wp-json\/wp\/v2\/users\/2"}],"replies":[{"embeddable":true,"href":"https:\/\/www.europesays.com\/fr\/wp-json\/wp\/v2\/comments?post=590989"}],"version-history":[{"count":0,"href":"https:\/\/www.europesays.com\/fr\/wp-json\/wp\/v2\/posts\/590989\/revisions"}],"wp:featuredmedia":[{"embeddable":true,"href":"https:\/\/www.europesays.com\/fr\/wp-json\/wp\/v2\/media\/590990"}],"wp:attachment":[{"href":"https:\/\/www.europesays.com\/fr\/wp-json\/wp\/v2\/media?parent=590989"}],"wp:term":[{"taxonomy":"category","embeddable":true,"href":"https:\/\/www.europesays.com\/fr\/wp-json\/wp\/v2\/categories?post=590989"},{"taxonomy":"post_tag","embeddable":true,"href":"https:\/\/www.europesays.com\/fr\/wp-json\/wp\/v2\/tags?post=590989"}],"curies":[{"name":"wp","href":"https:\/\/api.w.org\/{rel}","templated":true}]}}