{"id":590993,"date":"2025-12-10T15:53:13","date_gmt":"2025-12-10T15:53:13","guid":{"rendered":"https:\/\/www.europesays.com\/fr\/590993\/"},"modified":"2025-12-10T15:53:13","modified_gmt":"2025-12-10T15:53:13","slug":"larrete-pour-limiter-laccueil-des-croisieres-sur-la-cote-dazur-entre-en-vigueur","status":"publish","type":"post","link":"https:\/\/www.europesays.com\/fr\/590993\/","title":{"rendered":"L\u2019arr\u00eat\u00e9 pour limiter l\u2019accueil des croisi\u00e8res sur la C\u00f4te d\u2019Azur entre en vigueur"},"content":{"rendered":"<p>\n    Une r\u00e9gulation commune du nombre de passagers et d\u2019escales est d\u00e9sormais impos\u00e9e \u00e0 tous les ports des Alpes-Maritimes et notamment pour Cannes et Villefranche-sur-Mer.<\/p>\n<p class=\"fig-paragraph\">De nouvelles r\u00e8gles s\u2019appliquent pour\u00a0<a href=\"http:\/\/www.lefigaro.fr\/nice\/nombre-d-escales-de-passagers-une-regulation-commune-des-bateaux-de-croisiere-sur-la-cote-d-azur-proposee-20251011\" data-fig-type=\"NewsFlash\" data-gtm-custom-categorie=\"navigation\" data-gtm-custom-action=\"crossclick\" data-gtm-custom-label=\"Contextuel\" data-gtm-event=\"customEventSPE\" data-fig-domain=\"LEFIGARO\" target=\"_blank\" rel=\"noopener\">l\u2019accueil des bateaux de croisi\u00e8re<\/a>\u00a0sur tout le littoral des Alpes-Maritimes. L\u2019arr\u00eat\u00e9 pr\u00e9fectoral pour limiter et r\u00e9guler ces navires touristiques est entr\u00e9 en vigueur, mardi, \u00e0 l\u2019issue de concertations entam\u00e9es cet \u00e9t\u00e9 avec les diff\u00e9rents acteurs. Le sujet \u00e9tait devenu\u00a0<a href=\"http:\/\/www.lefigaro.fr\/nice\/cote-d-azur-apres-l-interdiction-des-gros-bateaux-de-croisieres-par-christian-estrosi-la-resistance-s-organise-20250130\" data-fig-type=\"NewsFlash\" data-gtm-custom-categorie=\"navigation\" data-gtm-custom-action=\"crossclick\" data-gtm-custom-label=\"Contextuel\" data-gtm-event=\"customEventSPE\" data-fig-domain=\"LEFIGARO\" target=\"_blank\" rel=\"noopener\">hautement inflammable<\/a>\u00a0entre d\u2019un c\u00f4t\u00e9 des \u00e9lus voulant chasser ces bateaux et de l\u2019autre des professionnels inquiets de perdre cette client\u00e8le.<\/p>\n<p class=\"fig-paragraph\">D\u00e9sormais, pas plus d\u2019un bateau de croisi\u00e8re (+ de 1300 passagers) par jour ne peut faire escale dans chaque port du d\u00e9partement. Un plafond presque exceptionnel \u00e0 3000 passagers a \u00e9t\u00e9 fix\u00e9 mais la moyenne sur l\u2019ann\u00e9e doit s\u2019\u00e9tablir \u00e0 2000. En juillet et ao\u00fbt, le nombre de navires accueillis dans chaque zone a \u00e9t\u00e9 limit\u00e9 \u00e0 15. Aussi, les escales seront supprim\u00e9es en cas d\u2019un pic de pollution de niveau 2.<\/p>\n<p>                                            <a class=\"fig-a11y-skip\" href=\"#fig-a11y-skip-main-inarticle\" data-module=\"a11y-skip\" data-context=\"was @visible\"><br \/>\n    Passer la publicit\u00e9<br \/>\n<\/a>            <\/p>\n<p class=\"fig-paragraph\">\u00abCes dispositions sont imm\u00e9diatement applicables pour toutes les nouvelles demandes d\u2019escales\u00bb, ont indiqu\u00e9 les pr\u00e9fectures des Alpes-Maritimes et de la M\u00e9diterran\u00e9e dans un communiqu\u00e9 commun. Mais les venues de ces navires touristiques \u00e9tant programm\u00e9es pr\u00e8s de deux ans \u00e0 l\u2019avance, l\u2019application de ces nouvelles mesures sera donc \u00abprogressive\u00bb. \u00abL\u2019\u00c9tat a pris ses responsabilit\u00e9s dans un cadre juridique qui devient plus restrictif\u00bb, explique au Figaro\u00a0<a href=\"http:\/\/www.lefigaro.fr\/nice\/je-serai-un-prefet-impartial-dans-les-alpes-maritimes-laurent-hottiaux-vise-l-ordre-et-l-unite-20250520\" data-fig-type=\"NewsFlash\" data-gtm-custom-categorie=\"navigation\" data-gtm-custom-action=\"crossclick\" data-gtm-custom-label=\"Contextuel\" data-gtm-event=\"customEventSPE\" data-fig-domain=\"LEFIGARO\" target=\"_blank\" rel=\"noopener\">le pr\u00e9fet maralpin Laurent Hottiaux<\/a>.<\/p>\n<p>                                            Cannes et Nice insatisfaits<\/p>\n<p class=\"fig-paragraph\">Pour autant, les maires de Nice\u00a0<a href=\"http:\/\/www.lefigaro.fr\/nice\/municipales-2026-a-nice-christian-estrosi-lance-officiellement-sa-campagne-lors-d-une-grande-reunion-publique-20251122\" data-fig-type=\"NewsFlash\" data-gtm-custom-categorie=\"navigation\" data-gtm-custom-action=\"crossclick\" data-gtm-custom-label=\"Contextuel\" data-gtm-event=\"customEventSPE\" data-fig-domain=\"LEFIGARO\" target=\"_blank\" rel=\"noopener\">Christian Estrosi (Horizons)<\/a>\u00a0et de Cannes\u00a0<a href=\"http:\/\/www.lefigaro.fr\/nice\/david-lisnard-president-de-l-amf-il-faut-detechnocratiser-la-fonction-de-maire-20251118\" data-fig-type=\"NewsFlash\" data-gtm-custom-categorie=\"navigation\" data-gtm-custom-action=\"crossclick\" data-gtm-custom-label=\"Contextuel\" data-gtm-event=\"customEventSPE\" data-fig-domain=\"LEFIGARO\" target=\"_blank\" rel=\"noopener\">David Lisnard (LR)<\/a>\u00a0ont jug\u00e9 cette limitation commune des bateaux de croisi\u00e8re\u00a0<a href=\"http:\/\/www.lefigaro.fr\/nice\/regulation-des-bateaux-de-croisieres-sur-la-cote-d-azur-estrosi-et-lisnard-poursuivent-leur-bras-de-fer-avec-l-etat-20251013\" data-fig-type=\"NewsFlash\" data-gtm-custom-categorie=\"navigation\" data-gtm-custom-action=\"crossclick\" data-gtm-custom-label=\"Contextuel\" data-gtm-event=\"customEventSPE\" data-fig-domain=\"LEFIGARO\" target=\"_blank\" rel=\"noopener\">insuffisante<\/a>\u00a0alors que chacun avait tent\u00e9 d\u2019\u00e9tablir ses propres r\u00e8gles, avant d\u2019\u00eatre retoqu\u00e9s n\u2019ayant pas comp\u00e9tence en la mati\u00e8re. Ces navires s\u2019arr\u00eatent principalement dans la baie des Cannes (175 en 2024) et dans la rade de\u00a0<a href=\"http:\/\/www.lefigaro.fr\/nice\/meubles-touristiques-des-mesures-drastiques-prises-a-villefranche-sur-mer-commune-prisee-pres-de-nice-20241212\" data-fig-type=\"NewsFlash\" data-gtm-custom-categorie=\"navigation\" data-gtm-custom-action=\"crossclick\" data-gtm-custom-label=\"Contextuel\" data-gtm-event=\"customEventSPE\" data-fig-domain=\"LEFIGARO\" target=\"_blank\" rel=\"noopener\">Villefranche-sur-Mer<\/a>\u00a0(103) rattach\u00e9e au port m\u00e9tropolitain ni\u00e7ois.<\/p>\n<p class=\"fig-paragraph\">M\u00e9content de ces nouvelles mesures, Christian Estrosi a \u00e9t\u00e9 jusqu\u2019\u00e0 menacer l\u2019\u00c9tat de poursuites pour \u00abcarence fautive\u00bb. En janvier, il avait annonc\u00e9 son intention d\u2019interdire d\u00e9finitivement ces \u00abimmeubles flottants\u00bb, comme il les nomme en d\u00e9non\u00e7ant leur pollution.<\/p>\n<p class=\"fig-paragraph\">De son c\u00f4t\u00e9, l\u2019Union maritime 06, association qui repr\u00e9sente le secteur d\u2019activit\u00e9, avait salu\u00e9 cette nouvelle r\u00e9gulation \u00abconcert\u00e9e, \u00e9quilibr\u00e9e et adapt\u00e9e aux sp\u00e9cificit\u00e9s du littoral azur\u00e9en\u00bb.<\/p>\n","protected":false},"excerpt":{"rendered":"Une r\u00e9gulation commune du nombre de passagers et d\u2019escales est d\u00e9sormais impos\u00e9e \u00e0 tous les ports des Alpes-Maritimes&hellip;\n","protected":false},"author":2,"featured_media":590994,"comment_status":"","ping_status":"","sticky":false,"template":"","format":"standard","meta":{"footnotes":""},"categories":[2819],"tags":[1111,11,2380,436,1777,674,1011,27,12,2401,882,25,602],"class_list":{"0":"post-590993","1":"post","2":"type-post","3":"status-publish","4":"format-standard","5":"has-post-thumbnail","7":"category-nice","8":"tag-actu","9":"tag-actualites","10":"tag-croisiere","11":"tag-environnement","12":"tag-eu","13":"tag-europe","14":"tag-fr","15":"tag-france","16":"tag-news","17":"tag-nice","18":"tag-provence-alpes-cote-dazur","19":"tag-republique-francaise","20":"tag-tourisme"},"share_on_mastodon":{"url":"https:\/\/pubeurope.com\/@fr\/115696081625261614","error":""},"_links":{"self":[{"href":"https:\/\/www.europesays.com\/fr\/wp-json\/wp\/v2\/posts\/590993","targetHints":{"allow":["GET"]}}],"collection":[{"href":"https:\/\/www.europesays.com\/fr\/wp-json\/wp\/v2\/posts"}],"about":[{"href":"https:\/\/www.europesays.com\/fr\/wp-json\/wp\/v2\/types\/post"}],"author":[{"embeddable":true,"href":"https:\/\/www.europesays.com\/fr\/wp-json\/wp\/v2\/users\/2"}],"replies":[{"embeddable":true,"href":"https:\/\/www.europesays.com\/fr\/wp-json\/wp\/v2\/comments?post=590993"}],"version-history":[{"count":0,"href":"https:\/\/www.europesays.com\/fr\/wp-json\/wp\/v2\/posts\/590993\/revisions"}],"wp:featuredmedia":[{"embeddable":true,"href":"https:\/\/www.europesays.com\/fr\/wp-json\/wp\/v2\/media\/590994"}],"wp:attachment":[{"href":"https:\/\/www.europesays.com\/fr\/wp-json\/wp\/v2\/media?parent=590993"}],"wp:term":[{"taxonomy":"category","embeddable":true,"href":"https:\/\/www.europesays.com\/fr\/wp-json\/wp\/v2\/categories?post=590993"},{"taxonomy":"post_tag","embeddable":true,"href":"https:\/\/www.europesays.com\/fr\/wp-json\/wp\/v2\/tags?post=590993"}],"curies":[{"name":"wp","href":"https:\/\/api.w.org\/{rel}","templated":true}]}}