{"id":590995,"date":"2025-12-10T15:54:17","date_gmt":"2025-12-10T15:54:17","guid":{"rendered":"https:\/\/www.europesays.com\/fr\/590995\/"},"modified":"2025-12-10T15:54:17","modified_gmt":"2025-12-10T15:54:17","slug":"sorcieres-a-nantes-la-billetterie-ouverte-aujourdhui","status":"publish","type":"post","link":"https:\/\/www.europesays.com\/fr\/590995\/","title":{"rendered":"\u00ab\u00a0Sorci\u00e8res\u00a0\u00bb \u00e0 Nantes : La billetterie ouverte aujourd&rsquo;hui"},"content":{"rendered":"<p>                            <strong>C\u2019est une exposition qui s\u2019int\u00e9resse \u00e0 un sujet bien particulier. Les \u00ab\u00a0Sorci\u00e8res\u00a0\u00bb d\u00e9voileront leurs secrets au Mus\u00e9e d\u2019Histoire de Nantes de f\u00e9vrier \u00e0 juin 2026. La billetterie est d\u2019ores et d\u00e9j\u00e0 ouverte.<\/strong><\/p>\n<p>Elles sont entour\u00e9es de myst\u00e8res, \u00ab\u00a0les femmes accus\u00e9es de sorcellerie \u00bb se d\u00e9voileront aux visiteurs du Mus\u00e9e d\u2019Histoire de Nantes l\u2019ann\u00e9e prochaine. En effet, une exposition leur sera consacr\u00e9e du 7 f\u00e9vrier au 28 juin 2026. Le public d\u00e9couvrira \u00ab les racines historiques, sociales et culturelles de la figure de la sorci\u00e8re. \u00bb\u00a0<\/p>\n<p>D\u00e9but du parcours avec les magiciennes de l\u2019Antiquit\u00e9 puis l\u2019\u00e9poque m\u00e9di\u00e9vale et la chasse aux sorci\u00e8res aux 16e et 17e si\u00e8cles. En fin d\u2019itin\u00e9raire \u00ab\u00a0la d\u00e9criminalisation progressive des pratiques occultes, jusqu\u2019\u00e0 la r\u00e9appropriation, contemporaine de l\u2019image de la sorci\u00e8re, d\u00e9sormais per\u00e7ue comme une figure de puissance\u00a0\u00bb expliquent les organisateurs.<\/p>\n<p>Depuis ce mercredi 10 d\u00e9cembre \u00e0 11h, il est possible de r\u00e9server ses billets. Une d\u00e9marche recommand\u00e9e m\u00eame pour les b\u00e9n\u00e9ficiaires de la gratuit\u00e9. Billetterie sur chateaunantes.fr, par t\u00e9l\u00e9phone ou sur place.<\/p>\n<p>Photo : Ch\u00e2teau des Ducs de Bretagne, Hello Gazette Nantes<\/p>\n<p>A lire \u00e9galement : <strong><a href=\"https:\/\/hellogazettenantes.fr\/lesprit-de-noel-a-la-mediatheque-de-nort-sur-erdre\/\" target=\"_blank\" rel=\"noopener\">L\u2019esprit de No\u00ebl \u00e0 la M\u00e9diath\u00e8que de Nort-sur-Erdre<\/a><\/strong><\/p>\n<p>            <img decoding=\"async\" alt=\"Advertisement\" src=\"data:image\/svg+xml,%3Csvg%20xmlns=\" http:=\"\" data-lazy-src=\"https:\/\/www.europesays.com\/fr\/wp-content\/uploads\/2025\/04\/Application-mobile-hello-gazette-nantes.gif\"\/>        &#13;<\/p>\n","protected":false},"excerpt":{"rendered":"C\u2019est une exposition qui s\u2019int\u00e9resse \u00e0 un sujet bien particulier. Les \u00ab\u00a0Sorci\u00e8res\u00a0\u00bb d\u00e9voileront leurs secrets au Mus\u00e9e d\u2019Histoire&hellip;\n","protected":false},"author":2,"featured_media":590996,"comment_status":"","ping_status":"","sticky":false,"template":"","format":"standard","meta":{"footnotes":""},"categories":[2818],"tags":[1111,11,1777,674,1011,27,766,12,2636,25],"class_list":{"0":"post-590995","1":"post","2":"type-post","3":"status-publish","4":"format-standard","5":"has-post-thumbnail","7":"category-nantes","8":"tag-actu","9":"tag-actualites","10":"tag-eu","11":"tag-europe","12":"tag-fr","13":"tag-france","14":"tag-nantes","15":"tag-news","16":"tag-pays-de-la-loire","17":"tag-republique-francaise"},"share_on_mastodon":{"url":"https:\/\/pubeurope.com\/@fr\/115696085655263512","error":""},"_links":{"self":[{"href":"https:\/\/www.europesays.com\/fr\/wp-json\/wp\/v2\/posts\/590995","targetHints":{"allow":["GET"]}}],"collection":[{"href":"https:\/\/www.europesays.com\/fr\/wp-json\/wp\/v2\/posts"}],"about":[{"href":"https:\/\/www.europesays.com\/fr\/wp-json\/wp\/v2\/types\/post"}],"author":[{"embeddable":true,"href":"https:\/\/www.europesays.com\/fr\/wp-json\/wp\/v2\/users\/2"}],"replies":[{"embeddable":true,"href":"https:\/\/www.europesays.com\/fr\/wp-json\/wp\/v2\/comments?post=590995"}],"version-history":[{"count":0,"href":"https:\/\/www.europesays.com\/fr\/wp-json\/wp\/v2\/posts\/590995\/revisions"}],"wp:featuredmedia":[{"embeddable":true,"href":"https:\/\/www.europesays.com\/fr\/wp-json\/wp\/v2\/media\/590996"}],"wp:attachment":[{"href":"https:\/\/www.europesays.com\/fr\/wp-json\/wp\/v2\/media?parent=590995"}],"wp:term":[{"taxonomy":"category","embeddable":true,"href":"https:\/\/www.europesays.com\/fr\/wp-json\/wp\/v2\/categories?post=590995"},{"taxonomy":"post_tag","embeddable":true,"href":"https:\/\/www.europesays.com\/fr\/wp-json\/wp\/v2\/tags?post=590995"}],"curies":[{"name":"wp","href":"https:\/\/api.w.org\/{rel}","templated":true}]}}