{"id":590997,"date":"2025-12-10T15:55:36","date_gmt":"2025-12-10T15:55:36","guid":{"rendered":"https:\/\/www.europesays.com\/fr\/590997\/"},"modified":"2025-12-10T15:55:36","modified_gmt":"2025-12-10T15:55:36","slug":"un-laveur-de-vitres-victime-dune-chute-fatale-pres-de-nantes-une-enquete-ouverte","status":"publish","type":"post","link":"https:\/\/www.europesays.com\/fr\/590997\/","title":{"rendered":"Un laveur de vitres victime d&rsquo;une chute fatale pr\u00e8s de Nantes : une enqu\u00eate ouverte"},"content":{"rendered":"<p>                    Par<br \/>\n        <strong><br \/>\n            <a href=\"https:\/\/actu.fr\/auteur\/laure-gentil\" title=\"Consulter tous les articles de Laure Gentil\" target=\"_blank\" rel=\"noopener\">Laure Gentil<\/a><br \/>\n                    <\/strong><\/p>\n<p>        Publi\u00e9 le<\/p>\n<p>            10 d\u00e9c. 2025 \u00e0 16h25        <\/p>\n<p>Le lundi 8 d\u00e9cembre 2025, un homme \u00e2g\u00e9 de 53 ans est mort \u00e0 <b>Saint-Herblain<\/b>, dans la m\u00e9tropole de Nantes. Ce cordiste est tomb\u00e9 de plusieurs m\u00e8tres alors qu\u2019il lavait des vitres. Selon le <a href=\"https:\/\/www.ouest-france.fr\/faits-divers\/accidents\/apres-une-chute-de-plusieurs-metres-le-long-dun-immeuble-un-cordiste-est-decede-pres-de-nantes-146c97c0-d4f1-11f0-b394-5c54c9d4355d\" target=\"_blank\" rel=\"noopener\">quotidien Ouest-France<\/a>, le quinquag\u00e9naire \u00e9tait en arr\u00eat cardiaque \u00e0 l\u2019arriv\u00e9e des pompiers et malgr\u00e9 les efforts pour le r\u00e9animer, il a \u00e9t\u00e9 d\u00e9clar\u00e9 d\u00e9c\u00e9d\u00e9 par un m\u00e9decin. L\u2019incident s\u2019est d\u00e9roul\u00e9 boulevard Marcel Paul.<\/p>\n<p>Une enqu\u00eate ouverte<\/p>\n<p class=\" wall-content\">Contact\u00e9 par\u00a0<a href=\"https:\/\/actu.fr\/nantes\/\" target=\"_blank\" rel=\"noopener\">actu Nantes<\/a>, le parquet a indiqu\u00e9 l\u2019ouverture d\u2019une enqu\u00eate et que<b> l\u2019inspection du travail s\u2019est d\u00e9plac\u00e9e<\/b> sur les lieux de l\u2019incident lundi, sans pour autant r\u00e9v\u00e9ler plus d\u2019informations \u00e0 ce stade. Un autre homme, coll\u00e8gue de la victime, a aussi \u00e9t\u00e9 pris en charge par les secours. Il a \u00e9t\u00e9 transf\u00e9r\u00e9 au <b>CHU de Nantes.<\/b><\/p>\n<p class=\" wall-content\">Personnalisez votre actualit\u00e9 en ajoutant vos villes et m\u00e9dias en favori avec <a href=\"https:\/\/moncompte.actu.fr\" title=\"D\u00e9couvez Mon Actu\" rel=\"nofollow noopener\" data-trk=\"{&quot;cta&quot;:{&quot;action&quot;:&quot;https:\\\/\\\/moncompte.actu.fr&quot;,&quot;category&quot;:&quot;mon compte&quot;,&quot;from&quot;:&quot;article footer&quot;,&quot;name&quot;:&quot;Mon actu&quot;,&quot;type&quot;:&quot;cta&quot;}}\" target=\"_blank\">Mon Actu<\/a>.<\/p>\n","protected":false},"excerpt":{"rendered":"Par Laure Gentil Publi\u00e9 le 10 d\u00e9c. 2025 \u00e0 16h25 Le lundi 8 d\u00e9cembre 2025, un homme \u00e2g\u00e9&hellip;\n","protected":false},"author":2,"featured_media":590998,"comment_status":"","ping_status":"","sticky":false,"template":"","format":"standard","meta":{"footnotes":""},"categories":[2818],"tags":[1111,11,1777,674,118,1011,27,766,12,2636,1311,25],"class_list":{"0":"post-590997","1":"post","2":"type-post","3":"status-publish","4":"format-standard","5":"has-post-thumbnail","7":"category-nantes","8":"tag-actu","9":"tag-actualites","10":"tag-eu","11":"tag-europe","12":"tag-faits-divers","13":"tag-fr","14":"tag-france","15":"tag-nantes","16":"tag-news","17":"tag-pays-de-la-loire","18":"tag-pompiers","19":"tag-republique-francaise"},"share_on_mastodon":{"url":"https:\/\/pubeurope.com\/@fr\/115696089408454844","error":""},"_links":{"self":[{"href":"https:\/\/www.europesays.com\/fr\/wp-json\/wp\/v2\/posts\/590997","targetHints":{"allow":["GET"]}}],"collection":[{"href":"https:\/\/www.europesays.com\/fr\/wp-json\/wp\/v2\/posts"}],"about":[{"href":"https:\/\/www.europesays.com\/fr\/wp-json\/wp\/v2\/types\/post"}],"author":[{"embeddable":true,"href":"https:\/\/www.europesays.com\/fr\/wp-json\/wp\/v2\/users\/2"}],"replies":[{"embeddable":true,"href":"https:\/\/www.europesays.com\/fr\/wp-json\/wp\/v2\/comments?post=590997"}],"version-history":[{"count":0,"href":"https:\/\/www.europesays.com\/fr\/wp-json\/wp\/v2\/posts\/590997\/revisions"}],"wp:featuredmedia":[{"embeddable":true,"href":"https:\/\/www.europesays.com\/fr\/wp-json\/wp\/v2\/media\/590998"}],"wp:attachment":[{"href":"https:\/\/www.europesays.com\/fr\/wp-json\/wp\/v2\/media?parent=590997"}],"wp:term":[{"taxonomy":"category","embeddable":true,"href":"https:\/\/www.europesays.com\/fr\/wp-json\/wp\/v2\/categories?post=590997"},{"taxonomy":"post_tag","embeddable":true,"href":"https:\/\/www.europesays.com\/fr\/wp-json\/wp\/v2\/tags?post=590997"}],"curies":[{"name":"wp","href":"https:\/\/api.w.org\/{rel}","templated":true}]}}