{"id":591005,"date":"2025-12-10T16:00:23","date_gmt":"2025-12-10T16:00:23","guid":{"rendered":"https:\/\/www.europesays.com\/fr\/591005\/"},"modified":"2025-12-10T16:00:23","modified_gmt":"2025-12-10T16:00:23","slug":"toulouse-qui-etait-louvrier-decede-sur-le-chantier-de-la-ligne-c-du-metro-on-en-sait-plus-sur-le-drame","status":"publish","type":"post","link":"https:\/\/www.europesays.com\/fr\/591005\/","title":{"rendered":"Toulouse. Qui \u00e9tait l&rsquo;ouvrier d\u00e9c\u00e9d\u00e9 sur le chantier de la ligne C du m\u00e9tro ? On en sait plus sur le drame"},"content":{"rendered":"<p>                    Par<br \/>\n        <strong><br \/>\n            <a href=\"https:\/\/actu.fr\/auteur\/anaelle-montagne\" title=\"Consulter tous les articles de Anaelle Montagne\" target=\"_blank\" rel=\"noopener\">Anaelle Montagne<\/a><br \/>\n                    <\/strong><\/p>\n<p>        Publi\u00e9 le<\/p>\n<p>            10 d\u00e9c. 2025 \u00e0 15h48        <\/p>\n<p>Subitement, le silence. Le bourdonnement incessant des machines du chantier de la ligne C du m\u00e9tro a cess\u00e9, ce mercredi 10 d\u00e9cembre 2025. La veille, <a href=\"https:\/\/actu.fr\/occitanie\/toulouse_31555\/toulouse-accident-mortel-sur-le-chantier-du-metro-ce-qu-il-s-est-passe_60778198.html\" target=\"_blank\" rel=\"noopener\">un ouvrier de 46\u00a0ans est mort<\/a> ici, dans le tunnel au niveau de la future station Bonnefoy. Il a \u00e9t\u00e9 \u00e9cras\u00e9 par un engin duquel il venait de chuter et n\u2019a pas surv\u00e9cu \u00e0 ses blessures. On en sait davantage sur l\u2019accident, qui a caus\u00e9 <strong>l\u2019ouverture de deux enqu\u00eates distinctes<\/strong>, et sur l\u2019identit\u00e9 de la victime.<\/p>\n<p>Accident du travail mortel<\/p>\n<p class=\" wall-content\">\u00ab\u2009Au d\u00e9part, j\u2019ai cru <a href=\"https:\/\/actu.fr\/occitanie\/toulouse_31555\/effondrement-quartier-bonnefoy-a-toulouse-la-maison-impactee-par-le-tunnelier-va-t-elle-etre-demolie_63510649.html\" target=\"_blank\" rel=\"noopener\">qu\u2019une nouvelle maison s\u2019\u00e9tait effondr\u00e9e<\/a>, encore une fois\u2009\u00bb, souffle Sylvie, qui vit juste derri\u00e8re le chantier \u00e0 proximit\u00e9 du Faubourg Bonnefoy. C\u2019est la seule explication rationnelle qu\u2019elle trouve ce mardi apr\u00e8s-midi en voyant d\u00e9barquer, \u00e0 la file, une quinzaine de v\u00e9hicules de pompiers. Il est environ 15h45, <strong>l\u2019accident du travail mortel <\/strong>vient tout juste de se d\u00e9rouler, \u00e0 30 m\u00e8tres sous terre.<\/p>\n<p>    <a href=\"https:\/\/www.google.com\/maps\/embed?pb=!1m14!1m12!1m3!1d1214.4336929529072!2d1.45537869494742!3d43.618483886251276!2m3!1f0!2f0!3f0!3m2!1i1024!2i768!4f13.1!5e0!3m2!1sen!2sfr!4v1765374163433!5m2!1sen!2sfr\" title=\"Ouvrie le lien\" target=\"_blank\" rel=\"noopener\">Cliquez ici pour visualiser le contenu<\/a><\/p>\n<p>Comment s\u2019est d\u00e9roul\u00e9 l\u2019accident\u2009et qui \u00e9tait la victime ?\u00a0<\/p>\n<p class=\" wall-content\">L\u2019ouvrier de 46 ans, employ\u00e9 par la soci\u00e9t\u00e9 sous-traitante Implenia, <strong>conduisait un \u00ab\u2009train sur pneus\u2009\u00bb<\/strong>, un engin utilis\u00e9 pour d\u00e9blayer le tunnel, pr\u00e9cise le parquet de Toulouse. Le quadrag\u00e9naire \u00ab\u2009a chut\u00e9 de la cabine\u2009\u00bb, confirme une source polici\u00e8re d\u2019Actu Toulouse. \u00ab\u2009Il s\u2019est retrouv\u00e9 dessous, \u00e9cras\u00e9\u2009\u00bb sous l\u2019engin de quasi 30 tonnes. Alert\u00e9s, ses coll\u00e8gues de chantier <strong>n\u2019ont rien pu faire pour lui<\/strong>. Ni les secours, une fois arriv\u00e9s sur place.\u00a0<\/p>\n<p class=\" wall-content\">Contact\u00e9 par Actu Toulouse, le parquet indique que la victime \u00e9tait \u00ab\u00a0un salari\u00e9 <strong>int\u00e9rimaire, de nationalit\u00e9 Serbe,<\/strong> \u00e2g\u00e9 de 46 ans et domicili\u00e9 \u00e0 Toulouse\u00a0\u00bb. Son d\u00e9c\u00e8s a \u00e9t\u00e9 constat\u00e9 \u00e0 16 heures.\u00a0<\/p>\n<p>Deux enqu\u00eates en cours<\/p>\n<p class=\" wall-content\">Pour l\u2019heure, les circonstances exactes de l\u2019accident restent \u00e0 d\u00e9terminer. Ce mercredi 10\u00a0d\u00e9cembre, Tiss\u00e9o confirme \u00e0 <a href=\"https:\/\/actu.fr\/toulouse\/\" target=\"_blank\" rel=\"noopener\">Actu Toulouse<\/a> que deux enqu\u00eates ont \u00e9t\u00e9 ouvertes. Le parquet compl\u00e8te : \u00ab\u00a0Une enqu\u00eate pr\u00e9liminaire a \u00e9t\u00e9 ouverte du chef d\u2019homicide involontaire dans le cadre du travail et nous avons cosaisi la police nationale et l\u2019inspection du travail.\u00a0\u00bb\u00a0<\/p>\n<p class=\" wall-content\"><a href=\"https:\/\/twitter.com\/JLM_Toulouse\/status\/1998470021484286397\" target=\"_blank\" rel=\"noopener\">Sur X<\/a>, le maire de Toulouse Jean-Luc Moudenc a insist\u00e9 sur le fait que \u00ab\u2009toute la lumi\u00e8re doit \u00eatre faite sur les causes et les circonstances exactes de ce drame\u2009\u00bb.<\/p>\n<p>    <img   decoding=\"async\" loading=\"lazy\" src=\"https:\/\/www.europesays.com\/fr\/wp-content\/uploads\/2025\/12\/chantier-tisseo-ligne-c-bonnefoy-2-960x640.jpeg\" alt=\"Le chantier sur lequel s'est d\u00e9roul\u00e9 l'accident mortel.\" width=\"960\" height=\"640\"\/><br \/>\n    Le chantier sur lequel s\u2019est d\u00e9roul\u00e9 l\u2019accident mortel. (\u00a9Ana\u00eblle Montagne \/ Actu Toulouse)<\/p>\n<p>Votre r\u00e9gion, votre actu !<\/p>\n<p>Recevez chaque jour les infos qui comptent pour vous.<\/p>\n<p>\t<a href=\"https:\/\/actu.fr\/newsletter\" class=\"ac-btn ac-btn--corner ac-btn--medium ac-btn--blue800\" target=\"_blank\" rel=\"noopener\">S&rsquo;incrire<\/a><br \/>\nLe choc dans le quartier<\/p>\n<p class=\" wall-content\">Dans le quartier de Bonnefoy, on raconte la douleur des coll\u00e8gues et des proches de la victime. <strong>\u00ab\u2009On esp\u00e8re juste qu\u2019il est mort sur le coup\u2009\u00bb<\/strong>, souffle Sylvie, la voisine du chantier. Trois heures apr\u00e8s l\u2019accident mortel, Tiss\u00e9o a annonc\u00e9 l\u2019arr\u00eat total des travaux et l\u2019ouverture d\u2019une cellule psychologique, pour <strong>\u00ab\u2009prendre en charge les personnes choqu\u00e9es par l\u2019accident\u2009\u00bb<\/strong>.<\/p>\n<p>Un an apr\u00e8s la mort d\u2019un premier ouvrier<\/p>\n<p class=\" wall-content\">\u00ab\u2009Quelle catastrophe\u2009\u00bb, souffle Marie-Paule, qui vit rue Jean Aicard. Certains voisins tentent de retracer le d\u00e9roulement du drame, entre rumeurs et suppositions. D\u2019autres prient. \u00ab\u2009J\u2019ai fait un petit signe de croix pour lui hier soir, souffle Sylvie. D\u00e8s qu\u2019on sort, tout le monde en parle.\u2009\u00bb Pourtant, une poign\u00e9e de r\u00e9sidents apprennent tout juste la nouvelle.<\/p>\n<p class=\" wall-content\">\u00c0 Jacques, qui vit au pied du chantier, on avait dit \u00ab\u2009que c\u2019\u00e9tait un exercice de s\u00e9curit\u00e9\u2009\u00bb.<\/p>\n<p>    <img   decoding=\"async\" loading=\"lazy\" src=\"https:\/\/www.europesays.com\/fr\/wp-content\/uploads\/2025\/12\/chantier-tisseo-ligne-c-bonnefoy-1-960x640.jpeg\" alt=\"Le chantier est \u00e0 l'arr\u00eat \u00e0 Bonnefoy.\" width=\"960\" height=\"640\"\/><br \/>\n    Le chantier de Bonnefoy est \u00e0 l\u2019arr\u00eat. (\u00a9Ana\u00eblle Montagne \/ Actu Toulouse)<\/p>\n<p class=\" wall-content\">Il peine \u00e0 comprendre comment un tel accident a pu avoir lieu, un an \u00e0 peine apr\u00e8s <a href=\"https:\/\/actu.fr\/occitanie\/toulouse_31555\/toulouse-accident-mortel-sur-le-chantier-du-metro-ce-qu-il-s-est-passe_60778198.html\" target=\"_blank\" rel=\"noopener\">l\u2019accident mortel d\u2019un ouvrier<\/a>, sur le chantier de la future ligne du m\u00e9tro \u00e0 Lab\u00e8ge.<\/p>\n<p>Cette section du chantier risque d\u2019\u00eatre gel\u00e9e<\/p>\n<p class=\" wall-content\">C\u2019\u00e9tait en mars\u00a02024\u2009: un homme de 55\u00a0ans avait perdu la vie apr\u00e8s <strong>l\u2019effondrement du tablier d\u2019un pont en construction<\/strong>. Trois autres hommes avaient \u00e9t\u00e9 bless\u00e9s dans l\u2019accident.<\/p>\n<p class=\" wall-content\">Au-del\u00e0 de provoquer une onde de choc dans la Ville rose, ce brutal d\u00e9c\u00e8s avait eu des cons\u00e9quences sur les travaux\u2009: cette section du chantier avait \u00e9t\u00e9 <strong>gel\u00e9e de mars \u00e0 juillet<\/strong>. <a href=\"https:\/\/actu.fr\/tag\/tisseo\" target=\"_blank\" rel=\"noopener\">Tiss\u00e9o<\/a> avait fait en sorte d\u2019\u00e9viter de trop gros retards dans le programme des travaux en r\u00e9organisant le planning du chantier.<\/p>\n<p class=\" wall-content\">Personnalisez votre actualit\u00e9 en ajoutant vos villes et m\u00e9dias en favori avec <a href=\"https:\/\/moncompte.actu.fr\" title=\"D\u00e9couvez Mon Actu\" rel=\"nofollow noopener\" data-trk=\"{&quot;cta&quot;:{&quot;action&quot;:&quot;https:\\\/\\\/moncompte.actu.fr&quot;,&quot;category&quot;:&quot;mon compte&quot;,&quot;from&quot;:&quot;article footer&quot;,&quot;name&quot;:&quot;Mon actu&quot;,&quot;type&quot;:&quot;cta&quot;}}\" target=\"_blank\">Mon Actu<\/a>.<\/p>\n<p>                    <script async src=\"https:\/\/platform.twitter.com\/widgets.js\" charset=\"utf-8\"><\/script><\/p>\n","protected":false},"excerpt":{"rendered":"Par Anaelle Montagne Publi\u00e9 le 10 d\u00e9c. 2025 \u00e0 15h48 Subitement, le silence. Le bourdonnement incessant des machines&hellip;\n","protected":false},"author":2,"featured_media":591006,"comment_status":"","ping_status":"","sticky":false,"template":"","format":"standard","meta":{"footnotes":""},"categories":[2816],"tags":[119,1111,11,1777,674,118,1011,27,5224,12,2680,25,5400,2312],"class_list":{"0":"post-591005","1":"post","2":"type-post","3":"status-publish","4":"format-standard","5":"has-post-thumbnail","7":"category-toulouse","8":"tag-accident","9":"tag-actu","10":"tag-actualites","11":"tag-eu","12":"tag-europe","13":"tag-faits-divers","14":"tag-fr","15":"tag-france","16":"tag-ligne-c-du-metro-de-toulouse","17":"tag-news","18":"tag-occitanie","19":"tag-republique-francaise","20":"tag-tisseo","21":"tag-toulouse"},"share_on_mastodon":{"url":"https:\/\/pubeurope.com\/@fr\/115696109112205491","error":""},"_links":{"self":[{"href":"https:\/\/www.europesays.com\/fr\/wp-json\/wp\/v2\/posts\/591005","targetHints":{"allow":["GET"]}}],"collection":[{"href":"https:\/\/www.europesays.com\/fr\/wp-json\/wp\/v2\/posts"}],"about":[{"href":"https:\/\/www.europesays.com\/fr\/wp-json\/wp\/v2\/types\/post"}],"author":[{"embeddable":true,"href":"https:\/\/www.europesays.com\/fr\/wp-json\/wp\/v2\/users\/2"}],"replies":[{"embeddable":true,"href":"https:\/\/www.europesays.com\/fr\/wp-json\/wp\/v2\/comments?post=591005"}],"version-history":[{"count":0,"href":"https:\/\/www.europesays.com\/fr\/wp-json\/wp\/v2\/posts\/591005\/revisions"}],"wp:featuredmedia":[{"embeddable":true,"href":"https:\/\/www.europesays.com\/fr\/wp-json\/wp\/v2\/media\/591006"}],"wp:attachment":[{"href":"https:\/\/www.europesays.com\/fr\/wp-json\/wp\/v2\/media?parent=591005"}],"wp:term":[{"taxonomy":"category","embeddable":true,"href":"https:\/\/www.europesays.com\/fr\/wp-json\/wp\/v2\/categories?post=591005"},{"taxonomy":"post_tag","embeddable":true,"href":"https:\/\/www.europesays.com\/fr\/wp-json\/wp\/v2\/tags?post=591005"}],"curies":[{"name":"wp","href":"https:\/\/api.w.org\/{rel}","templated":true}]}}