{"id":591009,"date":"2025-12-10T16:03:13","date_gmt":"2025-12-10T16:03:13","guid":{"rendered":"https:\/\/www.europesays.com\/fr\/591009\/"},"modified":"2025-12-10T16:03:13","modified_gmt":"2025-12-10T16:03:13","slug":"le-modem-hesite-toujours-entre-martine-vassal-et-benoit-payan","status":"publish","type":"post","link":"https:\/\/www.europesays.com\/fr\/591009\/","title":{"rendered":"le Modem h\u00e9site toujours entre Martine Vassal et Beno\u00eet Payan"},"content":{"rendered":"<p>Alors que tous les autres partis <a href=\"https:\/\/www.laprovence.com\/article\/politique\/1017194966773415\/sebastien-lecornu-transmet-au-socle-commun-une-feuille-de-route-gouvernementale-et-lappelle-a-sunir\" target=\"_blank\" rel=\"noopener\">de feu le \u00ab\u00a0socle commun\u00a0\u00bb<\/a> \u00e0 l\u2019Assembl\u00e9e ont ralli\u00e9 Martine Vassal pour les municipales, le Modem n\u2019a toujours pas d\u00e9cid\u00e9 vers qui tomberait la pi\u00e8ce. Lors d\u2019un bureau ex\u00e9cutif du parti d\u00e9but d\u00e9cembre, o\u00f9 se d\u00e9cident les investitures pour les communes de plus de 10\u00a0000 habitants, le cas marseillais a \u00e9t\u00e9 ajourn\u00e9.<\/p>\n<p>Ces atermoiements interrogent chez les partisans de la candidate \u00ab\u00a0de la droite et du centre\u00a0\u00bb.\u00a0Fin novembre, lors d\u2019une <a href=\"https:\/\/www.laprovence.com\/article\/elections\/56346599303859\/herve-morin-et-les-centristes-avec-martine-vassal-candidate-aux-municipales-a-marseille\" target=\"_blank\" rel=\"noopener\">rencontre publique \u00e0 la permanence de Martine Vassal<\/a>, cours Pierre-Puget, le responsable des Centristes dans les Bouches-du-Rh\u00f4ne Bruno Genzana avait mis les pieds dans le plat. \u00ab\u00a0Malheur \u00e0 nos amis (centristes) qui seraient tent\u00e9s d\u2019aller dans cette aventure avec Beno\u00eet Payan\u00a0: ils seront les dindons de la farce lorsqu\u2019il s\u2019agira de rayer des noms sur la liste de la mairie centrale pour faire de la place \u00e0 LFI\u00a0\u00bb. Un message adress\u00e9 au Modem. \u00ab\u00a0Ce n\u2019est pas pour les stigmatiser, mais pour les pr\u00e9venir\u00a0\u00bb, pr\u00e9cise celui qui est par ailleurs membre du cabinet de la pr\u00e9sidente du D\u00e9partement pour quelques semaines encore.<\/p>\n<p>Les pr\u00e9c\u00e9dents de\u00a02008 et\u00a02014<\/p>\n<p>Le Modem avec la liste de gauche\u00a0? Ce ne serait pas une premi\u00e8re \u00e0 Marseille o\u00f9 le pa&#8230;<\/p>\n","protected":false},"excerpt":{"rendered":"Alors que tous les autres partis de feu le \u00ab\u00a0socle commun\u00a0\u00bb \u00e0 l\u2019Assembl\u00e9e ont ralli\u00e9 Martine Vassal pour&hellip;\n","protected":false},"author":2,"featured_media":591010,"comment_status":"","ping_status":"","sticky":false,"template":"","format":"standard","meta":{"footnotes":""},"categories":[2814],"tags":[17,5734,1111,11,5949,2834,1777,674,1011,27,70425,884,2759,3554,12,882,25,1810],"class_list":{"0":"post-591009","1":"post","2":"type-post","3":"status-publish","4":"format-standard","5":"has-post-thumbnail","7":"category-marseille","8":"tag-17","9":"tag-5734","10":"tag-actu","11":"tag-actualites","12":"tag-elections","13":"tag-entre","14":"tag-eu","15":"tag-europe","16":"tag-fr","17":"tag-france","18":"tag-hesite","19":"tag-marseille","20":"tag-modem","21":"tag-municipales","22":"tag-news","23":"tag-provence-alpes-cote-dazur","24":"tag-republique-francaise","25":"tag-toujours"},"share_on_mastodon":{"url":"https:\/\/pubeurope.com\/@fr\/115696120986224819","error":""},"_links":{"self":[{"href":"https:\/\/www.europesays.com\/fr\/wp-json\/wp\/v2\/posts\/591009","targetHints":{"allow":["GET"]}}],"collection":[{"href":"https:\/\/www.europesays.com\/fr\/wp-json\/wp\/v2\/posts"}],"about":[{"href":"https:\/\/www.europesays.com\/fr\/wp-json\/wp\/v2\/types\/post"}],"author":[{"embeddable":true,"href":"https:\/\/www.europesays.com\/fr\/wp-json\/wp\/v2\/users\/2"}],"replies":[{"embeddable":true,"href":"https:\/\/www.europesays.com\/fr\/wp-json\/wp\/v2\/comments?post=591009"}],"version-history":[{"count":0,"href":"https:\/\/www.europesays.com\/fr\/wp-json\/wp\/v2\/posts\/591009\/revisions"}],"wp:featuredmedia":[{"embeddable":true,"href":"https:\/\/www.europesays.com\/fr\/wp-json\/wp\/v2\/media\/591010"}],"wp:attachment":[{"href":"https:\/\/www.europesays.com\/fr\/wp-json\/wp\/v2\/media?parent=591009"}],"wp:term":[{"taxonomy":"category","embeddable":true,"href":"https:\/\/www.europesays.com\/fr\/wp-json\/wp\/v2\/categories?post=591009"},{"taxonomy":"post_tag","embeddable":true,"href":"https:\/\/www.europesays.com\/fr\/wp-json\/wp\/v2\/tags?post=591009"}],"curies":[{"name":"wp","href":"https:\/\/api.w.org\/{rel}","templated":true}]}}