{"id":591016,"date":"2025-12-10T16:08:17","date_gmt":"2025-12-10T16:08:17","guid":{"rendered":"https:\/\/www.europesays.com\/fr\/591016\/"},"modified":"2025-12-10T16:08:17","modified_gmt":"2025-12-10T16:08:17","slug":"reussir-a-passer-a-autre-chose-mareva-michel-miss-ile-de-france-deja-tournee-vers-lapres-miss-france","status":"publish","type":"post","link":"https:\/\/www.europesays.com\/fr\/591016\/","title":{"rendered":"\u00ab\u00a0R\u00e9ussir \u00e0 passer \u00e0 autre chose\u00a0\u00bb\u00a0: Mareva Michel, Miss Ile-de-France, d\u00e9j\u00e0 tourn\u00e9e vers l\u2019apr\u00e8s Miss France"},"content":{"rendered":"<p class=\"paragraph text_align_left lp-f-body-02\">\u00ab Je redescends de mon petit nuage \u00bb. Quatre jours apr\u00e8s la grande soir\u00e9e <a href=\"https:\/\/www.leparisien.fr\/culture-loisirs\/miss-france\/\" target=\"_self\" rel=\"noopener\">Miss France<\/a> au Z\u00e9nith d\u2019Amiens (Somme) et le sacre de<a href=\"https:\/\/www.leparisien.fr\/culture-loisirs\/miss-france\/miss-france-2026-hinaupoko-deveze-doit-sa-victoire-au-vote-du-public-le-jury-lui-a-prefere-une-autre-candidate-07-12-2025-5FEDRSH24VBNFL3FNYDLXIZ7XU.php\" target=\"_self\" rel=\"noopener\"> Hinaupoko Dev\u00e8ze<\/a>, Mareva Michel commence doucement \u00e0 reprendre ses esprits.<\/p>\n<p class=\"paragraph text_align_left lp-f-body-02\">Depuis plusieurs mois, et \u00e0 plus forte raison encore ces derni\u00e8res semaines, celle qui portait l\u2019\u00e9charpe de<a href=\"https:\/\/www.leparisien.fr\/culture-loisirs\/miss-france\/miss-france-2026-qui-est-mareva-michel-elue-miss-ile-de-france-21-09-2025-YDY4RYAMX5GDRLWZRS4QE6RJ5A.php\" target=\"_self\" rel=\"noopener\"> Miss Ile-de-France<\/a> \u00e9tait focalis\u00e9e sur le fameux rendez-vous du samedi 6 d\u00e9cembre. Un ind\u00e9modable de la t\u00e9l\u00e9 suivi encore cette ann\u00e9e par pr\u00e8s de 6,5 M de t\u00e9l\u00e9spectateurs.<\/p>\n","protected":false},"excerpt":{"rendered":"\u00ab Je redescends de mon petit nuage \u00bb. Quatre jours apr\u00e8s la grande soir\u00e9e Miss France au Z\u00e9nith&hellip;\n","protected":false},"author":2,"featured_media":591017,"comment_status":"","ping_status":"","sticky":false,"template":"","format":"standard","meta":{"footnotes":""},"categories":[1592],"tags":[1111,11,872,1777,674,1011,27,662,1944,12,626,25,1938],"class_list":{"0":"post-591016","1":"post","2":"type-post","3":"status-publish","4":"format-standard","5":"has-post-thumbnail","7":"category-ile-de-france","8":"tag-actu","9":"tag-actualites","10":"tag-culture-et-loisirs","11":"tag-eu","12":"tag-europe","13":"tag-fr","14":"tag-france","15":"tag-ile-de-france","16":"tag-ma-ville","17":"tag-news","18":"tag-paris","19":"tag-republique-francaise","20":"tag-yvelines"},"share_on_mastodon":{"url":"https:\/\/pubeurope.com\/@fr\/115696140579706657","error":""},"_links":{"self":[{"href":"https:\/\/www.europesays.com\/fr\/wp-json\/wp\/v2\/posts\/591016","targetHints":{"allow":["GET"]}}],"collection":[{"href":"https:\/\/www.europesays.com\/fr\/wp-json\/wp\/v2\/posts"}],"about":[{"href":"https:\/\/www.europesays.com\/fr\/wp-json\/wp\/v2\/types\/post"}],"author":[{"embeddable":true,"href":"https:\/\/www.europesays.com\/fr\/wp-json\/wp\/v2\/users\/2"}],"replies":[{"embeddable":true,"href":"https:\/\/www.europesays.com\/fr\/wp-json\/wp\/v2\/comments?post=591016"}],"version-history":[{"count":0,"href":"https:\/\/www.europesays.com\/fr\/wp-json\/wp\/v2\/posts\/591016\/revisions"}],"wp:featuredmedia":[{"embeddable":true,"href":"https:\/\/www.europesays.com\/fr\/wp-json\/wp\/v2\/media\/591017"}],"wp:attachment":[{"href":"https:\/\/www.europesays.com\/fr\/wp-json\/wp\/v2\/media?parent=591016"}],"wp:term":[{"taxonomy":"category","embeddable":true,"href":"https:\/\/www.europesays.com\/fr\/wp-json\/wp\/v2\/categories?post=591016"},{"taxonomy":"post_tag","embeddable":true,"href":"https:\/\/www.europesays.com\/fr\/wp-json\/wp\/v2\/tags?post=591016"}],"curies":[{"name":"wp","href":"https:\/\/api.w.org\/{rel}","templated":true}]}}