{"id":591026,"date":"2025-12-10T16:14:21","date_gmt":"2025-12-10T16:14:21","guid":{"rendered":"https:\/\/www.europesays.com\/fr\/591026\/"},"modified":"2025-12-10T16:14:21","modified_gmt":"2025-12-10T16:14:21","slug":"guerre-en-ukraine-crash-mortel-dun-avion-pres-de-moscou-les-failles-de-laviation-russe-revelees","status":"publish","type":"post","link":"https:\/\/www.europesays.com\/fr\/591026\/","title":{"rendered":"Guerre en Ukraine : crash mortel d\u2019un avion pr\u00e8s de Moscou, les failles de l\u2019aviation russe r\u00e9v\u00e9l\u00e9es"},"content":{"rendered":"<p>\n                                                                    l&rsquo;essentiel<br \/>\n                                                                Un avion de transport militaire s&rsquo;est \u00e9cras\u00e9 en Russie, entra\u00eenant la mort de tous les membres d&rsquo;\u00e9quipage. Une enqu\u00eate est en cours pour d\u00e9terminer les causes exactes.\n                            <\/p>\n<p>Un avion de transport militaire An-22 s&rsquo;est \u00e9cras\u00e9 mardi 9 d\u00e9cembre dans la r\u00e9gion d&rsquo;Ivanovo, situ\u00e9e \u00e0 environ 200 kilom\u00e8tres au nord-est de Moscou, ont rapport\u00e9 les autorit\u00e9s russes. Une enqu\u00eate a \u00e9t\u00e9 ouverte pour d\u00e9terminer les causes de l&rsquo;accident. Selon les premi\u00e8res informations, la responsabilit\u00e9 de l&rsquo;Ukraine ne semble pas \u00eatre mise en cause.<\/p>\n<p class=\"std-elt__inline\">\n        <strong>\u00c0 lire aussi :<\/strong><br \/>\n        <a href=\"https:\/\/www.ladepeche.fr\/2025\/12\/09\/guerre-en-ukraine-155-vols-entre-paris-et-moscou-un-francais-au-profil-suspect-travaille-pour-la-banque-qui-gere-les-avoirs-russes-13100491.php\" target=\"_blank\" rel=\"noopener\">Guerre en Ukraine\u00a0: un Fran\u00e7ais fait 155 vols entre Paris et Moscou, il est soup\u00e7onn\u00e9 d\u2019\u00eatre un \u00ab\u00a0agent double\u00a0\u00bb<\/a>\n    <\/p>\n<p>Un accident fatal<\/p>\n<p>Dans un communiqu\u00e9, le Comit\u00e9 d&rsquo;enqu\u00eate russe, en charge des investigations criminelles majeures, a confirm\u00e9 que \u201ctous les membres d&rsquo;\u00e9quipage qui se trouvaient \u00e0 bord sont morts\u201d. Si le nombre exact de victimes n&rsquo;a pas encore \u00e9t\u00e9 officialis\u00e9, une source anonyme au sein des services de secours a indiqu\u00e9 \u00e0 l&rsquo;agence de presse TASS que sept personnes auraient pu se trouver dans l&rsquo;avion. Le minist\u00e8re russe de la D\u00e9fense, \u00e9galement cit\u00e9 par TASS, a pr\u00e9cis\u00e9 que l&rsquo;appareil s&rsquo;\u00e9tait \u00e9cras\u00e9 dans une zone inhabit\u00e9e, \u00e9cartant tout risque de victimes collat\u00e9rales au sol.<\/p>\n<p>La nature de la cargaison \u00e0 bord de l&rsquo;avion n&rsquo;a pas \u00e9t\u00e9 communiqu\u00e9e par les autorit\u00e9s. L&rsquo;Antonov An-22 est un appareil de transport militaire historique, utilis\u00e9 par la Russie depuis les ann\u00e9es 1960 pour le d\u00e9placement de troupes, de mat\u00e9riel et de v\u00e9hicules lourds. Cependant, l&rsquo;accident de mardi se serait produit \u201clors d&rsquo;un vol d&rsquo;essai apr\u00e8s des travaux de r\u00e9paration\u201d, une pr\u00e9cision qui laisse penser qu&rsquo;aucune cargaison militaire n&rsquo;\u00e9tait \u00e0 bord au moment du crash.<\/p>\n<p class=\"std-elt__inline\">\n        <strong>\u00c0 lire aussi :<\/strong><br \/>\n        <a href=\"https:\/\/www.ladepeche.fr\/2025\/12\/05\/les-europeens-jugent-eleve-le-risque-dun-conflit-entre-leur-pays-et-la-russie-13092421.php\" target=\"_blank\" rel=\"noopener\">Guerre Europe-Russie : les Europ\u00e9ens jugent \u00e9lev\u00e9 le risque d\u2019un conflit avec les Russes<\/a>\n    <\/p>\n<p>Une s\u00e9rie noire d\u2019incidents a\u00e9riens<\/p>\n<p>Les accidents a\u00e9riens, qu&rsquo;ils soient militaires ou civils, sont relativement fr\u00e9quents en Russie. La chute d&rsquo;<a href=\"https:\/\/www.ladepeche.fr\/2025\/07\/24\/russie-il-a-disparu-des-radars-un-avion-de-ligne-avec-49-personnes-a-bord-porte-disparu-12841443.php\" target=\"_self\" rel=\"noopener\">un avion de ligne AN-24 <\/a>de la compagnie Angara Airlines, le 24 juillet dernier dans l&rsquo;Extr\u00eame-Orient russe, avait co\u00fbt\u00e9 la vie \u00e0 42 passagers et six membres d&rsquo;\u00e9quipage, selon le minist\u00e8re des Transports. L&rsquo;analyse des bo\u00eetes noires avait alors orient\u00e9 les enqu\u00eateurs vers un probl\u00e8me technique ou une erreur de pilotage.<\/p>\n<p>Selon le journal <a href=\"https:\/\/www.theguardian.com\/world\/2025\/jul\/24\/passenger-plane-missing-russia-far-east-an-24-angara\" target=\"_self\" rel=\"noopener\">The Guardian<\/a>, la multiplication des accidents a\u00e9riens pourrait \u00eatre directement li\u00e9e aux sanctions impos\u00e9es par les pays occidentaux depuis le d\u00e9but de la guerre. Ces mesures emp\u00eacheraient en effet la Russie d&rsquo;acqu\u00e9rir les pi\u00e8ces d\u00e9tach\u00e9es n\u00e9cessaires ou d&rsquo;effectuer des r\u00e9parations de qualit\u00e9 sur sa flotte. La saisie de dizaines d&rsquo;appareils \u00e9trangers forcerait \u00e9galement Moscou \u00e0 se tourner vers des avions plus anciens, datant de l&rsquo;\u00e8re sovi\u00e9tique.<\/p>\n<p>Pour l&rsquo;heure, le Comit\u00e9 d&rsquo;enqu\u00eate russe a annonc\u00e9 l&rsquo;ouverture d&rsquo;une enqu\u00eate pour \u00ab\u00a0violation des r\u00e8gles de pr\u00e9paration des vols\u00a0\u00bb\u00a0a\u00e9riens afin de d\u00e9terminer les responsabilit\u00e9s.<\/p>\n","protected":false},"excerpt":{"rendered":"l&rsquo;essentiel Un avion de transport militaire s&rsquo;est \u00e9cras\u00e9 en Russie, entra\u00eenant la mort de tous les membres d&rsquo;\u00e9quipage.&hellip;\n","protected":false},"author":2,"featured_media":591027,"comment_status":"","ping_status":"","sticky":false,"template":"","format":"standard","meta":{"footnotes":""},"categories":[1591],"tags":[11,1887,329,131,14,12,1885,1886,132],"class_list":{"0":"post-591026","1":"post","2":"type-post","3":"status-publish","4":"format-standard","5":"has-post-thumbnail","7":"category-russie","8":"tag-actualites","9":"tag-federation-de-russie","10":"tag-france-monde","11":"tag-guerre-en-ukraine","12":"tag-international","13":"tag-news","14":"tag-russia","15":"tag-russian-federation","16":"tag-russie"},"share_on_mastodon":{"url":"https:\/\/pubeurope.com\/@fr\/115696164240754429","error":""},"_links":{"self":[{"href":"https:\/\/www.europesays.com\/fr\/wp-json\/wp\/v2\/posts\/591026","targetHints":{"allow":["GET"]}}],"collection":[{"href":"https:\/\/www.europesays.com\/fr\/wp-json\/wp\/v2\/posts"}],"about":[{"href":"https:\/\/www.europesays.com\/fr\/wp-json\/wp\/v2\/types\/post"}],"author":[{"embeddable":true,"href":"https:\/\/www.europesays.com\/fr\/wp-json\/wp\/v2\/users\/2"}],"replies":[{"embeddable":true,"href":"https:\/\/www.europesays.com\/fr\/wp-json\/wp\/v2\/comments?post=591026"}],"version-history":[{"count":0,"href":"https:\/\/www.europesays.com\/fr\/wp-json\/wp\/v2\/posts\/591026\/revisions"}],"wp:featuredmedia":[{"embeddable":true,"href":"https:\/\/www.europesays.com\/fr\/wp-json\/wp\/v2\/media\/591027"}],"wp:attachment":[{"href":"https:\/\/www.europesays.com\/fr\/wp-json\/wp\/v2\/media?parent=591026"}],"wp:term":[{"taxonomy":"category","embeddable":true,"href":"https:\/\/www.europesays.com\/fr\/wp-json\/wp\/v2\/categories?post=591026"},{"taxonomy":"post_tag","embeddable":true,"href":"https:\/\/www.europesays.com\/fr\/wp-json\/wp\/v2\/tags?post=591026"}],"curies":[{"name":"wp","href":"https:\/\/api.w.org\/{rel}","templated":true}]}}