{"id":591028,"date":"2025-12-10T16:15:27","date_gmt":"2025-12-10T16:15:27","guid":{"rendered":"https:\/\/www.europesays.com\/fr\/591028\/"},"modified":"2025-12-10T16:15:27","modified_gmt":"2025-12-10T16:15:27","slug":"ukraine-qui-remporterait-la-presidentielle-si-elle-avait-lieu-aujourdhui","status":"publish","type":"post","link":"https:\/\/www.europesays.com\/fr\/591028\/","title":{"rendered":"Ukraine : qui remporterait la pr\u00e9sidentielle si elle avait lieu aujourd&rsquo;hui\u00a0?"},"content":{"rendered":"<p>Le pr\u00e9sident ukrainien Volodymyr Zelensky a d\u00e9clar\u00e9 qu&rsquo;il \u00e9tait pr\u00eat \u00e0 organiser une \u00e9lection pr\u00e9sidentielle dans les 90 jours si les partenaires occidentaux aidaient \u00e0 assurer la s\u00e9curit\u00e9 du vote, en r\u00e9ponse aux appels de son homologue am\u00e9ricain Donald Trump pour que l&rsquo;Ukraine organise un vote malgr\u00e9 le maintien de la loi martiale.<\/p>\n<p>Donald Trump a d\u00e9clar\u00e9 qu&rsquo;il consid\u00e9rait qu&rsquo;il s&rsquo;agissait d&rsquo;un \u00ab\u00a0moment important\u00a0\u00bb pour l&rsquo;Ukraine d&rsquo;organiser une \u00e9lection, accusant Kyiv de reporter d\u00e9lib\u00e9r\u00e9ment le scrutin.<\/p>\n<p>\u00ab\u00a0Ils (l&rsquo;Ukraine) utilisent la guerre pour ne pas organiser d&rsquo;\u00e9lection\u00a0\u00bb, a d\u00e9clar\u00e9 le pr\u00e9sident am\u00e9ricain dans <a href=\"https:\/\/www.politico.eu\/article\/trump-sen-prend-aux-dirigeants-europeens-dans-un-grand-entretien-je-pense-quils-sont-faibles\/\" target=\"_blank\" rel=\"noreferrer noopener\">une interview accord\u00e9e \u00e0 Politico.<\/a><\/p>\n<p>Volodymyr Zelensky n&rsquo;a pas tard\u00e9 \u00e0 r\u00e9agir en d\u00e9clarant : \u00ab\u00a0Personnellement, j&rsquo;ai la volont\u00e9 de le faire et je suis pr\u00eat \u00e0 le faire\u00a0\u00bb.<\/p>\n<p>Selon les lois en vigueur, un scrutin ne peut avoir lieu sous la loi martiale impos\u00e9e par l&rsquo;invasion russe il y a pr\u00e8s de quatre ans.<\/p>\n<p>Le pr\u00e9sident ukrainien a exhort\u00e9 les l\u00e9gislateurs \u00e0 r\u00e9diger des propositions de lois qui permettraient de modifier cette r\u00e8gle.<\/p>\n<p>Alors que les l\u00e9gislateurs ukrainiens travaillent sur la solution juridique, Volodymyr Zelensky a demand\u00e9 aux partenaires occidentaux de l&rsquo;Ukraine, dont les \u00c9tats-Unis, de l&rsquo;aider \u00e0 garantir la s\u00e9curit\u00e9 du scrutin.<\/p>\n<p>\u00ab\u00a0Je demande maintenant, et je le dis ouvertement, aux \u00c9tats-Unis de m&rsquo;aider. Avec nos partenaires europ\u00e9ens, nous pouvons assurer la s\u00e9curit\u00e9 n\u00e9cessaire \u00e0 la tenue d&rsquo;une \u00e9lection. Si cela se produit, l&rsquo;Ukraine sera pr\u00eate \u00e0 organiser une \u00e9lection dans les 60 \u00e0 90 prochains jours\u00a0\u00bb, a-t-il d\u00e9clar\u00e9.<\/p>\n<p><strong>Les Ukrainiens soutiennent-ils Volodymyr Zelensky ?<\/strong><\/p>\n<p>En 2019, Volodymyr Zelensky a remport\u00e9 une victoire \u00e9crasante avec plus de 73 % des voix au second tour, contre 24 % pour l&rsquo;ancien pr\u00e9sident Petro Porochenko.<\/p>\n<p>Peu apr\u00e8s, l&rsquo;Ukraine a organis\u00e9 des \u00e9lections l\u00e9gislatives anticip\u00e9es et le parti de Zelensky, Serviteur du peuple, a remport\u00e9 une majorit\u00e9 absolue de si\u00e8ges \u00e0 la Verkhovna Rada.<\/p>\n<p>Quelque 80 % des Ukrainiens ont dit faire confiance \u00e0 Volodymyr Zelensky en 2019, gr\u00e2ce \u00e0 ses bons r\u00e9sultats aux \u00e9lections pr\u00e9sidentielle et l\u00e9gislatives de cette ann\u00e9e-l\u00e0.<\/p>\n<p>Ce chiffre est tomb\u00e9 \u00e0 37 % au d\u00e9but du mois de f\u00e9vrier 2022, avant de rebondir \u00e0 un niveau record de 90 % lorsque la Russie a commenc\u00e9 son invasion \u00e0 grande \u00e9chelle de l&rsquo;Ukraine.<\/p>\n<p>Pr\u00e8s de quatre ans plus tard, un sondage r\u00e9alis\u00e9 par l&rsquo;Institut international de sociologie de Kyiv (KIIS) au d\u00e9but de l&rsquo;automne a montr\u00e9 que 60 % des Ukrainiens continuaient \u00e0 soutenir le pr\u00e9sident ukrainien.<\/p>\n<p><strong>Qui se pr\u00e9senterait et qui gagnerait ?<\/strong><\/p>\n<p>Selon un autre sondage r\u00e9alis\u00e9 par Info Sapiens et publi\u00e9 mardi, 20,3 % des Ukrainiens voteraient pour Volodymyr Zelensky lors d&rsquo;une prochaine \u00e9lection pr\u00e9sidentielle.<\/p>\n<p>Bien que cela repr\u00e9sente un changement radical par rapport aux 73 % de votes en 2019, il reste le candidat le plus populaire et gagnerait la pr\u00e9sidentielle si elle devait avoir lieu, selon ce sondage.<\/p>\n<p>Le deuxi\u00e8me choix le plus populaire et la seule personne qui pourrait s&rsquo;approcher de ce niveau de soutien est l&rsquo;ancien commandant en chef des forces arm\u00e9es, le g\u00e9n\u00e9ral Valeri Zaloujny.<\/p>\n<p>Aujourd&rsquo;hui ambassadeur d&rsquo;Ukraine au Royaume-Uni, il s&rsquo;est forg\u00e9 une excellente r\u00e9putation lorsque la Russie s&rsquo;est lanc\u00e9e dans une guerre totale contre l&rsquo;Ukraine.<\/p>\n<p>Le g\u00e9n\u00e9ral Valeri Zaloujny \u00e9tait charg\u00e9 des d\u00e9fenses de l&rsquo;Ukraine, notamment de la bataille pour Kyiv au d\u00e9but de 2022 et des contre-offensives ult\u00e9rieures jusqu&rsquo;en mai 2024.<\/p>\n<p>Selon le dernier sondage r\u00e9alis\u00e9 par Info Sapiens, Valeri Zaloujny arrive en deuxi\u00e8me position, avec environ 19 % de soutien.<\/p>\n<p>Mais le g\u00e9n\u00e9ral en chef de l&rsquo;Ukraine n&rsquo;a pas l&rsquo;intention de se pr\u00e9senter de sit\u00f4t, a-t-il d\u00e9clar\u00e9. Au milieu de rumeurs et de sp\u00e9culations r\u00e9guli\u00e8res, Valeri Zaloujny a indiqu\u00e9 d\u00e9but octobre qu&rsquo;il n&rsquo;avait pas l&rsquo;intention de lancer un parti politique et qu&rsquo;il n&rsquo;\u00e9tait pas favorable \u00e0 l&rsquo;organisation d&rsquo;une \u00e9lection tant que la guerre se poursuivait.<\/p>\n<p>\u00ab\u00a0Je ne suis pas favorable \u00e0 la tenue d&rsquo;\u00e9lections en temps de guerre. Toute personne recevant une offre &#8211; pr\u00e9tendument en mon nom &#8211; pour rejoindre une initiative par le biais d&rsquo;une organisation doit le signaler aux forces de l&rsquo;ordre\u00a0\u00bb, a-t-il d\u00e9clar\u00e9 dans un message publi\u00e9 sur Facebook.<\/p>\n<p>\u00ab\u00a0Je ne cr\u00e9e aucun si\u00e8ge ou parti politique, et je ne suis affili\u00e9 \u00e0 aucune force politique\u00a0\u00bb, a-t-il expliqu\u00e9.<\/p>\n<p>La troisi\u00e8me personne sur la liste des candidats potentiels \u00e0 la pr\u00e9sidence est le chef du service de renseignement militaire ukrainien HUR Kyrylo Boudanov, bien qu&rsquo;il ne recueille qu&rsquo;un peu plus de 5 % des voix.<\/p>\n<p>Le chef des espions ukrainiens n&rsquo;a jamais exprim\u00e9 d&rsquo;ambitions politiques et est largement consid\u00e9r\u00e9 comme irrempla\u00e7able \u00e0 son poste actuel, compte tenu des op\u00e9rations sans pr\u00e9c\u00e9dent men\u00e9es par le HUR en Ukraine et \u00e0 l&rsquo;\u00e9tranger.<\/p>\n<p>La popularit\u00e9 de personnalit\u00e9s militaires telles que Valeri Zaloujny et Kyrylo Boudanov peut \u00eatre interpr\u00e9t\u00e9e comme un signe de l&rsquo;importance que les \u00e9lecteurs ukrainiens accordent \u00e0 la d\u00e9fense du pays et \u00e0 la future strat\u00e9gie militaire dans le contexte de la guerre men\u00e9e par la Russie contre l&rsquo;Ukraine.<\/p>\n<p><strong>Les Ukrainiens veulent-ils des \u00e9lections ?<\/strong><\/p>\n<p>Selon la constitution ukrainienne, les prochaines \u00e9lections ne pourront avoir lieu qu&rsquo;apr\u00e8s la fin de la loi martiale, et la grande majorit\u00e9 des Ukrainiens ne veulent pas se pr\u00e9cipiter pour voter avant la fin de la guerre.<\/p>\n<p>Seuls 12 % des Ukrainiens pensent que des \u00e9lections devraient avoir lieu alors que Moscou est en train d&rsquo;envahir le pays.<\/p>\n<p>Un plus grand nombre d&rsquo;Ukrainiens, 22 %, sont favorables \u00e0 des \u00e9lections apr\u00e8s un cessez-le-feu assorti de garanties de s\u00e9curit\u00e9, ce que l&rsquo;Ukraine n&rsquo;a pas re\u00e7u et n&rsquo;a pas encore \u00e9t\u00e9 promis.<\/p>\n<p>Environ 63 % des Ukrainiens estiment que les \u00e9lections ne devraient avoir lieu qu&rsquo;apr\u00e8s la fin de la guerre, selon la derni\u00e8re enqu\u00eate de l&rsquo;Institut international de sociologie de Kyiv.<\/p>\n<p>Volodymyr Zelensky a d\u00e9clar\u00e9 qu&rsquo;il ne se repr\u00e9senterait pas une fois la guerre termin\u00e9e.<\/p>\n<p>\u00ab\u00a0Si nous terminons la guerre avec les Russes, je suis pr\u00eat \u00e0 ne pas briguer un second mandat, car ce n&rsquo;est pas mon objectif\u00a0\u00bb, a-t-il d\u00e9clar\u00e9 en septembre.<\/p>\n<p>\u00ab\u00a0Je voulais vraiment, dans une p\u00e9riode tr\u00e8s difficile, \u00eatre avec mon pays, aider mon pays. Mon objectif est de terminer la guerre.\u00a0\u00bb<\/p>\n","protected":false},"excerpt":{"rendered":"Le pr\u00e9sident ukrainien Volodymyr Zelensky a d\u00e9clar\u00e9 qu&rsquo;il \u00e9tait pr\u00eat \u00e0 organiser une \u00e9lection pr\u00e9sidentielle dans les 90&hellip;\n","protected":false},"author":2,"featured_media":591029,"comment_status":"","ping_status":"","sticky":false,"template":"","format":"standard","meta":{"footnotes":""},"categories":[1590],"tags":[11,1777,674,131,2025,12,220,134],"class_list":{"0":"post-591028","1":"post","2":"type-post","3":"status-publish","4":"format-standard","5":"has-post-thumbnail","7":"category-ukraine","8":"tag-actualites","9":"tag-eu","10":"tag-europe","11":"tag-guerre-en-ukraine","12":"tag-invasion-de-la-russie-en-ukraine","13":"tag-news","14":"tag-ukraine","15":"tag-volodymyr-zelensky"},"share_on_mastodon":{"url":"https:\/\/pubeurope.com\/@fr\/115696168170197097","error":""},"_links":{"self":[{"href":"https:\/\/www.europesays.com\/fr\/wp-json\/wp\/v2\/posts\/591028","targetHints":{"allow":["GET"]}}],"collection":[{"href":"https:\/\/www.europesays.com\/fr\/wp-json\/wp\/v2\/posts"}],"about":[{"href":"https:\/\/www.europesays.com\/fr\/wp-json\/wp\/v2\/types\/post"}],"author":[{"embeddable":true,"href":"https:\/\/www.europesays.com\/fr\/wp-json\/wp\/v2\/users\/2"}],"replies":[{"embeddable":true,"href":"https:\/\/www.europesays.com\/fr\/wp-json\/wp\/v2\/comments?post=591028"}],"version-history":[{"count":0,"href":"https:\/\/www.europesays.com\/fr\/wp-json\/wp\/v2\/posts\/591028\/revisions"}],"wp:featuredmedia":[{"embeddable":true,"href":"https:\/\/www.europesays.com\/fr\/wp-json\/wp\/v2\/media\/591029"}],"wp:attachment":[{"href":"https:\/\/www.europesays.com\/fr\/wp-json\/wp\/v2\/media?parent=591028"}],"wp:term":[{"taxonomy":"category","embeddable":true,"href":"https:\/\/www.europesays.com\/fr\/wp-json\/wp\/v2\/categories?post=591028"},{"taxonomy":"post_tag","embeddable":true,"href":"https:\/\/www.europesays.com\/fr\/wp-json\/wp\/v2\/tags?post=591028"}],"curies":[{"name":"wp","href":"https:\/\/api.w.org\/{rel}","templated":true}]}}