{"id":591034,"date":"2025-12-10T16:18:16","date_gmt":"2025-12-10T16:18:16","guid":{"rendered":"https:\/\/www.europesays.com\/fr\/591034\/"},"modified":"2025-12-10T16:18:16","modified_gmt":"2025-12-10T16:18:16","slug":"faut-il-effacer-les-noms-lies-au-communisme-des-rues-de-lex-rda","status":"publish","type":"post","link":"https:\/\/www.europesays.com\/fr\/591034\/","title":{"rendered":"faut-il effacer les noms li\u00e9s au communisme des rues de l\u2019ex-RDA ?"},"content":{"rendered":"\n<p>\u201cUn petit air de RDA flotte dans les rues du quartier de Borau, \u00e0 Wei\u00dfenfels\u201d, <a class=\"ithalc\" data-ithal=\"lien_externe\" data-ithalc=\"[nav_article]\" target=\"_blank\" href=\"https:\/\/www.bild.de\/leben-wissen\/kultur\/leninstrassen-in-ostdeutschland-streit-um-namen-aus-ddr-zeit-69281ee87346a3390b209fcc\" rel=\"noopener\">rapporte le tablo\u00efd conservateur <strong>Bild<\/strong><\/a><strong>. <\/strong>Dans cette commune de Saxe-Anhalt, de nombreuses rues ont encore des noms li\u00e9s au communisme, comme la rue L\u00e9nine ou encore la rue Wilhelm-Pieck, \u201cconnu pour avoir \u00e9t\u00e9 le pr\u00e9sident de l\u2019Allemagne de l\u2019Est\u201d de 1949\u00a0\u00e0 1960.<\/p>\n<p>La ville n\u2019est pas la seule dans cette situation. Trente-cinq ans apr\u00e8s la fin de la dictature, les noms de dignitaires de l\u2019\u00e8re sovi\u00e9tique sont encore tr\u00e8s pr\u00e9sents dans l\u2019espace public. \u201cEt la d\u00e9fenseuse des victimes du SED [Parti socialiste unifi\u00e9 d\u2019Allemagne, le parti unique de RDA] aupr\u00e8s du Parlement, Evelyn Zupke, veut y rem\u00e9dier.\u201d Cette ancienne militante pour la d\u00e9mocratie en RDA souhaite ainsi apaiser les \u201csouffrances\u201d de ceux qui ont \u00e9t\u00e9 martyris\u00e9s sous le r\u00e9gime est-allemand.<\/p>\n<p>En appelant les communes \u00e0 renommer les rues et avenues concern\u00e9es, la repr\u00e9sentante a mis le doigt sur un angle mort des d\u00e9bats politiques, <a class=\"ithalc\" data-ithal=\"lien_externe\" data-ithalc=\"[nav_article]\" target=\"_blank\" href=\"https:\/\/www.berliner-kurier.de\/ddr\/strassen-aus-der-ddr-sed-opferbeauftragte-will-namen-abschaffen-li.10009027\" rel=\"noopener\">affirme le <strong>Berliner Kurier<\/strong><\/a><strong>,<\/strong> tablo\u00efd install\u00e9 \u00e0 Berlin qui s\u2019adresse au lectorat des L\u00e4nder d\u2019ex-RDA.<strong> <\/strong>Si des discussions sur les noms de personnalit\u00e9s nazies ont r\u00e9guli\u00e8rement lieu, \u201cl\u2019Allemagne de l\u2019Est et les vestiges de la RDA sont rarement au c\u0153ur des d\u00e9bats\u201d.<\/p>\n<p> Une proposition controvers\u00e9e <\/p>\n<p>La proposition d\u2019Evelyn Zupke es<\/p>\n","protected":false},"excerpt":{"rendered":"\u201cUn petit air de RDA flotte dans les rues du quartier de Borau, \u00e0 Wei\u00dfenfels\u201d, rapporte le tablo\u00efd&hellip;\n","protected":false},"author":2,"featured_media":591035,"comment_status":"","ping_status":"","sticky":false,"template":"","format":"standard","meta":{"footnotes":""},"categories":[1587],"tags":[11,672,1804,1805,1803,1777,674,1801,937,11119,12,316,1802,1857,1352],"class_list":{"0":"post-591034","1":"post","2":"type-post","3":"status-publish","4":"format-standard","5":"has-post-thumbnail","7":"category-allemagne","8":"tag-actualites","9":"tag-allemagne","10":"tag-bundesrepublik-deutschland","11":"tag-de","12":"tag-deutschland","13":"tag-eu","14":"tag-europe","15":"tag-germany","16":"tag-histoire","17":"tag-mu00e9moire","18":"tag-news","19":"tag-politique","20":"tag-republique-federale-dallemagne","21":"tag-sociu00e9tu00e9","22":"tag-urbanisme"},"share_on_mastodon":{"url":"https:\/\/pubeurope.com\/@fr\/115696179980970385","error":""},"_links":{"self":[{"href":"https:\/\/www.europesays.com\/fr\/wp-json\/wp\/v2\/posts\/591034","targetHints":{"allow":["GET"]}}],"collection":[{"href":"https:\/\/www.europesays.com\/fr\/wp-json\/wp\/v2\/posts"}],"about":[{"href":"https:\/\/www.europesays.com\/fr\/wp-json\/wp\/v2\/types\/post"}],"author":[{"embeddable":true,"href":"https:\/\/www.europesays.com\/fr\/wp-json\/wp\/v2\/users\/2"}],"replies":[{"embeddable":true,"href":"https:\/\/www.europesays.com\/fr\/wp-json\/wp\/v2\/comments?post=591034"}],"version-history":[{"count":0,"href":"https:\/\/www.europesays.com\/fr\/wp-json\/wp\/v2\/posts\/591034\/revisions"}],"wp:featuredmedia":[{"embeddable":true,"href":"https:\/\/www.europesays.com\/fr\/wp-json\/wp\/v2\/media\/591035"}],"wp:attachment":[{"href":"https:\/\/www.europesays.com\/fr\/wp-json\/wp\/v2\/media?parent=591034"}],"wp:term":[{"taxonomy":"category","embeddable":true,"href":"https:\/\/www.europesays.com\/fr\/wp-json\/wp\/v2\/categories?post=591034"},{"taxonomy":"post_tag","embeddable":true,"href":"https:\/\/www.europesays.com\/fr\/wp-json\/wp\/v2\/tags?post=591034"}],"curies":[{"name":"wp","href":"https:\/\/api.w.org\/{rel}","templated":true}]}}