{"id":591038,"date":"2025-12-10T16:20:19","date_gmt":"2025-12-10T16:20:19","guid":{"rendered":"https:\/\/www.europesays.com\/fr\/591038\/"},"modified":"2025-12-10T16:20:19","modified_gmt":"2025-12-10T16:20:19","slug":"atp-rafael-nadal-jai-eu-la-chance-en-plus-de-pouvoir-vivre-en-tant-que-spectateur-cette-grande-epoque-du-sport-espagnol-den-faire-partie","status":"publish","type":"post","link":"https:\/\/www.europesays.com\/fr\/591038\/","title":{"rendered":"ATP > Rafael Nadal : \u00ab\u00a0J&rsquo;ai eu la chance, en plus de pouvoir vivre en tant que spectateur cette grande \u00e9poque du sport espagnol, d&rsquo;en faire partie\u00a0\u00bb"},"content":{"rendered":"<p>Interview\u00e9 par la <a href=\"https:\/\/cadenaser.com\/nacional\/2025\/12\/01\/rafa-nadal-a-sinner-y-alcaraz-les-hace-falta-alguien-que-les-apriete-porque-han-marcado-diferencias-con-todos-cadena-ser\/\" data-wpel-link=\"external\" target=\"_blank\" rel=\"nofollow external noopener\">Cadena SER<\/a>, un an apr\u00e8s avoir mis un terme \u00e0 sa carri\u00e8re, Rafael Nadal a \u00e9voqu\u00e9 l\u2019ad\u00admi\u00adra\u00adtion de certains de ses compa\u00adtriotes, grands spor\u00adtifs espa\u00adgnol, pour\u00a0lui.\u00a0<\/p>\n<p><strong>\u00ab\u202fPour moi aussi, c\u2019est g\u00e9nial d\u2019\u00eatre \u00e0 c\u00f4t\u00e9 d\u2019eux. Le sport suscite cette exci\u00adta\u00adtion, moi aussi je suis enthou\u00adsiaste quand je regarde un match de foot\u00adball ou que je vois Marc (M\u00e1rquez) gagner \u00e0 nouveau, parce que je sais un peu ce qu\u2019il a travers\u00e9. Le sport rassemble en ce sens et nous avons eu la chance, en plus de pouvoir vivre en tant que spec\u00adta\u00adteurs cette grande \u00e9poque du sport espa\u00adgnol, d\u2019en faire partie.\u202f\u00bb<\/strong><\/p>\n<p class=\"post-published-date\" style=\"color: silver; font-size: 75%; text-align: left;\">Publi\u00e9 le mercredi 10 d\u00e9cembre 2025 \u00e0 16:28<\/p>\n","protected":false},"excerpt":{"rendered":"Interview\u00e9 par la Cadena SER, un an apr\u00e8s avoir mis un terme \u00e0 sa carri\u00e8re, Rafael Nadal a&hellip;\n","protected":false},"author":2,"featured_media":181531,"comment_status":"","ping_status":"","sticky":false,"template":"","format":"standard","meta":{"footnotes":""},"categories":[1586],"tags":[11,1777,674,1779,1011,27,1960,12,25,1778,364],"class_list":{"0":"post-591038","1":"post","2":"type-post","3":"status-publish","4":"format-standard","5":"has-post-thumbnail","7":"category-europe","8":"tag-actualites","9":"tag-eu","10":"tag-europe","11":"tag-european-union","12":"tag-fr","13":"tag-france","14":"tag-nadal","15":"tag-news","16":"tag-republique-francaise","17":"tag-ue","18":"tag-union-europeenne"},"share_on_mastodon":{"url":"https:\/\/pubeurope.com\/@fr\/115696187679647715","error":""},"_links":{"self":[{"href":"https:\/\/www.europesays.com\/fr\/wp-json\/wp\/v2\/posts\/591038","targetHints":{"allow":["GET"]}}],"collection":[{"href":"https:\/\/www.europesays.com\/fr\/wp-json\/wp\/v2\/posts"}],"about":[{"href":"https:\/\/www.europesays.com\/fr\/wp-json\/wp\/v2\/types\/post"}],"author":[{"embeddable":true,"href":"https:\/\/www.europesays.com\/fr\/wp-json\/wp\/v2\/users\/2"}],"replies":[{"embeddable":true,"href":"https:\/\/www.europesays.com\/fr\/wp-json\/wp\/v2\/comments?post=591038"}],"version-history":[{"count":0,"href":"https:\/\/www.europesays.com\/fr\/wp-json\/wp\/v2\/posts\/591038\/revisions"}],"wp:featuredmedia":[{"embeddable":true,"href":"https:\/\/www.europesays.com\/fr\/wp-json\/wp\/v2\/media\/181531"}],"wp:attachment":[{"href":"https:\/\/www.europesays.com\/fr\/wp-json\/wp\/v2\/media?parent=591038"}],"wp:term":[{"taxonomy":"category","embeddable":true,"href":"https:\/\/www.europesays.com\/fr\/wp-json\/wp\/v2\/categories?post=591038"},{"taxonomy":"post_tag","embeddable":true,"href":"https:\/\/www.europesays.com\/fr\/wp-json\/wp\/v2\/tags?post=591038"}],"curies":[{"name":"wp","href":"https:\/\/api.w.org\/{rel}","templated":true}]}}