{"id":591039,"date":"2025-12-10T16:22:20","date_gmt":"2025-12-10T16:22:20","guid":{"rendered":"https:\/\/www.europesays.com\/fr\/591039\/"},"modified":"2025-12-10T16:22:20","modified_gmt":"2025-12-10T16:22:20","slug":"braquage-du-louvre-a-30-secondes-pres-lannonce-choc","status":"publish","type":"post","link":"https:\/\/www.europesays.com\/fr\/591039\/","title":{"rendered":"Braquage du Louvre : \u00ab\u00a0\u00c0 30 secondes pr\u00e8s\u00a0\u00bb, l&rsquo;annonce choc"},"content":{"rendered":"<p data-start=\"260\" data-end=\"694\">Presque deux mois apr\u00e8s <a href=\"https:\/\/www.closermag.fr\/vecu\/braquage-du-musee-du-louvre-ces-dix-photos-saisissantes-du-stratageme-des-cambrioleurs-3587755\" target=\"_blank\" rel=\"noopener\"><br \/>\nle spectaculaire braquage du Louvre<\/a>, survenu le 19 octobre,<br \/>\nl\u2019enqu\u00eate administrative livre enfin ses premi\u00e8res conclusions. Ce<br \/>\nmercredi 10 d\u00e9cembre, Laurent Lafon, pr\u00e9sident de la commission de<br \/>\nla culture au S\u00e9nat, a d\u00e9voil\u00e9 des \u00e9l\u00e9ments pour le moins<br \/>\ntroublants. Selon lui, <strong>les cambrioleurs auraient pu \u00eatre<br \/>\nneutralis\u00e9s en pleine action,<\/strong> si certaines recommandations<br \/>\ntechniques avaient \u00e9t\u00e9 appliqu\u00e9es \u00e0 temps.<\/p>\n<p data-start=\"696\" data-end=\"990\">Ces r\u00e9v\u00e9lations, venues \u00e9clairer<br \/>\nles failles du dispositif de s\u00e9curit\u00e9, ajoutent une nouvelle<br \/>\ndimension \u00e0 l\u2019affaire. Le casse, qui a vis\u00e9 des bijoux d\u2019une valeur<br \/>\n\u00e9conomique estim\u00e9e \u00e0 88 millions d\u2019euros, aurait donc <strong>pu<br \/>\nconna\u00eetre une toute autre fin<\/strong>. Et ce, pour une simple<br \/>\nquestion de secondes&#8230;<\/p>\n<p>Le braquage du Louvre \u00e9tait<br \/>\n\u00e9vitable<\/p>\n<p data-start=\"1047\" data-end=\"1534\">Devant les s\u00e9nateurs, Laurent<br \/>\nLafon n\u2019a pas m\u00e2ch\u00e9 ses mots. <strong>\u00ab\u00a0Le rapport montre qu\u2019\u00e0 trente secondes pr\u00e8s, les<br \/>\ncambrioleurs auraient pu \u00eatre arr\u00eat\u00e9s et le butin<br \/>\nretrouv\u00e9\u00a0\u00bb<\/strong>, explique-t-il. Ce laps de temps minuscule<br \/>\naurait \u00e9t\u00e9 perdu en raison d\u2019\u00e9quipements d\u00e9faillants et d\u2019un manque<br \/>\nde r\u00e9activit\u00e9 li\u00e9 \u00e0 du mat\u00e9riel d\u00e9pass\u00e9. Il pr\u00e9cise :<br \/>\n\u00ab\u00a0Ces quelques secondes sont<br \/>\nimportantes. Si les recommandations des audits avaient \u00e9t\u00e9 mises en<br \/>\n\u0153uvre, ces trente secondes auraient \u00e9t\u00e9 r\u00e9cup\u00e9r\u00e9es.\u00a0\u00bb<\/p>\n<p data-start=\"1536\" data-end=\"2020\">L\u2019exemple le plus marquant ?<br \/>\nUne cam\u00e9ra, pourtant fonctionnelle, qui filmait la nacelle utilis\u00e9e<br \/>\npar les malfaiteurs mais dont l\u2019image n\u2019apparaissait pas sur<br \/>\nl\u2019\u00e9cran du PC de s\u00e9curit\u00e9. \u00ab\u00a0Il a fallu plusieurs minutes pour d\u00e9cider <a href=\"https:\/\/www.closermag.fr\/vecu\/braquage-du-louvre-galipette-avant-ces-videos-qui-ont-vraiment-surpris-les-experts-3592838\" target=\"_blank\" rel=\"noopener\"><br \/>\nd\u2019aller chercher et d\u2019activer les images<\/a>\u00ab\u00a0, d\u00e9plore-t-il.<br \/>\nUn d\u00e9lai fatal. \u00c0 partir de l\u00e0, les agents ont d\u00fb composer avec<br \/>\n<strong>un syst\u00e8me obsol\u00e8te<\/strong>, \u00ab\u00a0pas vraiment adapt\u00e9 aux exigences de<br \/>\ns\u00e9curit\u00e9\u00a0\u00bb, ce qui a permis aux braqueurs de prendre une avance<br \/>\nd\u00e9cisive.<\/p>\n<p>Une<br \/>\nintervention d\u00e9cisive qui a tout de m\u00eame \u00ab\u00a0permis d&rsquo;\u00e9viter le<br \/>\npire\u00a0\u00bb<\/p>\n<p data-start=\"2081\" data-end=\"2545\">Pour autant, tout n\u2019a pas \u00e9t\u00e9<br \/>\nd\u00e9faillant ce soir-l\u00e0. L\u2019un des auteurs du rapport, No\u00ebl Corbin,<br \/>\ninspecteur g\u00e9n\u00e9ral des affaires culturelles, tient \u00e0 souligner<br \/>\nl\u2019efficacit\u00e9 des agents pr\u00e9sents sur le terrain. Selon lui,<br \/>\n<strong>\u00ab\u00a0l\u2019intervention des<br \/>\nagents de s\u00e9curit\u00e9 aux abords du mus\u00e9e et dans les zones proches du<br \/>\nLouvre a permis d\u2019\u00e9viter le pire\u00a0\u00bb.<\/strong> Une mani\u00e8re de<br \/>\nrappeler que, malgr\u00e9 les failles techniques, les \u00e9quipes ont agi<br \/>\nvite et ont limit\u00e9 l\u2019ampleur du braquage.<\/p>\n<p data-start=\"2547\" data-end=\"3205\">Car le pr\u00e9judice reste<br \/>\nimmense. D\u00e8s le 21 octobre, la procureure de Paris, Laure Beccuau,<br \/>\ns\u2019\u00e9tait exprim\u00e9e sur RTL pour donner un premier chiffrage.<br \/>\n\u00ab\u00a0Le pr\u00e9judice a \u00e9t\u00e9 estim\u00e9<br \/>\npar la conservatrice du Louvre \u00e0 88 millions d&rsquo;euros\u00a0\u00bb,<br \/>\nindiquait-elle, parlant d\u2019une somme \u00ab\u00a0extr\u00eamement spectaculaire\u00a0\u00bb. Elle pr\u00e9cisait aussi que<br \/>\ncette perte \u00e9conomique ne refl\u00e9tait qu\u2019une partie du d\u00e9sastre, le<br \/>\npr\u00e9judice historique \u00e9tant, lui, inestimable. Mais elle se voulait<br \/>\nrassurante : les malfaiteurs, <a href=\"https:\/\/www.closermag.fr\/vecu\/faits_divers\/vol-au-louvre-les-malfaiteurs-filmes-en-pleine-fuite-les-images-sont-a-peine-croyables-3588727\" target=\"_blank\" rel=\"noopener\"><br \/>\nqui n&rsquo;ont pas \u00e9chapp\u00e9 aux vid\u00e9osurveillances m\u00eame apr\u00e8s leur<br \/>\nfuite<\/a>, ne pourront pas profiter de la valeur totale du butin.<br \/>\n<strong>\u00ab\u00a0Ils ne gagneront pas<br \/>\ncette somme s&rsquo;ils avaient la tr\u00e8s mauvaise id\u00e9e de fondre ces<br \/>\nbijoux\u00a0\u00bb<\/strong>, affirmait-elle alors.<\/p>\n","protected":false},"excerpt":{"rendered":"Presque deux mois apr\u00e8s le spectaculaire braquage du Louvre, survenu le 19 octobre, l\u2019enqu\u00eate administrative livre enfin ses&hellip;\n","protected":false},"author":2,"featured_media":591040,"comment_status":"","ping_status":"","sticky":false,"template":"","format":"standard","meta":{"footnotes":""},"categories":[2],"tags":[11,6941,21303,1011,27,70426,12,25,104,65861],"class_list":{"0":"post-591039","1":"post","2":"type-post","3":"status-publish","4":"format-standard","5":"has-post-thumbnail","7":"category-actualites","8":"tag-actualites","9":"tag-braquage","10":"tag-buzz_nonli","11":"tag-fr","12":"tag-france","13":"tag-marfeel_news","14":"tag-news","15":"tag-republique-francaise","16":"tag-societe","17":"tag-trend"},"share_on_mastodon":{"url":"https:\/\/pubeurope.com\/@fr\/115696195582942826","error":""},"_links":{"self":[{"href":"https:\/\/www.europesays.com\/fr\/wp-json\/wp\/v2\/posts\/591039","targetHints":{"allow":["GET"]}}],"collection":[{"href":"https:\/\/www.europesays.com\/fr\/wp-json\/wp\/v2\/posts"}],"about":[{"href":"https:\/\/www.europesays.com\/fr\/wp-json\/wp\/v2\/types\/post"}],"author":[{"embeddable":true,"href":"https:\/\/www.europesays.com\/fr\/wp-json\/wp\/v2\/users\/2"}],"replies":[{"embeddable":true,"href":"https:\/\/www.europesays.com\/fr\/wp-json\/wp\/v2\/comments?post=591039"}],"version-history":[{"count":0,"href":"https:\/\/www.europesays.com\/fr\/wp-json\/wp\/v2\/posts\/591039\/revisions"}],"wp:featuredmedia":[{"embeddable":true,"href":"https:\/\/www.europesays.com\/fr\/wp-json\/wp\/v2\/media\/591040"}],"wp:attachment":[{"href":"https:\/\/www.europesays.com\/fr\/wp-json\/wp\/v2\/media?parent=591039"}],"wp:term":[{"taxonomy":"category","embeddable":true,"href":"https:\/\/www.europesays.com\/fr\/wp-json\/wp\/v2\/categories?post=591039"},{"taxonomy":"post_tag","embeddable":true,"href":"https:\/\/www.europesays.com\/fr\/wp-json\/wp\/v2\/tags?post=591039"}],"curies":[{"name":"wp","href":"https:\/\/api.w.org\/{rel}","templated":true}]}}