{"id":591041,"date":"2025-12-10T16:24:19","date_gmt":"2025-12-10T16:24:19","guid":{"rendered":"https:\/\/www.europesays.com\/fr\/591041\/"},"modified":"2025-12-10T16:24:19","modified_gmt":"2025-12-10T16:24:19","slug":"temoignage-cest-pres-de-quarante-ans-de-travail-plus-de-200-vaches-vouees-a-labattage-lemotion-de-la-fille-de-lagriculteur","status":"publish","type":"post","link":"https:\/\/www.europesays.com\/fr\/591041\/","title":{"rendered":"T\u00c9MOIGNAGE. \u00ab\u00a0C\u2019est pr\u00e8s de quarante ans de travail\u00a0\u00bb\u00a0: plus de 200 vaches vou\u00e9es \u00e0 l\u2019abattage, l\u2019\u00e9motion de la fille de l\u2019agriculteur"},"content":{"rendered":"<p>\n                                                                    l&rsquo;essentiel<br \/>\n                                                                Apr\u00e8s la d\u00e9couverte d\u2019un cas de dermatose nodulaire contagieuse (DNC) au GAEC de Mouriscou, \u00e0 Bordes-sur-Arize, les 208 vaches de l\u2019exploitation pourraient \u00eatre abattues. La fille et ni\u00e8ce des exploitants prend la parole pour raconter l\u2019effondrement d\u2019un r\u00eave transmis depuis plusieurs g\u00e9n\u00e9rations.\n                            <\/p>\n<p>Au GAEC de Mouriscou, aux Bordes-sur-Arize, en Ari\u00e8ge, la tension reste vive ce mercredi 10\u00a0d\u00e9cembre 2025. Alors que les agriculteurs du secteur poursuivent leur mobilisation, le cabinet de la ministre de l\u2019Agriculture a d\u00e9menti tout d\u00e9placement imminent dans le d\u00e9partement. Sur l\u2019exploitation familiale, l\u2019inqui\u00e9tude se m\u00eale d\u00e9sormais \u00e0 l\u2019incompr\u00e9hension apr\u00e8s la d\u00e9tection d\u2019un cas de dermatose nodulaire contagieuse (DNC).<\/p>\n<p>Selon les premi\u00e8res informations, l\u2019ensemble du troupeau \u2014 208 vaches \u2014 devrait \u00eatre abattu. Une perspective qui plonge la famille d\u2019exploitants dans la stupeur. Pour les enfants de l\u2019un des \u00e9leveurs, qui envisageaient de reprendre la ferme, c\u2019est un r\u00eave qui vacille.<\/p>\n<p class=\"std-elt__inline\">\n        <strong>\u00c0 lire aussi :<\/strong><br \/>\n        <a href=\"https:\/\/www.ladepeche.fr\/2025\/12\/10\/direct-dermatose-nodulaire-la-cr-appelle-les-agriculteurs-a-converger-vers-une-ferme-de-lariege-pour-empecher-labattage-de-200-vaches-13101865.php\" target=\"_blank\" rel=\"noopener\">DIRECT. Dermatose nodulaire\u00a0: la Coordination Rurale du Lot appelle \u00e0 manifester vendredi \u00e0 Cahors<\/a>\n    <\/p>\n<p>\u00ab\u00a0C\u2019est critique, on ne r\u00e9alise pas ce qui se passe\u00a0\u00bb<\/p>\n<p>Marina, fille et ni\u00e8ce des deux fr\u00e8res qui dirigent le GAEC, peine encore \u00e0 mesurer l\u2019ampleur du choc. \u00ab\u00a0C\u2019est une situation critique. On ne r\u00e9alise pas ce qui se passe\u00a0\u00bb, confie-t-elle, la voix tremblante. Le cauchemar a commenc\u00e9 il y a quelques jours, lorsqu\u2019une vache du troupeau a pr\u00e9sent\u00e9 de la fi\u00e8vre. \u00ab\u00a0Nous avons appel\u00e9 le v\u00e9t\u00e9rinaire. Il s\u2019est d\u00e9plac\u00e9, a fait les tests\u2026 et c\u2019est l\u00e0 que le diagnostic est tomb\u00e9, c\u2019\u00e9tait la maladie\u2026\u00a0\u00bb, raconte-t-elle.<\/p>\n<p>\u00c0 partir de cet instant, tout s\u2019acc\u00e9l\u00e8re. Les services sanitaires tranchent\u00a0: pour \u00e9viter la propagation, la totalit\u00e9 du cheptel doit \u00eatre euthanasi\u00e9e. \u00ab\u00a0On ne sait m\u00eame pas quand ce sera fait. Peut-\u00eatre aujourd\u2019hui\u00a0\u00bb, souffle Marina.<\/p>\n<p>Un coup de massue\u00a0pour une exploitation familiale de 40 ans<\/p>\n<p>Pour la jeune femme, la d\u00e9cision est aussi brutale qu\u2019incompr\u00e9hensible. \u00ab\u00a0C\u2019est soudain, on ne s\u2019y attendait pas\u00a0\u00bb, insiste-t-elle. L\u2019avenir m\u00eame de l\u2019exploitation semble aujourd\u2019hui compromis.<\/p>\n<p>\u00ab\u00a0Cette ferme, c\u2019est une histoire familiale. Tout a commenc\u00e9 avec mes grands-parents, qui ont ensuite transmis l\u2019exploitation \u00e0 mon p\u00e8re et \u00e0 mon oncle. C\u2019est pr\u00e8s de quarante ans de travail. On n\u2019imagine pas se retrouver sans b\u00e9tail du jour au lendemain.\u00a0\u00bb<\/p>\n<p>Alors que l\u2019ombre de l\u2019abattage plane toujours, la solidarit\u00e9 locale apaise un peu l\u2019angoisse. \u00ab\u00a0Je remercie toutes les personnes qui se sont d\u00e9plac\u00e9es pour nous soutenir. \u00c7a fait du bien de ne pas se sentir seuls\u00a0\u00bb, assure Marina.<\/p>\n<p>Sur les hauteurs de Bordes-sur-Arize, l\u2019exploitation attend d\u00e9sormais une d\u00e9cision officielle. Avec, suspendu au-dessus du GAEC de Mouriscou, le risque de voir s\u2019\u00e9teindre une histoire agricole vieille de plusieurs d\u00e9cennies.<\/p>\n","protected":false},"excerpt":{"rendered":"l&rsquo;essentiel Apr\u00e8s la d\u00e9couverte d\u2019un cas de dermatose nodulaire contagieuse (DNC) au GAEC de Mouriscou, \u00e0 Bordes-sur-Arize, les&hellip;\n","protected":false},"author":2,"featured_media":591042,"comment_status":"","ping_status":"","sticky":false,"template":"","format":"standard","meta":{"footnotes":""},"categories":[2],"tags":[11,327,2720,33,1011,27,70240,12,25],"class_list":{"0":"post-591041","1":"post","2":"type-post","3":"status-publish","4":"format-standard","5":"has-post-thumbnail","7":"category-actualites","8":"tag-actualites","9":"tag-agriculture","10":"tag-ariege","11":"tag-economie","12":"tag-fr","13":"tag-france","14":"tag-lesbordessurarize","15":"tag-news","16":"tag-republique-francaise"},"share_on_mastodon":{"url":"https:\/\/pubeurope.com\/@fr\/115696203571658222","error":""},"_links":{"self":[{"href":"https:\/\/www.europesays.com\/fr\/wp-json\/wp\/v2\/posts\/591041","targetHints":{"allow":["GET"]}}],"collection":[{"href":"https:\/\/www.europesays.com\/fr\/wp-json\/wp\/v2\/posts"}],"about":[{"href":"https:\/\/www.europesays.com\/fr\/wp-json\/wp\/v2\/types\/post"}],"author":[{"embeddable":true,"href":"https:\/\/www.europesays.com\/fr\/wp-json\/wp\/v2\/users\/2"}],"replies":[{"embeddable":true,"href":"https:\/\/www.europesays.com\/fr\/wp-json\/wp\/v2\/comments?post=591041"}],"version-history":[{"count":0,"href":"https:\/\/www.europesays.com\/fr\/wp-json\/wp\/v2\/posts\/591041\/revisions"}],"wp:featuredmedia":[{"embeddable":true,"href":"https:\/\/www.europesays.com\/fr\/wp-json\/wp\/v2\/media\/591042"}],"wp:attachment":[{"href":"https:\/\/www.europesays.com\/fr\/wp-json\/wp\/v2\/media?parent=591041"}],"wp:term":[{"taxonomy":"category","embeddable":true,"href":"https:\/\/www.europesays.com\/fr\/wp-json\/wp\/v2\/categories?post=591041"},{"taxonomy":"post_tag","embeddable":true,"href":"https:\/\/www.europesays.com\/fr\/wp-json\/wp\/v2\/tags?post=591041"}],"curies":[{"name":"wp","href":"https:\/\/api.w.org\/{rel}","templated":true}]}}