{"id":591045,"date":"2025-12-10T16:27:11","date_gmt":"2025-12-10T16:27:11","guid":{"rendered":"https:\/\/www.europesays.com\/fr\/591045\/"},"modified":"2025-12-10T16:27:11","modified_gmt":"2025-12-10T16:27:11","slug":"ca-va-etre-un-vrai-combat-trevor-clevenot-sattend-a-souffrir-face-au-tvb-pour-ses-debuts-en-ligue-des-champions-lanouvellerepublique-fr","status":"publish","type":"post","link":"https:\/\/www.europesays.com\/fr\/591045\/","title":{"rendered":"&quot;\u00c7a va \u00eatre un vrai combat&quot; : Tr\u00e9vor Cl\u00e9venot s\u2019attend \u00e0 souffrir face au TVB pour ses d\u00e9buts en Ligue des champions &#8211; lanouvellerepublique.fr"},"content":{"rendered":"<ol>\n<li><a href=\"https:\/\/news.google.com\/rss\/articles\/CBMi-AFBVV95cUxQR1R3MTVIaF91WHR2S2RaMXIxZGZSWHg4bDRNOHdzbWxaU1UwRU1KeFdTN21HUWp0LUgta1d3blFRTGxrcjE5VEZmU0ZNUXRSXzBCTWhWTUJFQU1fYThTLWF4YWFNaWg0SjBfWloyTDVYM1hBRkM2dUpyUk90blR3MERuU0xmaHY5OVlTNHJnMGFDangycGdYc1Z0RVJ1eHZfNURaYTc3UTJFMktmRFc1djdBQjNDT0ZRN1FMeTFaRmRjWG1ETjRPRHhFUXdXTzhubWhFMXZLelEwZlBnaUM4OEdkV2FfTUphNUdSalhGckdoYndUcENqbA?oc=5\" target=\"_blank\" rel=\"noopener\">\u00ab\u00a0\u00c7a va \u00eatre un vrai combat\u00a0\u00bb : Tr\u00e9vor Cl\u00e9venot s\u2019attend \u00e0 souffrir face au TVB pour ses d\u00e9buts en Ligue des champions<\/a>&nbsp;&nbsp;lanouvellerepublique.fr<\/li>\n<li><a href=\"https:\/\/news.google.com\/rss\/articles\/CBMi1gFBVV95cUxOSThIVG1NYjZPMG42QldpLXB4UGhZSmpkSV82djRfa196cWUzajE1QVJDTGdFRnVlWTNIajVBSlZUZHAybWszOWoyVDR1UUloeEFhaEJzT3duMjAwZDhzUHVRNUh5bHNZZEVWbm5RTkY1U2IybjJvUGRHWm1DX1RKR09IOWgwelBNNFFYSzZabWc0ZlhLX3hZSUh0RzRkSllSWnJaU2pfcURONkI0SzVDYWwydjNCRm5yN2tEdDBtbVJwY1NQcnp4UDM3MTFPemJXRjM0akl3?oc=5\" target=\"_blank\" rel=\"noopener\">Ligue des champions : \u00e0 Ankara, le Tours Volley-Ball attaque le \u00ab\u00a0groupe de la mort\u00a0\u00bb<\/a>&nbsp;&nbsp;francebleu.fr<\/li>\n<li><a href=\"https:\/\/news.google.com\/rss\/articles\/CBMi_AFBVV95cUxQZHRWRmNpWXlIanB5UFRNVWMxdDEyWTBDREphckphblZUUXRhdDBuSE1SUlRMQXhvdHZGUV9yYml4M0ppTUhVbDU4LWxRQm9OeDlFdzBvbXJHWEpGWXBoVWFjOGNXc1RXV21vMTJ0eUlwd3dsRl83QnRCYWZ5Nm5aU0FoOHR1WEpGMjA5RnVzVV9Fd2xneUFUa0lGcDRzdFBqNFRpV3R1MmV2WFVOcUpxSDNjUGFMZUJLRjJsUmo2MVJYYzdBaE5NNy1qMVRjNTl1VUNSYXNoMlVSQ3pfSVBBaTJvNktzUUxRTUhnbnpGUlZjWG9IOWJDS2FsS2o?oc=5\" target=\"_blank\" rel=\"noopener\">Bagages perdus, arriv\u00e9e tardive, coach absent : un voyage mouvement\u00e9 mais des envies de bien faire pour le TVB \u00e0 Ankara<\/a>&nbsp;&nbsp;lanouvellerepublique.fr<\/li>\n<li><a href=\"https:\/\/news.google.com\/rss\/articles\/CBMi4AFBVV95cUxNd1F4VXdUdzJRTGlrMnpJWC1lVW9GTTFadU1tWlpBZk4ySWtJSUtoS3BJdk02NXZOMlBhN0l1WVNRcDVlTUtIZ19ZMjVFY3VMaWpNV1JlRHFvLW5LNEpOSllXZ0NMUzlfTW1KeFdGQmpNemIwWld0LTdsU3lRTFo0czRubFBmeFJtZXBFNkhuaFV5ZnJOTTQyeU8yV1V0OWppcFBvajZ6ajlCQzlFYXAxcGFEeDdodjFzYVZ2Y2pfMFlVYVZpbHd2d0F1RVdMNUlMN21NZUV4emZuLWxiUkxEMQ?oc=5\" target=\"_blank\" rel=\"noopener\">Ziraat Bankasi &#8211; Tours : \u00e0 quelle heure et sur quelle cha\u00eene suivre la 1\u00e8re journ\u00e9e de Ligue des Champions 2025-2026<\/a>&nbsp;&nbsp;quelle heure, quelle chaine<\/li>\n<li><a href=\"https:\/\/news.google.com\/rss\/articles\/CBMi1wFBVV95cUxNR0I3Mk9wazJfcGRBb0F4RERxWGlnWjNTTHd6SVJFbmVPS2dFbC1OM3BUOWhlX1VMVHB4bE9VQ0lsOTFja2xCbUtnd0t2eFN3SFpoUjlLNldSOUN0cjBKRjFCVl9FOXkwMHE1dWp3V0tRTTRjZFZIa2xTdFpseTR2eG1DWXhBWFY5YzZKQU1QQUt5WXFrM1ZqT2xaamtRWTI2RHBLcHRGZnM4eDkzV0haMmNVRkNvZWEzVU56TW52cEUzX2gwU1BjekVwQUR2UFBmbGxFamxmTQ?oc=5\" target=\"_blank\" rel=\"noopener\">Premi\u00e8re plong\u00e9e dans le grand bain de la Ligue des champions au TVB pour Nik Mujanovic<\/a>&nbsp;&nbsp;lanouvellerepublique.fr<\/li>\n<\/ol>\n","protected":false},"excerpt":{"rendered":"\u00ab\u00a0\u00c7a va \u00eatre un vrai combat\u00a0\u00bb : Tr\u00e9vor Cl\u00e9venot s\u2019attend \u00e0 souffrir face au TVB pour ses d\u00e9buts&hellip;\n","protected":false},"author":2,"featured_media":395849,"comment_status":"","ping_status":"","sticky":false,"template":"","format":"standard","meta":{"footnotes":""},"categories":[1417],"tags":[1011,27,60,1470,1469],"class_list":{"0":"post-591045","1":"post","2":"type-post","3":"status-publish","4":"format-standard","5":"has-post-thumbnail","7":"category-volley","8":"tag-fr","9":"tag-france","10":"tag-sports","11":"tag-volley","12":"tag-volleyball"},"share_on_mastodon":{"url":"https:\/\/pubeurope.com\/@fr\/115696215378876471","error":""},"_links":{"self":[{"href":"https:\/\/www.europesays.com\/fr\/wp-json\/wp\/v2\/posts\/591045","targetHints":{"allow":["GET"]}}],"collection":[{"href":"https:\/\/www.europesays.com\/fr\/wp-json\/wp\/v2\/posts"}],"about":[{"href":"https:\/\/www.europesays.com\/fr\/wp-json\/wp\/v2\/types\/post"}],"author":[{"embeddable":true,"href":"https:\/\/www.europesays.com\/fr\/wp-json\/wp\/v2\/users\/2"}],"replies":[{"embeddable":true,"href":"https:\/\/www.europesays.com\/fr\/wp-json\/wp\/v2\/comments?post=591045"}],"version-history":[{"count":0,"href":"https:\/\/www.europesays.com\/fr\/wp-json\/wp\/v2\/posts\/591045\/revisions"}],"wp:featuredmedia":[{"embeddable":true,"href":"https:\/\/www.europesays.com\/fr\/wp-json\/wp\/v2\/media\/395849"}],"wp:attachment":[{"href":"https:\/\/www.europesays.com\/fr\/wp-json\/wp\/v2\/media?parent=591045"}],"wp:term":[{"taxonomy":"category","embeddable":true,"href":"https:\/\/www.europesays.com\/fr\/wp-json\/wp\/v2\/categories?post=591045"},{"taxonomy":"post_tag","embeddable":true,"href":"https:\/\/www.europesays.com\/fr\/wp-json\/wp\/v2\/tags?post=591045"}],"curies":[{"name":"wp","href":"https:\/\/api.w.org\/{rel}","templated":true}]}}