{"id":591046,"date":"2025-12-10T16:28:13","date_gmt":"2025-12-10T16:28:13","guid":{"rendered":"https:\/\/www.europesays.com\/fr\/591046\/"},"modified":"2025-12-10T16:28:13","modified_gmt":"2025-12-10T16:28:13","slug":"vous-avez-maintenant-un-peu-plus-de-contexte-etzebeth-sexplique-sur-laction-qui-lui-a-valu-12-semaines-de-suspension","status":"publish","type":"post","link":"https:\/\/www.europesays.com\/fr\/591046\/","title":{"rendered":"\u00abVous avez maintenant un peu plus de contexte\u00bb, Etzebeth s\u2019explique sur l\u2019action qui lui a valu 12 semaines de suspension"},"content":{"rendered":"<p>\n    Le deuxi\u00e8me-ligne des Springboks est revenu, dans un long message sur son compte Instagram agr\u00e9ment\u00e9 de vid\u00e9os, sur les circonstances de sa \u00abfourchette\u00bb contre un Gallois.<\/p>\n<p class=\"fig-paragraph\">Le deuxi\u00e8me ligne international sud-africain\u00a0<a href=\"http:\/\/www.lefigaro.fr\/sports\/rugby\/rugby-eben-etzebeth-suspendu-12-semaines-apres-sa-fourchette-contre-un-gallois-20251204\" data-fig-type=\"NewsFlash\" data-gtm-custom-categorie=\"navigation\" data-gtm-custom-action=\"crossclick\" data-gtm-custom-label=\"Contextuel\" data-gtm-event=\"customEventSPE\" data-fig-domain=\"LEFIGARO\" target=\"_blank\" rel=\"noopener\">Eben Etzebeth<\/a>, qui avait \u00e9cop\u00e9 d\u2019un carton rouge lors de\u00a0<a href=\"http:\/\/www.lefigaro.fr\/sports\/rugby\/rugby-en-video-le-recital-offensif-de-l-afrique-du-sud-face-au-pays-de-galles-20251129\" data-fig-type=\"NewsFlash\" data-gtm-custom-categorie=\"navigation\" data-gtm-custom-action=\"crossclick\" data-gtm-custom-label=\"Contextuel\" data-gtm-event=\"customEventSPE\" data-fig-domain=\"LEFIGARO\" target=\"_blank\" rel=\"noopener\">la victoire 73-0 des Springboks au pays de Galles<\/a>\u00a0le 22 novembre, pour un pouce dans l\u2019\u0153il d\u2019un Gallois, a \u00e9t\u00e9 suspendu 12 semaines. Cette p\u00e9riode de suspension l\u2019emp\u00eachera de disputer huit matches du United Rugby Championship et les quatre matches de poule de la Champions Cup. Mais il ne manquera aucun match de l\u2019Afrique du Sud.<\/p>\n<p class=\"fig-paragraph\">Cette peine para\u00eet tr\u00e8s l\u00e9g\u00e8re, en comparaison par exemple des 23 et 52 semaines de suspension inflig\u00e9es par les autorit\u00e9s du rugby europ\u00e9en \u00e0 deux joueurs du Stade Fran\u00e7ais, respectivement le demi de m\u00eal\u00e9e Julien Dupuy et le pilier David Attoub, pour des gestes similaires lors d\u2019un match contre l\u2019Ulster lors de la saison 2009-2010.<\/p>\n<blockquote class=\"fig-quote&#10;    \">\n<p class=\"fig-quote__text\">J\u2019aimerais toutefois r\u00e9pondre \u00e0 la question\u00a0: pourquoi as-tu fait une telle chose\u00a0? C\u2019\u00e9tait une erreur due \u00e0 ma r\u00e9action et \u00e0 d\u2019autres facteurs qui ont jou\u00e9 un r\u00f4le<\/p>\n<p>            Eben Etzebeth\n    <\/p><\/blockquote>\n<p>                                            <a class=\"fig-a11y-skip\" href=\"#fig-a11y-skip-main-inarticle\" data-module=\"a11y-skip\" data-context=\"was @visible\"><br \/>\n    Passer la publicit\u00e9<br \/>\n<\/a>            <\/p>\n<p class=\"fig-paragraph\">Dans un long message publi\u00e9 sur son compte Instagram,\u00a0<a href=\"http:\/\/www.lefigaro.fr\/sports\/rugby\/rugby-en-video-le-geste-effroyable-qui-pourrait-valoir-208-semaines-de-suspension-au-sud-africain-etzebeth-20251129\" data-fig-type=\"NewsFlash\" data-gtm-custom-categorie=\"navigation\" data-gtm-custom-action=\"crossclick\" data-gtm-custom-label=\"Contextuel\" data-gtm-event=\"customEventSPE\" data-fig-domain=\"LEFIGARO\" target=\"_blank\" rel=\"noopener\">Eben Etzebeth<\/a>\u00a0est revenu, images vid\u00e9o \u00e0 l\u2019appui, sur son mauvais geste. \u00abJe suis rest\u00e9 silencieux, mais maintenant que mon audience est termin\u00e9e, je pense devoir une explication \u00e0 tout le monde, explique-t-il. Tout d\u2019abord, ceci n\u2019est pas un message pour montrer que je n\u2019\u00e9tais pas coupable\u00a0: j\u2019accepte ma culpabilit\u00e9. J\u2019ai fait une erreur et je suis pr\u00eat \u00e0 purger une suspension que je m\u00e9rite. Je ne veux pas que des jeunes qui admirent les Springboks pensent qu\u2019il est acceptable de mettre les doigts dans les yeux de quelqu\u2019un, parce que \u00e7a ne l\u2019est pas. Mais malheureusement, les erreurs arrivent, et j\u2019en ai commis une grosse, dont je suis d\u00e9sol\u00e9. J\u2019aimerais toutefois r\u00e9pondre \u00e0 la question\u00a0: pourquoi as-tu fait une telle chose\u00a0? C\u2019\u00e9tait une erreur due \u00e0 ma r\u00e9action et \u00e0 d\u2019autres facteurs qui ont jou\u00e9 un r\u00f4le.\u00bb<\/p>\n<p class=\"fig-paragraph\">\u00c0 propos de la premi\u00e8re vid\u00e9o qu\u2019il publie, il explique\u00a0: \u00abL\u2019\u00e9chauffour\u00e9e \u00e9tait quasiment termin\u00e9e quand le num\u00e9ro 7 du pays de Galles m\u2019a frapp\u00e9 avec la paume ouverte au niveau du menton\/cou. On me voit regarder l\u2019arbitre assistant et attendre une r\u00e9action de sa part (c\u2019est all\u00e9 vite et il est compr\u00e9hensible qu\u2019il ne l\u2019ait pas vu). Sans que je r\u00e9agisse encore, je me fais tirer une nouvelle fois par le maillot, avant que je r\u00e9ponde avec un geste similaire.\u00bb<\/p>\n<p class=\"fig-paragraph\">Commentant la deuxi\u00e8me s\u00e9quence vid\u00e9o, le deuxi\u00e8me-ligne sud-africain avance qu\u2019\u00abon voit clairement que mon premier point de contact est son \u00e9paule avec une main ouverte, exactement comme il l\u2019a fait, sauf qu\u2019il m\u2019a touch\u00e9 au menton. Autre chose \u00e0 mentionner\u00a0: lorsqu\u2019il m\u2019a frapp\u00e9, j\u2019\u00e9tais immobile, avec peu de mouvement ou de joueurs impliqu\u00e9s autour. Quand je tente la m\u00eame main ouverte vers son \u00e9paule, on voit deux joueurs gallois modifier compl\u00e8tement la dynamique de la sc\u00e8ne, ainsi qu\u2019un de mes co\u00e9quipiers tirer le n\u00b07 gallois par le cou, l\u2019\u00e9loignant de ma main et de la direction de ma force.\u00bb La troisi\u00e8me vid\u00e9o est un autre angle de vue.<\/p>\n<blockquote class=\"fig-quote&#10;    \">\n<p class=\"fig-quote__text\">\u00c0 ceux qui ont \u00e9t\u00e9 en col\u00e8re ou d\u00e9\u00e7us par mes actes, je comprends &#8211; parce qu\u2019au ralenti, \u00e7a ne donnait pas une bonne image -, et j\u2019esp\u00e8re que vous avez maintenant un peu plus de contexte.<\/p>\n<p>            Eben Etzebeth\n    <\/p><\/blockquote>\n<p class=\"fig-paragraph\"><a href=\"http:\/\/www.lefigaro.fr\/sports\/rugby\/la-rencontre-insolite-entre-la-legende-francaise-thierry-henry-et-le-rugbymen-sud-africain-eben-etzebeth-20251006\" data-fig-type=\"NewsFlash\" data-gtm-custom-categorie=\"navigation\" data-gtm-custom-action=\"crossclick\" data-gtm-custom-label=\"Contextuel\" data-gtm-event=\"customEventSPE\" data-fig-domain=\"LEFIGARO\" target=\"_blank\" rel=\"noopener\">Eben Etzebeth<\/a>\u00a0conclut son long message en disant\u00a0: \u00abAlors pourquoi ai-je publi\u00e9 ceci\u00a0? Pour essayer de montrer aux gens comment tout s\u2019est d\u00e9roul\u00e9 et que ce n\u2019\u00e9tait jamais intentionnel. Je ne ferais jamais volontairement une chose pareille\u00a0: apr\u00e8s quelques ann\u00e9es de rugby, je connais les cons\u00e9quences. Merci \u00e0 tous ceux qui m\u2019ont soutenu et ont pens\u00e9 le meilleur de moi. Je suis d\u00e9sol\u00e9 de vous avoir d\u00e9\u00e7us, vous et le jeu. C\u2019\u00e9tait mon premier carton rouge depuis que j\u2019ai commenc\u00e9 \u00e0 jouer. Je veux que ce soit le dernier. \u00c0 ceux qui ont \u00e9t\u00e9 en col\u00e8re ou d\u00e9\u00e7us par mes actes, je comprends &#8211; parce qu\u2019au ralenti, \u00e7a ne donnait pas une bonne image -, et j\u2019esp\u00e8re que vous avez maintenant un peu plus de contexte.\u00bb<\/p>\n<p class=\"fig-paragraph\">Ce message rappelle les m\u00e9thodes utilis\u00e9es par son s\u00e9lectionneur,\u00a0<a href=\"https:\/\/www.lefigaro.fr\/sports\/rugby\/coupe-du-monde\/coupe-du-monde-de-rugby-rassie-erasmus-le-cerveau-tourmente-des-springboks-20231020\" data-fig-type=\"Article\" data-gtm-custom-categorie=\"navigation\" data-gtm-custom-action=\"crossclick\" data-gtm-custom-label=\"Contextuel\" data-gtm-event=\"customEventSPE\" data-fig-domain=\"LEFIGARO\" target=\"_blank\" rel=\"noopener\">Rassie Erasmus<\/a>, qui n\u2019h\u00e9site pas \u00e0 commenter et \u00e0 critiquer, via son compte X (ex-Twitter), des actions litigieuses et des d\u00e9cisions arbitrales. L\u2019homme fort des Springboks, doubles champions du monde en titre, avait notamment \u00e9t\u00e9 suspendu deux mois pour avoir critiqu\u00e9 l\u2019arbitre Nic Berry lors de la tourn\u00e9e des Lions britanniques et irlandais en 2021. L\u2019ann\u00e9e suivante, il avait publi\u00e9 plusieurs vid\u00e9os sur les r\u00e9seaux sociaux o\u00f9 il remettait en question les d\u00e9cisions prises par l\u2019arbitre Wayne Barnes, lors de la\u00a0d\u00e9faite des Springboks contre le XV de la France \u00e0 Marseille (30-26).<\/p>\n<p>    Eben Etzebeth exclu contre le pays de Galles.<br \/>\n                PA Images \/ Icon Sport<\/p>\n","protected":false},"excerpt":{"rendered":"Le deuxi\u00e8me-ligne des Springboks est revenu, dans un long message sur son compte Instagram agr\u00e9ment\u00e9 de vid\u00e9os, sur&hellip;\n","protected":false},"author":2,"featured_media":591047,"comment_status":"","ping_status":"","sticky":false,"template":"","format":"standard","meta":{"footnotes":""},"categories":[1416],"tags":[5594,1011,27,2440,479,1468,60,21067],"class_list":{"0":"post-591046","1":"post","2":"type-post","3":"status-publish","4":"format-standard","5":"has-post-thumbnail","7":"category-rugby","8":"tag-afrique-du-sud","9":"tag-fr","10":"tag-france","11":"tag-instagram","12":"tag-rugby","13":"tag-rugby-football","14":"tag-sports","15":"tag-springboks"},"share_on_mastodon":{"url":"https:\/\/pubeurope.com\/@fr\/115696219244840853","error":""},"_links":{"self":[{"href":"https:\/\/www.europesays.com\/fr\/wp-json\/wp\/v2\/posts\/591046","targetHints":{"allow":["GET"]}}],"collection":[{"href":"https:\/\/www.europesays.com\/fr\/wp-json\/wp\/v2\/posts"}],"about":[{"href":"https:\/\/www.europesays.com\/fr\/wp-json\/wp\/v2\/types\/post"}],"author":[{"embeddable":true,"href":"https:\/\/www.europesays.com\/fr\/wp-json\/wp\/v2\/users\/2"}],"replies":[{"embeddable":true,"href":"https:\/\/www.europesays.com\/fr\/wp-json\/wp\/v2\/comments?post=591046"}],"version-history":[{"count":0,"href":"https:\/\/www.europesays.com\/fr\/wp-json\/wp\/v2\/posts\/591046\/revisions"}],"wp:featuredmedia":[{"embeddable":true,"href":"https:\/\/www.europesays.com\/fr\/wp-json\/wp\/v2\/media\/591047"}],"wp:attachment":[{"href":"https:\/\/www.europesays.com\/fr\/wp-json\/wp\/v2\/media?parent=591046"}],"wp:term":[{"taxonomy":"category","embeddable":true,"href":"https:\/\/www.europesays.com\/fr\/wp-json\/wp\/v2\/categories?post=591046"},{"taxonomy":"post_tag","embeddable":true,"href":"https:\/\/www.europesays.com\/fr\/wp-json\/wp\/v2\/tags?post=591046"}],"curies":[{"name":"wp","href":"https:\/\/api.w.org\/{rel}","templated":true}]}}