{"id":591054,"date":"2025-12-10T16:35:12","date_gmt":"2025-12-10T16:35:12","guid":{"rendered":"https:\/\/www.europesays.com\/fr\/591054\/"},"modified":"2025-12-10T16:35:12","modified_gmt":"2025-12-10T16:35:12","slug":"lily-rose-depp-a-paris-lunettes-noires-capuche-et-accessoire-inattendu-elle-apparait-furtivement-en-pleine-rue-video","status":"publish","type":"post","link":"https:\/\/www.europesays.com\/fr\/591054\/","title":{"rendered":"Lily-Rose Depp \u00e0 Paris : lunettes noires, capuche et accessoire inattendu&#8230; Elle appara\u00eet furtivement en pleine rue (Vid\u00e9o)"},"content":{"rendered":"<p><a href=\"https:\/\/www.closermag.fr\/people\/lily-rose-depp-defiguree-bec-de-lievre-regard-froid-et-tenue-informe-elle-apparait-meconnaissable-en-tournage-3595334\" target=\"_blank\" rel=\"noopener\"><br \/>\nLily-Rose Depp, m\u00e9connaissable lors d\u2019un tournage<\/a>, pensait<br \/>\npasser <strong>incognito<\/strong> dans les rues de Paris. Mais<br \/>\nc\u2019\u00e9tait sans compter sur l\u2019\u0153il aiguis\u00e9 de Closer. Ce 10<br \/>\nd\u00e9cembre, la star de The Idol a \u00e9t\u00e9 film\u00e9e lors d\u2019une<br \/>\napparition aussi <strong>furtive<\/strong> que<br \/>\n<strong>myst\u00e9rieuse<\/strong> dans la capitale. V\u00eatue d\u2019une<br \/>\n<strong>longue veste noire, capuche relev\u00e9e, lunettes de<br \/>\nsoleil,<\/strong>\u00a0l\u2019actrice avan\u00e7ait d\u2019un pas<br \/>\n<strong>press\u00e9.<\/strong> Elle portait \u00e9galement\u00a0des<br \/>\n<strong>caf\u00e9s<\/strong> br\u00fblants dans ses mains. Une mani\u00e8re de se<br \/>\nfondre dans le <strong>d\u00e9cor<\/strong>\u2026 tout en se <strong>cachant<br \/>\ndiscr\u00e8tement le visage.<\/strong><\/p>\n<p>Malgr\u00e9 ce <strong>camouflage<\/strong> quasi professionnel, la<br \/>\njeune femme a \u00e9t\u00e9 aper\u00e7ue se <strong>glissant rapidement<\/strong><br \/>\ndans une petite <strong>rue<\/strong> avant de pousser la porte d\u2019un<br \/>\n<strong>immeuble<\/strong> parisien. Elle a \u00e9galement jet\u00e9 un<br \/>\n<strong>bref regard<\/strong> autour d\u2019elle comme pour s\u2019assurer de<br \/>\nne pas \u00eatre suivie. Une attitude qui interroge. Simple<br \/>\n<strong>pause parisienne<\/strong> entre deux projets ?<br \/>\n<strong>Visite familiale<\/strong> tr\u00e8s discr\u00e8te ? Ou<br \/>\n<strong>rendez-vous professionnel<\/strong> \u00e0 l\u2019abri des regards ?<br \/>\nPour l\u2019instant, le <strong>myst\u00e8re<\/strong> reste entier.<\/p>\n<blockquote class=\"instagram-media\" style=\"background: #ffffff;border: 0;margin: 1px;width: 100%;padding: 0;max-width: 500px;\" data-instgrm-permalink=\"https:\/\/www.instagram.com\/reel\/DSFJnY9DOG_\/?igsh=bDUweGo3eHNidWsx\" data-instgrm-version=\"14\"\/><p>\nUn contexte familial tr\u00e8s cr\u00e9atif : un projet \u00e0 Paris ?<\/p>\n<p>Cette escapade dans la capitale survient alors que sa m\u00e8re,<br \/>\n<strong>Vanessa Paradis,<\/strong> fait la<br \/>\n<strong>promotion<\/strong> de son nouvel album Le retour des<br \/>\nbeaux jours. Un v\u00e9ritable <strong>projet fait en<br \/>\nfamille<\/strong>. La chanteuse y interpr\u00e8te notamment un<br \/>\n<strong>texte sign\u00e9 par Lily-Rose Depp<\/strong>, I Am<br \/>\nAlive. Elle\u00a0a <strong>co\u00e9crit<\/strong> un autre titre,<br \/>\n\u00c9l\u00e9ments, avec <strong>son fils Jack<\/strong>. Invit\u00e9e sur<br \/>\nC \u00e0 vous le 8 d\u00e9cembre, elle a expliqu\u00e9 avoir choisi leurs<br \/>\ncontributions \u2018\u2018parce qu\u2019elles faisaient <strong>partie des<br \/>\nmeilleures\u2019<\/strong>\u2019. Elle a pr\u00e9cis\u00e9 qu\u2019il ne s\u2019agissait<br \/>\n<strong>pas d\u2019un traitement de faveur.<\/strong><\/p>\n<p>Vanessa Paradis s\u2019est m\u00eame dite<br \/>\n\u2018\u2018<strong>\u00e9blouie<\/strong>\u2019\u2019 par le po\u00e8me \u00e9crit par sa<br \/>\nfille, <a href=\"https:\/\/www.closermag.fr\/people\/lily-rose-depp-fini-le-blond-a-la-vanessa-paradis-elle-opte-pour-un-changement-capillaire-radical-et-on-valide-a-100-photos-3587672\" target=\"_blank\" rel=\"noopener\"><br \/>\nLily-Rose Depp, qui a r\u00e9cemment opt\u00e9 pour un changement<br \/>\nradical<\/a>. Un texte qu\u2019elle r\u00eavait de <strong>mettre en<br \/>\nmusique<\/strong> depuis longtemps. De quoi renforcer le lien<br \/>\n<strong>artistique<\/strong> qui unit cette famille d\u00e9j\u00e0 tr\u00e8s<br \/>\nexpos\u00e9e m\u00e9diatiquement.<\/p>\n<p>Lily-Rose Depp souvent critiqu\u00e9e, mais<br \/>\nsoutenue par sa m\u00e8re<\/p>\n<p>Car si Jack Depp m\u00e8ne une vie loin des cam\u00e9ras, <a href=\"https:\/\/www.closermag.fr\/people\/atteint-du-syndrome-johnny-depp-malheureux-sans-ses-enfants-lily-rose-et-jack-3559552\" target=\"_blank\" rel=\"noopener\"><br \/>\nLily-Rose, le premier enfant de Johnny Depp,<\/a> \u00e9volue en plein<br \/>\nc\u0153ur du star-system. Et elle continue de subir les<br \/>\n<strong>accusations<\/strong> r\u00e9currentes de \u2018\u2018<strong>nepo<br \/>\nbaby<\/strong>\u2019\u2019. Des <strong>critiques<\/strong> que Vanessa<br \/>\nParadis <strong>refuse<\/strong> cat\u00e9goriquement. Dans Madame<br \/>\nFigaro, elle a assur\u00e9 que <strong>sa fille \u2018\u2018travaille<br \/>\n\u00e9norm\u00e9ment\u2019\u2019.<\/strong> Elle a rappel\u00e9\u00a0qu\u2019elle encha\u00eene<br \/>\n<strong>auditions, castings et efforts,<\/strong> parfois sans<br \/>\nsucc\u00e8s.<\/p>\n<p>Une <strong>d\u00e9fense maternelle<\/strong> qui tombe \u00e0 pic, au<br \/>\nmoment m\u00eame o\u00f9 Lily-Rose Depp semble redoubler de<br \/>\n<strong>discr\u00e9tion<\/strong> dans sa vie priv\u00e9e. Qu\u2019elle cache son<br \/>\n<strong>visage<\/strong> pour \u00e9chapper aux <strong>regards<\/strong><br \/>\nou pour prot\u00e9ger un <strong>nouveau projet,<\/strong> une chose est<br \/>\ns\u00fbre. M\u00eame sous capuche, lunettes noires et caf\u00e9s en main,<br \/>\n<strong>Lily-Rose Depp ne passe jamais totalement<br \/>\ninaper\u00e7ue.<\/strong><\/p>\n<p><script async src=\"\/\/www.instagram.com\/embed.js\"><\/script><\/p>\n","protected":false},"excerpt":{"rendered":"Lily-Rose Depp, m\u00e9connaissable lors d\u2019un tournage, pensait passer incognito dans les rues de Paris. Mais c\u2019\u00e9tait sans compter&hellip;\n","protected":false},"author":2,"featured_media":591055,"comment_status":"","ping_status":"","sticky":false,"template":"","format":"standard","meta":{"footnotes":""},"categories":[1359],"tags":[21303,58,59,1011,27,32402,70426,973],"class_list":{"0":"post-591054","1":"post","2":"type-post","3":"status-publish","4":"format-standard","5":"has-post-thumbnail","7":"category-people","8":"tag-buzz_nonli","9":"tag-divertissement","10":"tag-entertainment","11":"tag-fr","12":"tag-france","13":"tag-lily-rose-depp","14":"tag-marfeel_news","15":"tag-people"},"share_on_mastodon":{"url":"https:\/\/pubeurope.com\/@fr\/115696246826745233","error":""},"_links":{"self":[{"href":"https:\/\/www.europesays.com\/fr\/wp-json\/wp\/v2\/posts\/591054","targetHints":{"allow":["GET"]}}],"collection":[{"href":"https:\/\/www.europesays.com\/fr\/wp-json\/wp\/v2\/posts"}],"about":[{"href":"https:\/\/www.europesays.com\/fr\/wp-json\/wp\/v2\/types\/post"}],"author":[{"embeddable":true,"href":"https:\/\/www.europesays.com\/fr\/wp-json\/wp\/v2\/users\/2"}],"replies":[{"embeddable":true,"href":"https:\/\/www.europesays.com\/fr\/wp-json\/wp\/v2\/comments?post=591054"}],"version-history":[{"count":0,"href":"https:\/\/www.europesays.com\/fr\/wp-json\/wp\/v2\/posts\/591054\/revisions"}],"wp:featuredmedia":[{"embeddable":true,"href":"https:\/\/www.europesays.com\/fr\/wp-json\/wp\/v2\/media\/591055"}],"wp:attachment":[{"href":"https:\/\/www.europesays.com\/fr\/wp-json\/wp\/v2\/media?parent=591054"}],"wp:term":[{"taxonomy":"category","embeddable":true,"href":"https:\/\/www.europesays.com\/fr\/wp-json\/wp\/v2\/categories?post=591054"},{"taxonomy":"post_tag","embeddable":true,"href":"https:\/\/www.europesays.com\/fr\/wp-json\/wp\/v2\/tags?post=591054"}],"curies":[{"name":"wp","href":"https:\/\/api.w.org\/{rel}","templated":true}]}}