{"id":591056,"date":"2025-12-10T16:36:14","date_gmt":"2025-12-10T16:36:14","guid":{"rendered":"https:\/\/www.europesays.com\/fr\/591056\/"},"modified":"2025-12-10T16:36:14","modified_gmt":"2025-12-10T16:36:14","slug":"une-montagne-de-pierres-precieuses-a-quelques-pas-du-louvre","status":"publish","type":"post","link":"https:\/\/www.europesays.com\/fr\/591056\/","title":{"rendered":"Une montagne de pierres pr\u00e9cieuses \u00e0 quelques pas du Louvre"},"content":{"rendered":"<p>\n    <strong>EXPOSITION &#8211;<\/strong> Malgr\u00e9 le r\u00e9cent vol des bijoux de la Couronne, le Victoria and Albert Museum de Londres n\u2019a pas h\u00e9sit\u00e9 \u00e0 acheminer \u00e0 l\u2019H\u00f4tel de la Marine sa collection de joyaux dynastiques, l\u2019une des plus belles au monde.<\/p>\n<p class=\"fig-paragraph\">\u00ab\u00a0Nous sommes dans une \u201cblack box\u201d, un mus\u00e9e nouveau, ouvert fin 2021, avec un syst\u00e8me de s\u00fbret\u00e9 et de s\u00e9curit\u00e9 de pointe, pens\u00e9 et int\u00e9gr\u00e9 depuis l\u2019origine.\u00a0\u00bb Amin Jaffer, ancien conservateur au Victoria and Albert Museum et actuel directeur de la collection du cheikh Hamad Ben Abdullah al-Thani visible \u00e0\u00a0<a href=\"https:\/\/www.lefigaro.fr\/culture\/l-hotel-de-la-marine-un-destin-mouvemente-20210510\" data-fig-type=\"Article\" data-gtm-custom-categorie=\"navigation\" data-gtm-custom-action=\"crossclick\" data-gtm-custom-label=\"Contextuel\" data-gtm-event=\"customEventSPE\" data-fig-domain=\"LEFIGARO\" target=\"_blank\" rel=\"noopener\">l\u2019H\u00f4tel de la Marine<\/a>, se veut rassurant. Avec lui, tandis qu\u2019il d\u00e9voile sur place en ce mardi 9\u00a0d\u00e9cembre un nouveau parcours temporaire &#8211; troisi\u00e8me volet d\u2019un partenariat contract\u00e9 avec l\u2019institution londonienne, plus grand mus\u00e9e au monde d\u2019arts appliqu\u00e9s, d\u00e9coratifs et de design -, il n\u2019est toutefois pas question de deviser \u00e0 propos du nombre de cam\u00e9ras ou de d\u00e9tecteurs de mouvements pr\u00e9sents.<\/p>\n<p class=\"fig-paragraph\">Ces \u00e9quipements, avec gardien plac\u00e9 au-dessous, sont pourtant bien visibles pass\u00e9 l\u2019escalier d\u2019honneur, \u00e0 toutes les encoignures des quatre salles aveugles situ\u00e9es \u00e0 l\u2019extr\u00e9mit\u00e9 au premier \u00e9tage du b\u00e2timent\u00a0; non du c\u00f4t\u00e9 place de la Concorde, mais dans l\u2019aile int\u00e9rieure et sans balcon du quadrilat\u00e8re\u2026<\/p>\n<p class=\"fig-premium-paywall__infos\">\n        Cet article est r\u00e9serv\u00e9 aux abonn\u00e9s.        Il vous reste 80% \u00e0 d\u00e9couvrir.\n    <\/p>\n<p>                <img  data- alt=\"Le Figaro\" class=\"fig-img--complete fig-img\"\/><\/p>\n<p class=\"fig-premium-paywall__title\">Vente Flash<\/p>\n<p class=\"fig-premium-paywall__subtitle\">-50% sur l&rsquo;abonnement num\u00e9rique<\/p>\n<p class=\"fig-premium-paywall__connect\">\n                D\u00e9j\u00e0 abonn\u00e9\u00a0?                <a class=\"fig-premium-paywall__connect-link\" href=\"https:\/\/connect.lefigaro.fr\/login?client=horizon_web&amp;type=main&amp;redirect_uri=https%3A%2F%2Fwww.lefigaro.fr%2Farts-expositions%2Fune-montagne-de-pierres-precieuses-a-quelques-pas-du-louvre-20251210\" data-js-gtm=\"{&quot;customCategorie&quot;: &quot;conversion&quot;, &quot;customAction&quot;: &quot;before_Landing_Connexion_paywall_auto&quot;, &quot;customLabel&quot;: &quot;bGVmaWdhcm8uZnJfXzFmMGQ0ZTM5LTc2ZTktNmZhYS1hMmQ5LTA3MWY1YWM3MzdhM19fQXJ0aWNsZQ==_Une montagne de pierres pr\u00e9cieuses \u00e0 quelques pas du Louvre_290&quot;, &quot;customIDSPE&quot;: &quot;bGVmaWdhcm8uZnJfXzFmMGQ0ZTM5LTc2ZTktNmZhYS1hMmQ5LTA3MWY1YWM3MzdhM19fQXJ0aWNsZQ==&quot;, &quot;event&quot;: &quot;customEventSPE&quot;}\" target=\"_blank\" rel=\"noopener\"><br \/>\n                    Connectez-vous<br \/>\n                <\/a>\n            <\/p>\n","protected":false},"excerpt":{"rendered":"EXPOSITION &#8211; Malgr\u00e9 le r\u00e9cent vol des bijoux de la Couronne, le Victoria and Albert Museum de Londres&hellip;\n","protected":false},"author":2,"featured_media":591057,"comment_status":"","ping_status":"","sticky":false,"template":"","format":"standard","meta":{"footnotes":""},"categories":[1358],"tags":[3734,1348,1384,1385,5417,1386,7291,58,59,3293,1011,27,11274],"class_list":{"0":"post-591056","1":"post","2":"type-post","3":"status-publish","4":"format-standard","5":"has-post-thumbnail","7":"category-arts-et-design","8":"tag-art","9":"tag-arts","10":"tag-arts-and-design","11":"tag-arts-et-design","12":"tag-bijoux","13":"tag-design","14":"tag-diamants","15":"tag-divertissement","16":"tag-entertainment","17":"tag-exposition","18":"tag-fr","19":"tag-france","20":"tag-louvre"},"share_on_mastodon":{"url":"https:\/\/pubeurope.com\/@fr\/115696250590513301","error":""},"_links":{"self":[{"href":"https:\/\/www.europesays.com\/fr\/wp-json\/wp\/v2\/posts\/591056","targetHints":{"allow":["GET"]}}],"collection":[{"href":"https:\/\/www.europesays.com\/fr\/wp-json\/wp\/v2\/posts"}],"about":[{"href":"https:\/\/www.europesays.com\/fr\/wp-json\/wp\/v2\/types\/post"}],"author":[{"embeddable":true,"href":"https:\/\/www.europesays.com\/fr\/wp-json\/wp\/v2\/users\/2"}],"replies":[{"embeddable":true,"href":"https:\/\/www.europesays.com\/fr\/wp-json\/wp\/v2\/comments?post=591056"}],"version-history":[{"count":0,"href":"https:\/\/www.europesays.com\/fr\/wp-json\/wp\/v2\/posts\/591056\/revisions"}],"wp:featuredmedia":[{"embeddable":true,"href":"https:\/\/www.europesays.com\/fr\/wp-json\/wp\/v2\/media\/591057"}],"wp:attachment":[{"href":"https:\/\/www.europesays.com\/fr\/wp-json\/wp\/v2\/media?parent=591056"}],"wp:term":[{"taxonomy":"category","embeddable":true,"href":"https:\/\/www.europesays.com\/fr\/wp-json\/wp\/v2\/categories?post=591056"},{"taxonomy":"post_tag","embeddable":true,"href":"https:\/\/www.europesays.com\/fr\/wp-json\/wp\/v2\/tags?post=591056"}],"curies":[{"name":"wp","href":"https:\/\/api.w.org\/{rel}","templated":true}]}}