{"id":591060,"date":"2025-12-10T16:39:12","date_gmt":"2025-12-10T16:39:12","guid":{"rendered":"https:\/\/www.europesays.com\/fr\/591060\/"},"modified":"2025-12-10T16:39:12","modified_gmt":"2025-12-10T16:39:12","slug":"adrien-gallo-bb-devenu-grand-liberation","status":"publish","type":"post","link":"https:\/\/www.europesays.com\/fr\/591060\/","title":{"rendered":"Adrien Gallo, BB devenu grand \u2013 Lib\u00e9ration"},"content":{"rendered":"<p class=\"sc-cPiKLX AiZTS text-element\">\u00abBoum tchak, c\u2019est moi sous une fum\u00e9e opaque\u2026\u00bb Trois jours avant et trois jours apr\u00e8s la rencontre avec Adrien Gallo, on n\u2019a pas pu se sortir de la t\u00eate la m\u00e9lodie ent\u00eatante de Mr Hyde, chanson enregistr\u00e9e avec le dictaphone de notre t\u00e9l\u00e9phone pr\u00e9historique pour s\u2019en faire une sonnerie en 4e, \u00e9poque slim, m\u00e8che devant les yeux et ongles peints en noir. <a href=\"https:\/\/www.liberation.fr\/portrait\/2008\/07\/12\/bebes-rimbaud_76250\/\" target=\"_blank\" rel=\"noreferrer noopener\" title=\"https:\/\/www.liberation.fr\/portrait\/2008\/07\/12\/bebes-rimbaud_76250\/\">BB Brunes comme une madeleine de Proust<\/a> qui ram\u00e8ne aux premi\u00e8res r\u00e9voltes pr\u00e9adolescentes, \u00e0 une temp\u00eate existentielle miniature aliment\u00e9e par les hormones. 2007 : on avait 13 ans, le chanteur des BB Brunes 18, il avait les cheveux en bataille et des Wayfarer noires, comme un b\u00e9b\u00e9 Bob Dylan, et il chantait des paroles de rebelle de cour de r\u00e9cr\u00e9. Depuis, on a grandi, et lui aussi.<\/p>\n<p class=\"sc-cPiKLX AiZTS text-element\">Dans son petit studio de musique am\u00e9nag\u00e9 dans une cave du IIIe arrondissement parisien, le musicien parle avec une voix enjou\u00e9e qui contraste avec l\u2019agitation de ses grandes jambes. L\u2019actualit\u00e9 qui nous am\u00e8ne ici, face \u00e0 sa console de mixage, est la premi\u00e8re bande originale qu\u2019il signe pour <a href=\"https:\/\/www.arte.tv\/fr\/videos\/120399-001-A\/les-saisons-1-4\/\" target=\"_blank\" rel=\"noreferrer noopener\" title=\"https:\/\/www.arte.tv\/fr\/videos\/120399-001-A\/les-saisons-1-4\/\">la minis\u00e9rie les Saisons<\/a> de <a href=\"https:\/\/www.liberation.fr\/culture\/musiqu&lt;\/p&gt;&lt;\/div&gt;&lt;\/article&gt;&lt;\/div&gt;&lt;div data-fusion-lazy-id=\" f0f8vgvlad832fw=\"\" target=\"_blank\" rel=\"noopener\"><\/p>\n","protected":false},"excerpt":{"rendered":"\u00abBoum tchak, c\u2019est moi sous une fum\u00e9e opaque\u2026\u00bb Trois jours avant et trois jours apr\u00e8s la rencontre avec&hellip;\n","protected":false},"author":2,"featured_media":591061,"comment_status":"","ping_status":"","sticky":false,"template":"","format":"standard","meta":{"footnotes":""},"categories":[1355],"tags":[58,59,1011,27,1361,873,626,7040],"class_list":{"0":"post-591060","1":"post","2":"type-post","3":"status-publish","4":"format-standard","5":"has-post-thumbnail","7":"category-musique","8":"tag-divertissement","9":"tag-entertainment","10":"tag-fr","11":"tag-france","12":"tag-music","13":"tag-musique","14":"tag-paris","15":"tag-rock"},"share_on_mastodon":{"url":"https:\/\/pubeurope.com\/@fr\/115696262797651534","error":""},"_links":{"self":[{"href":"https:\/\/www.europesays.com\/fr\/wp-json\/wp\/v2\/posts\/591060","targetHints":{"allow":["GET"]}}],"collection":[{"href":"https:\/\/www.europesays.com\/fr\/wp-json\/wp\/v2\/posts"}],"about":[{"href":"https:\/\/www.europesays.com\/fr\/wp-json\/wp\/v2\/types\/post"}],"author":[{"embeddable":true,"href":"https:\/\/www.europesays.com\/fr\/wp-json\/wp\/v2\/users\/2"}],"replies":[{"embeddable":true,"href":"https:\/\/www.europesays.com\/fr\/wp-json\/wp\/v2\/comments?post=591060"}],"version-history":[{"count":0,"href":"https:\/\/www.europesays.com\/fr\/wp-json\/wp\/v2\/posts\/591060\/revisions"}],"wp:featuredmedia":[{"embeddable":true,"href":"https:\/\/www.europesays.com\/fr\/wp-json\/wp\/v2\/media\/591061"}],"wp:attachment":[{"href":"https:\/\/www.europesays.com\/fr\/wp-json\/wp\/v2\/media?parent=591060"}],"wp:term":[{"taxonomy":"category","embeddable":true,"href":"https:\/\/www.europesays.com\/fr\/wp-json\/wp\/v2\/categories?post=591060"},{"taxonomy":"post_tag","embeddable":true,"href":"https:\/\/www.europesays.com\/fr\/wp-json\/wp\/v2\/tags?post=591060"}],"curies":[{"name":"wp","href":"https:\/\/api.w.org\/{rel}","templated":true}]}}