{"id":591064,"date":"2025-12-10T16:41:21","date_gmt":"2025-12-10T16:41:21","guid":{"rendered":"https:\/\/www.europesays.com\/fr\/591064\/"},"modified":"2025-12-10T16:41:21","modified_gmt":"2025-12-10T16:41:21","slug":"les-maladies-dorigine-alimentaire-en-hausse-au-niveau-europeen","status":"publish","type":"post","link":"https:\/\/www.europesays.com\/fr\/591064\/","title":{"rendered":"Les maladies d\u2019origine alimentaire en hausse au niveau europ\u00e9en"},"content":{"rendered":"<p>                     <img loading=\"lazy\" decoding=\"async\" src=\"https:\/\/www.europesays.com\/fr\/wp-content\/uploads\/2025\/12\/7082c00_upload-1-nzv72lqhqxx2-bsip-016440-026.jpg\" alt=\"Image d\u2019une bact\u00e9rie \u00ab\u00a0Escherichia coli\u00a0\u00bb prise avec un microscope \u00e9lectronique.\"   width=\"664\" height=\"443\"\/>    Image d\u2019une bact\u00e9rie \u00ab\u00a0Escherichia coli\u00a0\u00bb prise avec un microscope \u00e9lectronique.  JAMES CAVALLINI\/BSIP                 <\/p>\n<p class=\"article__paragraph  \">Escherichia coli (E. coli), Campylobacter, Salmonella, Listeria\u2026 Ces bact\u00e9ries qui peuvent se trouver dans la cha\u00eene alimentaire continuent de provoquer chaque ann\u00e9e des infections entra\u00eenant fi\u00e8vre, vomissements, diarrh\u00e9es, d\u00e9shydratation, et, dans certains cas, de graves complications. Si pour la r\u00e9cente <a href=\"https:\/\/www.lemonde.fr\/societe\/article\/2025\/12\/08\/dans-les-pyrenees-orientales-400-eleves-d-un-college-souffrent-d-une-gastro-enterite_6656543_3224.html\" target=\"_blank\" rel=\"noopener\">\u00e9pid\u00e9mie de gastro-ent\u00e9rite qui a touch\u00e9 plusieurs centaines d\u2019\u00e9l\u00e8ves, de parents et de personnels<\/a> du coll\u00e8ge Jules-Verne au Soler, dans les Pyr\u00e9n\u00e9es-Orientales, la piste jug\u00e9e la plus plausible par les autorit\u00e9s est celle d\u2019une infection virale, d\u2019autres cas de contaminations group\u00e9es suscitent r\u00e9guli\u00e8rement l\u2019inqui\u00e9tude. C\u2019\u00e9tait notamment le cas \u00e0 Saint-Quentin (Aisne), en juin, o\u00f9 une trentaine de personnes avaient \u00e9t\u00e9 contamin\u00e9es \u00e0 E. coli apr\u00e8s avoir consomm\u00e9 de la viande, dont une fillette de 12\u00a0ans qui en est morte.<\/p>\n<p>   Lire plus tard  <\/p>\n<p class=\"article__paragraph  \">Des foyers d\u2019une telle gravit\u00e9 restent rares, mais un <a href=\"https:\/\/efsa.onlinelibrary.wiley.com\/doi\/full\/10.2903\/j.efsa.2025.9759\" target=\"_blank\" rel=\"noopener\" title=\"Nouvelle fen\u00eatre\">rapport publi\u00e9 mardi 9\u00a0d\u00e9cembre par l\u2019Autorit\u00e9 europ\u00e9enne de s\u00e9curit\u00e9 des aliments (EFSA)<\/a> et le Centre europ\u00e9en de pr\u00e9vention et de contr\u00f4le des maladies (ECDC) indique que les cas recens\u00e9s d\u2019infection d\u2019origine alimentaire sont en hausse au niveau europ\u00e9en. En\u00a02024, le nombre de cas humains identifi\u00e9s \u2013 un peu plus de 62\u00a0000 dans les vingt-sept pays de l\u2019Union europ\u00e9enne ainsi qu\u2019au Royaume-Uni, qui participe au m\u00eame r\u00e9seau de surveillance \u2013 a progress\u00e9 de 19,7\u00a0% par rapport \u00e0 2023. Les hospitalisations \u2013 plus de 3\u00a0300 \u2013 sont elles en hausse de 15,2\u00a0%. Le nombre de d\u00e9c\u00e8s \u2013 53\u00a0en\u00a02024 \u2013 a en revanche recul\u00e9 de 18,5\u00a0%.<\/p>\n<p class=\"reading-mode-only \"><strong>Il vous reste 70.88% de cet article \u00e0 lire. La suite est r\u00e9serv\u00e9e aux abonn\u00e9s.<\/strong><\/p>\n","protected":false},"excerpt":{"rendered":"Image d\u2019une bact\u00e9rie \u00ab\u00a0Escherichia coli\u00a0\u00bb prise avec un microscope \u00e9lectronique. JAMES CAVALLINI\/BSIP Escherichia coli (E. coli), Campylobacter, Salmonella,&hellip;\n","protected":false},"author":2,"featured_media":591065,"comment_status":"","ping_status":"","sticky":false,"template":"","format":"standard","meta":{"footnotes":""},"categories":[10],"tags":[1011,27,72,71],"class_list":{"0":"post-591064","1":"post","2":"type-post","3":"status-publish","4":"format-standard","5":"has-post-thumbnail","7":"category-sante","8":"tag-fr","9":"tag-france","10":"tag-health","11":"tag-sante"},"share_on_mastodon":{"url":"https:\/\/pubeurope.com\/@fr\/115696270477269453","error":""},"_links":{"self":[{"href":"https:\/\/www.europesays.com\/fr\/wp-json\/wp\/v2\/posts\/591064","targetHints":{"allow":["GET"]}}],"collection":[{"href":"https:\/\/www.europesays.com\/fr\/wp-json\/wp\/v2\/posts"}],"about":[{"href":"https:\/\/www.europesays.com\/fr\/wp-json\/wp\/v2\/types\/post"}],"author":[{"embeddable":true,"href":"https:\/\/www.europesays.com\/fr\/wp-json\/wp\/v2\/users\/2"}],"replies":[{"embeddable":true,"href":"https:\/\/www.europesays.com\/fr\/wp-json\/wp\/v2\/comments?post=591064"}],"version-history":[{"count":0,"href":"https:\/\/www.europesays.com\/fr\/wp-json\/wp\/v2\/posts\/591064\/revisions"}],"wp:featuredmedia":[{"embeddable":true,"href":"https:\/\/www.europesays.com\/fr\/wp-json\/wp\/v2\/media\/591065"}],"wp:attachment":[{"href":"https:\/\/www.europesays.com\/fr\/wp-json\/wp\/v2\/media?parent=591064"}],"wp:term":[{"taxonomy":"category","embeddable":true,"href":"https:\/\/www.europesays.com\/fr\/wp-json\/wp\/v2\/categories?post=591064"},{"taxonomy":"post_tag","embeddable":true,"href":"https:\/\/www.europesays.com\/fr\/wp-json\/wp\/v2\/tags?post=591064"}],"curies":[{"name":"wp","href":"https:\/\/api.w.org\/{rel}","templated":true}]}}