{"id":591070,"date":"2025-12-10T16:44:19","date_gmt":"2025-12-10T16:44:19","guid":{"rendered":"https:\/\/www.europesays.com\/fr\/591070\/"},"modified":"2025-12-10T16:44:19","modified_gmt":"2025-12-10T16:44:19","slug":"un-vent-dair-frais-sur-france-tv-le-dolby-vision-et-hdr10-arrivent-a-loccasion-des-jo-dhiver-2026","status":"publish","type":"post","link":"https:\/\/www.europesays.com\/fr\/591070\/","title":{"rendered":"Un vent d&rsquo;air frais sur France TV ? Le Dolby Vision et HDR10+ arrivent \u00e0 l&rsquo;occasion des JO d&rsquo;hiver 2026"},"content":{"rendered":"<p><strong>Les amateurs de sports d\u2019hiver vont \u00eatre g\u00e2t\u00e9s pour les JO 2026, puisque France TV offrira une image 4K UHD native en Dolby Vision et HDR10+.<\/strong><\/p>\n<p>Apr\u00e8s avoir <a href=\"https:\/\/www.ecranlarge.com\/high-tech\/actu\/4k-uhd-green-france-tv\" target=\"_blank\" rel=\"noopener\">introduit la 4K UHD Green<\/a> sur certaines de ses cha\u00eenes en juin dernier, France TV s\u2019appr\u00eate \u00e0 passer \u00e0 l\u2019\u00e9tape sup\u00e9rieure avec <strong>les formats Dolby Vision et HDR10+<\/strong> pour les JO d\u2019hiver de Milan-Cortina 2026. Cela marquera \u00e9galement le retour de <strong>la \u00ab\u00a0vraie\u00a0\u00bb 4K UHD native<\/strong>, contrairement \u00e0 l\u2019upscaling appliqu\u00e9 \u00e0 ses programmes en temps normal.<\/p>\n<p>Mais alors, <strong>\u00e0 quoi faut-il s\u2019attendre<\/strong> concr\u00e8tement avec ces nouveaux formats HDR dynamiques sur France TV ? Et surtout, qui y aura vraiment acc\u00e8s ? On fait le point complet.<\/p>\n<blockquote class=\"twitter-tweet\" data-width=\"550\" data-dnt=\"true\">\n<p lang=\"fr\" dir=\"ltr\">Alors que les JO d&rsquo;hiver 2026 arrivent dans \u2013 de 60 jours,<\/p>\n<p>France 2 UHD va passer en HDR10+ et Dolby Vision \u00e0 partir du 26 janvier 2026 chez France T\u00e9l\u00e9vision.<\/p>\n<p>Ces nouveaux formats seront repris \u00e0 cette date sur la TNT (et donc Fransat) ainsi que chez les op\u00e9rateurs pouvant\u2026 <a href=\"https:\/\/t.co\/etB5A25zuH\">pic.twitter.com\/etB5A25zuH<\/a><\/p>\n<p>\u2014 Ultra-K.fr (@ultrakfr) <a href=\"https:\/\/twitter.com\/ultrakfr\/status\/1998084472932126737?ref_src=twsrc%5Etfw\" target=\"_blank\" rel=\"noopener\">December 8, 2025<\/a><\/p><\/blockquote>\n<p>Dolby Vision et HDR10+ sur France 2 UHD : la promesse d\u2019une image ultra r\u00e9aliste ?<\/p>\n<p>Si ces formats HDR sont surtout <strong>appr\u00e9ci\u00e9s par les fans de films et s\u00e9ries<\/strong>, notamment depuis leur int\u00e9gration \u00e0 plusieurs <a href=\"https:\/\/www.ecranlarge.com\/high-tech\/actu\/netflix-hdr10\" target=\"_blank\" rel=\"noopener\">plateformes de streaming comme Netflix<\/a>, France TV compte bien montrer pour les JO d\u2019hiver 2026 que cela renforce \u00e9galement <strong>l\u2019immersion au c\u0153ur des \u00e9v\u00e8nements sportifs<\/strong>. Et pour cela, il n\u2019y a sans doute rien de mieux que sa cha\u00eene France 2 UHD, lanc\u00e9e \u00e0 l\u2019occasion des Jeux Olympiques de Paris 2024 et proposant <strong>des contenus 4K natifs<\/strong> sur la p\u00e9riode de comp\u00e9tition.<\/p>\n<p>Entretemps, le groupe audiovisuel a pu exp\u00e9rimenter le <strong>Dolby Vision et HDR10+<\/strong>, deux formats dynamiques qui ajustent le contraste et la luminosit\u00e9 en temps r\u00e9el pour que <strong>l\u2019image reste toujours la plus claire possible<\/strong> (sans \u00e9blouir les spectateurs pour autant). Dans le cadre d\u2019une comp\u00e9tition de sports d\u2019hiver, cela fait sens.<\/p>\n<p>Mais ce n\u2019est pas tout, car le compte X <a href=\"https:\/\/x.com\/ultrakfr\" target=\"_blank\" rel=\"noreferrer noopener nofollow\">Ultra-K<\/a> rapporte que la cha\u00eene France 2 UHD int\u00e9grera aussi <strong>le Dolby Atmos<\/strong> pour optimiser le rendu sonore, et assurer <strong>une meilleure immersion gr\u00e2ce aux effets surround<\/strong>. Conseil d\u2019ami : pour pouvoir en profiter pleinement, nous vous recommandons de vous \u00e9quiper d\u2019une <a href=\"https:\/\/www.ecranlarge.com\/high-tech\/conseils\/meilleures-barres-de-son-home-cinema\" target=\"_blank\" rel=\"noopener\">barre de son taill\u00e9e pour le home-cin\u00e9ma<\/a>.<\/p>\n<p><img loading=\"lazy\" decoding=\"async\" width=\"1200\" height=\"670\" alt=\"TV Hisense dans un salon\" src=\"https:\/\/www.europesays.com\/fr\/wp-content\/uploads\/2025\/12\/tv-hisense-dans-un-salon.jpg\"  \/><\/p>\n<p>On s\u2019y croirait presque.Un lancement en janvier prochain sur France TV, mais pas pour tout le monde\u2026<\/p>\n<p>Selon les informations relay\u00e9es par <a href=\"https:\/\/www.igen.fr\/ailleurs\/2025\/12\/france-2-uhd-va-passer-en-dolby-vision-et-hdr10-pour-les-jeux-olympiques-dhiver-de-2026-153831\" target=\"_blank\" rel=\"noreferrer noopener nofollow\">iGeneration<\/a>, la bascule vers le flux Dolby Vision et HDR10+ sur France 2 UHD <strong>s\u2019effectuera le 26 janvier 2026<\/strong>, \u00e0 quelques jours de la c\u00e9r\u00e9monie d\u2019ouverture des JO. Cependant, m\u00eame si ce changement est pr\u00e9vu sur la TNT UHD, les principaux FAI (Orange, SFR, Free\u2026) et via Fransat, <strong>tout le monde n\u2019y aura pas forc\u00e9ment acc\u00e8s<\/strong>.<\/p>\n<p>En effet, il faudra \u00e9videmment avoir <strong>un \u00e9cran 4K UHD compatible HDR10+<\/strong> (avec un tuner DVB-T2 et une couverture TNT UHD), ainsi qu\u2019une <strong>box 4K compatible HDR<\/strong> si vous regardez la TV via un op\u00e9rateur. Les t\u00e9l\u00e9viseurs qui prennent en charge le HDR10 pourront aussi b\u00e9n\u00e9ficier d\u2019une am\u00e9lioration de la qualit\u00e9 d\u2019image, m\u00eame si elle se limitera au HDR \u00ab\u00a0classique\u00a0\u00bb.<\/p>\n<p>Vous l\u2019aurez donc compris, malgr\u00e9 les promesses de France TV qui veut offrir <strong>une image de grande qualit\u00e9 en 4K UHD natif<\/strong> (contrairement \u00e0 d\u2019autres cha\u00eenes comme M6 et TF1, qui proposent surtout de la <a href=\"https:\/\/www.ecranlarge.com\/high-tech\/actu\/upscaling-tv-a-quoi-ca-sert\" target=\"_blank\" rel=\"noopener\">4K par upscaling<\/a>), il faut s\u2019attendre \u00e0 ce qu\u2019elle ne concerne <strong>qu\u2019une poign\u00e9e de spectateurs privil\u00e9gi\u00e9s<\/strong>. Et c\u2019est bien dommage.<\/p>\n<p>    <script async src=\"https:\/\/platform.twitter.com\/widgets.js\" charset=\"utf-8\"><\/script><\/p>\n","protected":false},"excerpt":{"rendered":"Les amateurs de sports d\u2019hiver vont \u00eatre g\u00e2t\u00e9s pour les JO 2026, puisque France TV offrira une image&hellip;\n","protected":false},"author":2,"featured_media":591071,"comment_status":"","ping_status":"","sticky":false,"template":"","format":"standard","meta":{"footnotes":""},"categories":[7],"tags":[1011,27,43,40,41,39,42,44],"class_list":{"0":"post-591070","1":"post","2":"type-post","3":"status-publish","4":"format-standard","5":"has-post-thumbnail","7":"category-sciences-et-technologies","8":"tag-fr","9":"tag-france","10":"tag-science","11":"tag-science-and-technology","12":"tag-sciences","13":"tag-sciences-et-technologies","14":"tag-technologies","15":"tag-technology"},"share_on_mastodon":{"url":"https:\/\/pubeurope.com\/@fr\/115696283492496158","error":""},"_links":{"self":[{"href":"https:\/\/www.europesays.com\/fr\/wp-json\/wp\/v2\/posts\/591070","targetHints":{"allow":["GET"]}}],"collection":[{"href":"https:\/\/www.europesays.com\/fr\/wp-json\/wp\/v2\/posts"}],"about":[{"href":"https:\/\/www.europesays.com\/fr\/wp-json\/wp\/v2\/types\/post"}],"author":[{"embeddable":true,"href":"https:\/\/www.europesays.com\/fr\/wp-json\/wp\/v2\/users\/2"}],"replies":[{"embeddable":true,"href":"https:\/\/www.europesays.com\/fr\/wp-json\/wp\/v2\/comments?post=591070"}],"version-history":[{"count":0,"href":"https:\/\/www.europesays.com\/fr\/wp-json\/wp\/v2\/posts\/591070\/revisions"}],"wp:featuredmedia":[{"embeddable":true,"href":"https:\/\/www.europesays.com\/fr\/wp-json\/wp\/v2\/media\/591071"}],"wp:attachment":[{"href":"https:\/\/www.europesays.com\/fr\/wp-json\/wp\/v2\/media?parent=591070"}],"wp:term":[{"taxonomy":"category","embeddable":true,"href":"https:\/\/www.europesays.com\/fr\/wp-json\/wp\/v2\/categories?post=591070"},{"taxonomy":"post_tag","embeddable":true,"href":"https:\/\/www.europesays.com\/fr\/wp-json\/wp\/v2\/tags?post=591070"}],"curies":[{"name":"wp","href":"https:\/\/api.w.org\/{rel}","templated":true}]}}