{"id":591074,"date":"2025-12-10T16:46:18","date_gmt":"2025-12-10T16:46:18","guid":{"rendered":"https:\/\/www.europesays.com\/fr\/591074\/"},"modified":"2025-12-10T16:46:18","modified_gmt":"2025-12-10T16:46:18","slug":"volodymyr-zelensky-cede-a-la-pression-de-donald-trump","status":"publish","type":"post","link":"https:\/\/www.europesays.com\/fr\/591074\/","title":{"rendered":"Volodymyr Zelensky c\u00e8de \u00e0 la pression de Donald Trump"},"content":{"rendered":"<p>\n    <strong>D\u00c9CRYPTAGE<\/strong> &#8211; Le pr\u00e9sident ukrainien s\u2019est d\u00e9clar\u00e9 \u00ab\u00a0pr\u00eat\u00a0\u00bb \u00e0 organiser des \u00e9lections, malgr\u00e9 la situation de guerre, \u00e0 condition que les \u00c9tats-Unis ou les Europ\u00e9ens fournissent des garanties sur la sinc\u00e9rit\u00e9 du scrutin.<\/p>\n<p class=\"fig-paragraph\">Pour sortir du blocage, Volodymyr Zelensky a accept\u00e9 de mettre son propre avenir en jeu. Mardi soir, \u00e0 l\u2019issue d\u2019un entretien avec la pr\u00e9sidente du Conseil italien,\u00a0<a href=\"http:\/\/www.lefigaro.fr\/international\/de-passage-a-rome-volodymyr-zelensky-vient-chercher-l-aide-d-une-indefectible-alliee-de-donald-trump-20251209\" data-fig-type=\"Article\" data-gtm-custom-categorie=\"navigation\" data-gtm-custom-action=\"crossclick\" data-gtm-custom-label=\"Contextuel\" data-gtm-event=\"customEventSPE\" data-fig-domain=\"LEFIGARO\" target=\"_blank\" rel=\"noopener\">Giorgia Meloni<\/a>, le pr\u00e9sident ukrainien a confirm\u00e9 aupr\u00e8s des journalistes pr\u00e9sents \u00e0 Rome qu\u2019il \u00e9tait pr\u00eat \u00e0 c\u00e9der \u00e0 l\u2019une des critiques de la\u00a0<a href=\"http:\/\/www.lefigaro.fr\/international\/dossier\/tensions-entre-la-russie-et-l-ukraine-tout-comprendre-a-la-menace-d-une-invasion-russe\" data-fig-type=\"Topic\" data-gtm-custom-categorie=\"navigation\" data-gtm-custom-action=\"crossclick\" data-gtm-custom-label=\"Contextuel\" data-gtm-event=\"customEventSPE\" data-fig-domain=\"LEFIGARO\" target=\"_blank\" rel=\"noopener\">Russie<\/a>, relay\u00e9e ouvertement par le pr\u00e9sident am\u00e9ricain, Donald Trump. \u00ab\u00a0Je suis pr\u00eat pour des \u00e9lections\u00a0\u00bb, a-t-il d\u00e9clar\u00e9 alors que, dans\u00a0<a href=\"https:\/\/www.politico.com\/\" target=\"_blank\" rel=\"sponsored noopener\" data-gtm-custom-categorie=\"navigation\" data-gtm-custom-action=\"crossclick\" data-gtm-custom-label=\"Contextuel\" data-gtm-event=\"customEventSPE\">Politico<\/a>, le milliardaire l\u2019avait accus\u00e9 \u00ab\u00a0d\u2019utiliser la guerre\u00a0\u00bb pour refuser d\u2019organiser un scrutin pr\u00e9sidentiel. Pour Donald Trump, qui n\u2019a pas cess\u00e9 de malmener l\u2019Ukrainien depuis son \u00e9lection, Volodymyr Zelensky serait un\u00a0<a href=\"http:\/\/www.lefigaro.fr\/international\/embuscade-comedie-de-zelensky-aux-etats-unis-democrates-et-republicains-reagissent-au-clash-a-la-maison-blanche-20250301\" data-fig-type=\"Article\" data-gtm-custom-categorie=\"navigation\" data-gtm-custom-action=\"crossclick\" data-gtm-custom-label=\"Contextuel\" data-gtm-event=\"customEventSPE\" data-fig-domain=\"LEFIGARO\" target=\"_blank\" rel=\"noopener\">obstacle\u00a0<\/a>\u00e0 ses discussions avec Moscou. En d\u00e9but d\u2019ann\u00e9e, il l\u2019avait trait\u00e9 de \u00ab\u00a0dictateur sans \u00e9lection\u00a0\u00bb. Cette semaine, il lui a aussi reproch\u00e9, contre toute vraisemblance, de \u00ab\u00a0ne pas avoir lu\u00a0\u00bb le plan de paix propos\u00e9 par les \u00c9tats-Unis\u2026<\/p>\n<p class=\"fig-paragraph\"><a href=\"http:\/\/www.lefigaro.fr\/international\/avec-la-nouvelle-strategie-de-securite-americaine-le-kremlin-se-frotte-les-mains-20251208\" data-fig-type=\"Article\" data-gtm-custom-categorie=\"navigation\" data-gtm-custom-action=\"crossclick\" data-gtm-custom-label=\"Contextuel\" data-gtm-event=\"customEventSPE\" data-fig-domain=\"LEFIGARO\" target=\"_blank\" rel=\"noopener\">\u00c0 Moscou, on salue la posture de la Maison-Blanche<\/a>. \u00ab\u00a0\u00c0 bien des \u00e9gards\u2026<\/p>\n<p class=\"fig-premium-paywall__infos\">\n        Cet article est r\u00e9serv\u00e9 aux abonn\u00e9s.        Il vous reste 81% \u00e0 d\u00e9couvrir.\n    <\/p>\n<p>                <img  data- alt=\"Le Figaro\" class=\"fig-img--complete fig-img\"\/><\/p>\n<p class=\"fig-premium-paywall__title\">Vente Flash<\/p>\n<p class=\"fig-premium-paywall__subtitle\">-50% sur l&rsquo;abonnement num\u00e9rique<\/p>\n<p class=\"fig-premium-paywall__connect\">\n                D\u00e9j\u00e0 abonn\u00e9\u00a0?                <a class=\"fig-premium-paywall__connect-link\" href=\"https:\/\/connect.lefigaro.fr\/login?client=horizon_web&amp;type=main&amp;redirect_uri=https%3A%2F%2Fwww.lefigaro.fr%2Finternational%2Felections-en-ukraine-volodymyr-zelensky-cede-a-la-pression-de-donald-trump-20251210\" data-js-gtm=\"{&quot;customCategorie&quot;: &quot;conversion&quot;, &quot;customAction&quot;: &quot;before_Landing_Connexion_paywall_auto&quot;, &quot;customLabel&quot;: &quot;bGVmaWdhcm8uZnJfXzFmMGQ1YjIxLThmZTEtNjIyYS1iYWI3LTg3YTAyZTQzZTU1N19fQXJ0aWNsZQ==_\u00c9lections en Ukraine\u00a0: Volodymyr Zelensky c\u00e8de \u00e0 la pression de Donald Trump_65&quot;, &quot;customIDSPE&quot;: &quot;bGVmaWdhcm8uZnJfXzFmMGQ1YjIxLThmZTEtNjIyYS1iYWI3LTg3YTAyZTQzZTU1N19fQXJ0aWNsZQ==&quot;, &quot;event&quot;: &quot;customEventSPE&quot;}\" target=\"_blank\" rel=\"noopener\"><br \/>\n                    Connectez-vous<br \/>\n                <\/a>\n            <\/p>\n","protected":false},"excerpt":{"rendered":"D\u00c9CRYPTAGE &#8211; Le pr\u00e9sident ukrainien s\u2019est d\u00e9clar\u00e9 \u00ab\u00a0pr\u00eat\u00a0\u00bb \u00e0 organiser des \u00e9lections, malgr\u00e9 la situation de guerre, \u00e0&hellip;\n","protected":false},"author":2,"featured_media":591075,"comment_status":"","ping_status":"","sticky":false,"template":"","format":"standard","meta":{"footnotes":""},"categories":[5],"tags":[11,1011,27,131,14,12,220,134,28],"class_list":{"0":"post-591074","1":"post","2":"type-post","3":"status-publish","4":"format-standard","5":"has-post-thumbnail","7":"category-international","8":"tag-actualites","9":"tag-fr","10":"tag-france","11":"tag-guerre-en-ukraine","12":"tag-international","13":"tag-news","14":"tag-ukraine","15":"tag-volodymyr-zelensky","16":"tag-world"},"share_on_mastodon":{"url":"https:\/\/pubeurope.com\/@fr\/115696290136494773","error":""},"_links":{"self":[{"href":"https:\/\/www.europesays.com\/fr\/wp-json\/wp\/v2\/posts\/591074","targetHints":{"allow":["GET"]}}],"collection":[{"href":"https:\/\/www.europesays.com\/fr\/wp-json\/wp\/v2\/posts"}],"about":[{"href":"https:\/\/www.europesays.com\/fr\/wp-json\/wp\/v2\/types\/post"}],"author":[{"embeddable":true,"href":"https:\/\/www.europesays.com\/fr\/wp-json\/wp\/v2\/users\/2"}],"replies":[{"embeddable":true,"href":"https:\/\/www.europesays.com\/fr\/wp-json\/wp\/v2\/comments?post=591074"}],"version-history":[{"count":0,"href":"https:\/\/www.europesays.com\/fr\/wp-json\/wp\/v2\/posts\/591074\/revisions"}],"wp:featuredmedia":[{"embeddable":true,"href":"https:\/\/www.europesays.com\/fr\/wp-json\/wp\/v2\/media\/591075"}],"wp:attachment":[{"href":"https:\/\/www.europesays.com\/fr\/wp-json\/wp\/v2\/media?parent=591074"}],"wp:term":[{"taxonomy":"category","embeddable":true,"href":"https:\/\/www.europesays.com\/fr\/wp-json\/wp\/v2\/categories?post=591074"},{"taxonomy":"post_tag","embeddable":true,"href":"https:\/\/www.europesays.com\/fr\/wp-json\/wp\/v2\/tags?post=591074"}],"curies":[{"name":"wp","href":"https:\/\/api.w.org\/{rel}","templated":true}]}}