{"id":591076,"date":"2025-12-10T16:47:14","date_gmt":"2025-12-10T16:47:14","guid":{"rendered":"https:\/\/www.europesays.com\/fr\/591076\/"},"modified":"2025-12-10T16:47:14","modified_gmt":"2025-12-10T16:47:14","slug":"la-france-alerte-sur-des-soupcons-de-controles-dong-par-le-hamas-les-humanitaires-contestent-liberation","status":"publish","type":"post","link":"https:\/\/www.europesays.com\/fr\/591076\/","title":{"rendered":"la France alerte sur des \u00absoup\u00e7ons de contr\u00f4les d\u2019ONG\u00bb par le Hamas, les humanitaires contestent \u2013 Lib\u00e9ration"},"content":{"rendered":"<p class=\"sc-cPiKLX AiZTS text-element\">\u00abFaire toute la lumi\u00e8re\u00bb sur de potentiels financements europ\u00e9ens destin\u00e9s \u00e0 des organisations non gouvernementales qui auraient pu \u00eatre d\u00e9tourn\u00e9s au profit du Hamas. Voil\u00e0 la demande que <a href=\"https:\/\/www.liberation.fr\/international\/europe\/gouvernement-barnier-un-proche-de-macron-tres-offensif-sur-la-guerre-en-ukraine-nomme-aux-affaires-europeennes-20240922_5BD7MKIUPRHHNN7SXA2SLR7244\/\" target=\"_blank\" rel=\"noreferrer noopener\" title=\"https:\/\/www.liberation.fr\/international\/europe\/gouvernement-barnier-un-proche-de-macron-tres-offensif-sur-la-guerre-en-ukraine-nomme-aux-affaires-europeennes-20240922_5BD7MKIUPRHHNN7SXA2SLR7244\/\">Benjamin Haddad<\/a>, le ministre d\u00e9l\u00e9gu\u00e9 charg\u00e9 de l\u2019Europe, a formul\u00e9e en direction de la Commission europ\u00e9enne ce mardi 9 d\u00e9cembre dans un courrier que Lib\u00e9ration a pu consulter. \u00abJ\u2019ai \u00e9t\u00e9 r\u00e9cemment alert\u00e9 par des soup\u00e7ons de la mise en place par le Hamas d\u00e8s 2020 de contr\u00f4les des organisations, non gouvernementales et internationales, op\u00e9rant sur les territoires palestiniens\u00bb, \u00e9crit-il \u00e0 la cheffe de la diplomatie europ\u00e9enne, <a href=\"https:\/\/www.liberation.fr\/international\/europe\/soupcons-de-fraude-perquisitions-au-sein-du-service-diplomatique-de-lue-trois-arrestations-20251202_22BL4M7THZB4HDGNDCSOX33CR4\/\" target=\"_blank\" rel=\"noreferrer noopener\" title=\"https:\/\/www.liberation.fr\/international\/europe\/soupcons-de-fraude-perquisitions-au-sein-du-service-diplomatique-de-lue-trois-arrestations-20251202_22BL4M7THZB4HDGNDCSOX33CR4\/\">Kaja Kallas<\/a><\/p>\n","protected":false},"excerpt":{"rendered":"\u00abFaire toute la lumi\u00e8re\u00bb sur de potentiels financements europ\u00e9ens destin\u00e9s \u00e0 des organisations non gouvernementales qui auraient pu&hellip;\n","protected":false},"author":2,"featured_media":591077,"comment_status":"","ping_status":"","sticky":false,"template":"","format":"standard","meta":{"footnotes":""},"categories":[4],"tags":[11,1011,27,3523,12,25,364],"class_list":{"0":"post-591076","1":"post","2":"type-post","3":"status-publish","4":"format-standard","5":"has-post-thumbnail","7":"category-france","8":"tag-actualites","9":"tag-fr","10":"tag-france","11":"tag-israel-palestine-conflit","12":"tag-news","13":"tag-republique-francaise","14":"tag-union-europeenne"},"share_on_mastodon":{"url":"https:\/\/pubeurope.com\/@fr\/115696293975802523","error":""},"_links":{"self":[{"href":"https:\/\/www.europesays.com\/fr\/wp-json\/wp\/v2\/posts\/591076","targetHints":{"allow":["GET"]}}],"collection":[{"href":"https:\/\/www.europesays.com\/fr\/wp-json\/wp\/v2\/posts"}],"about":[{"href":"https:\/\/www.europesays.com\/fr\/wp-json\/wp\/v2\/types\/post"}],"author":[{"embeddable":true,"href":"https:\/\/www.europesays.com\/fr\/wp-json\/wp\/v2\/users\/2"}],"replies":[{"embeddable":true,"href":"https:\/\/www.europesays.com\/fr\/wp-json\/wp\/v2\/comments?post=591076"}],"version-history":[{"count":0,"href":"https:\/\/www.europesays.com\/fr\/wp-json\/wp\/v2\/posts\/591076\/revisions"}],"wp:featuredmedia":[{"embeddable":true,"href":"https:\/\/www.europesays.com\/fr\/wp-json\/wp\/v2\/media\/591077"}],"wp:attachment":[{"href":"https:\/\/www.europesays.com\/fr\/wp-json\/wp\/v2\/media?parent=591076"}],"wp:term":[{"taxonomy":"category","embeddable":true,"href":"https:\/\/www.europesays.com\/fr\/wp-json\/wp\/v2\/categories?post=591076"},{"taxonomy":"post_tag","embeddable":true,"href":"https:\/\/www.europesays.com\/fr\/wp-json\/wp\/v2\/tags?post=591076"}],"curies":[{"name":"wp","href":"https:\/\/api.w.org\/{rel}","templated":true}]}}