{"id":591078,"date":"2025-12-10T16:48:24","date_gmt":"2025-12-10T16:48:24","guid":{"rendered":"https:\/\/www.europesays.com\/fr\/591078\/"},"modified":"2025-12-10T16:48:24","modified_gmt":"2025-12-10T16:48:24","slug":"retour-sur-une-enquete-interdite","status":"publish","type":"post","link":"https:\/\/www.europesays.com\/fr\/591078\/","title":{"rendered":"retour sur une enqu\u00eate interdite"},"content":{"rendered":"<p>\n    <strong>R\u00c9CIT &#8211; <\/strong>Une enqu\u00eate demand\u00e9e par le minist\u00e8re de l\u2019Enseignement sup\u00e9rieur au Cevipof a \u00e9t\u00e9 annul\u00e9e par le centre de recherches \u00e0 la suite d\u2019une campagne organis\u00e9e par des enseignants et des syndicats de gauche, relay\u00e9e par La France insoumise.<\/p>\n<p class=\"fig-paragraph\"><a href=\"http:\/\/www.lefigaro.fr\/actualite-france\/la-cause-islamiste-est-devenue-une-norme-pour-cette-generation-les-universites-minees-par-un-antisemitisme-persistant-20251027\" target=\"_blank\" data-fig-type=\"Article\" rel=\"noopener\" data-gtm-custom-categorie=\"navigation\" data-gtm-custom-action=\"crossclick\" data-gtm-custom-label=\"Contextuel\" data-gtm-event=\"customEventSPE\" data-fig-domain=\"LEFIGARO\">L\u2019antis\u00e9mitisme gangr\u00e8ne-t-il la sph\u00e8re universitaire<\/a>\u00a0? Des agressions et menaces contre des \u00e9tudiants juifs, r\u00e9currentes depuis le pogrom du Hamas le 7 octobre, \u00e0 la toute r\u00e9cente affaire des messages sur les \u00ab g\u00e9nocidaires \u00e0 boycotter\u00a0\u00bb de\u00a0<a href=\"http:\/\/www.lefigaro.fr\/lyon\/chercheur-reconnu-melenchoniste-convaincu-et-antisioniste-assume-qui-est-julien-thery-suspendu-par-l-universite-lyon-2-20251205\" target=\"_blank\" data-fig-type=\"NewsFlash\" rel=\"noopener\" data-gtm-custom-categorie=\"navigation\" data-gtm-custom-action=\"crossclick\" data-gtm-custom-label=\"Contextuel\" data-gtm-event=\"customEventSPE\" data-fig-domain=\"LEFIGARO\">l\u2019enseignant-chercheur Julien Th\u00e9ry<\/a>, qui vient d\u2019\u00eatre suspendu par la direction de l\u2019universit\u00e9 Lyon-2, pas un jour ou presque ne se passe sans que la question agite le d\u00e9bat public.<\/p>\n<p class=\"fig-paragraph\"><a href=\"http:\/\/www.lefigaro.fr\/politique\/le-ministre-philippe-baptiste-maintient-que-l-islamo-gauchisme-n-existe-pas-au-sens-intellectuel-du-terme-a-l-universite-20250709\" target=\"_blank\" data-fig-type=\"Article\" rel=\"noopener\" data-gtm-custom-categorie=\"navigation\" data-gtm-custom-action=\"crossclick\" data-gtm-custom-label=\"Contextuel\" data-gtm-event=\"customEventSPE\" data-fig-domain=\"LEFIGARO\">Philippe Baptiste, le ministre de l\u2019Enseignement sup\u00e9rieur<\/a>\u00a0et de la recherche, a voulu y apporter une r\u00e9ponse document\u00e9e. \u00ab Afin de qualifier, quantifier et analyser ce ph\u00e9nom\u00e8ne avec la rigueur n\u00e9cessaire\u00a0\u00bb, a-t-il annonc\u00e9 fin avril, \u00ab plusieurs projets de recherche ont \u00e9t\u00e9 lanc\u00e9s, dont celui pilot\u00e9 par une \u00e9quipe du Cevipof (Centre de recherches politiques de Sciences Po, associ\u00e9 au CNRS), qui comprend une enqu\u00eate aupr\u00e8s des personnels de l\u2019enseignement sup\u00e9rieur et de la recherche\u00a0\u00bb. Les questions ont \u00e9t\u00e9 \u00e9labor\u00e9es par des chercheurs du Cevipof, l\u2019Ifop\u2026<\/p>\n<p class=\"fig-premium-paywall__infos\">\n        Cet article est r\u00e9serv\u00e9 aux abonn\u00e9s.        Il vous reste 90% \u00e0 d\u00e9couvrir.\n    <\/p>\n<p>                <img  data- alt=\"Le Figaro\" class=\"fig-img--complete fig-img\"\/><\/p>\n<p class=\"fig-premium-paywall__title\">Vente Flash<\/p>\n<p class=\"fig-premium-paywall__subtitle\">-50% sur l&rsquo;abonnement num\u00e9rique<\/p>\n<p class=\"fig-premium-paywall__connect\">\n                D\u00e9j\u00e0 abonn\u00e9\u00a0?                <a class=\"fig-premium-paywall__connect-link\" href=\"https:\/\/connect.lefigaro.fr\/login?client=horizon_web&amp;type=main&amp;redirect_uri=https%3A%2F%2Fwww.lefigaro.fr%2Factualite-france%2Fantisemitisme-a-l-universite-retour-sur-une-enquete-interdite-20251210\" data-js-gtm=\"{&quot;customCategorie&quot;: &quot;conversion&quot;, &quot;customAction&quot;: &quot;before_Landing_Connexion_paywall_auto&quot;, &quot;customLabel&quot;: &quot;bGVmaWdhcm8uZnJfXzFmMGQ1YTQ5LTQ0MzctNmQxNi1iNjQ4LWE5ZTM2MmMxNDVjOV9fQXJ0aWNsZQ==_Antis\u00e9mitisme \u00e0 l\u2019universit\u00e9\u00a0: retour sur une enqu\u00eate interdite_566&quot;, &quot;customIDSPE&quot;: &quot;bGVmaWdhcm8uZnJfXzFmMGQ1YTQ5LTQ0MzctNmQxNi1iNjQ4LWE5ZTM2MmMxNDVjOV9fQXJ0aWNsZQ==&quot;, &quot;event&quot;: &quot;customEventSPE&quot;}\" target=\"_blank\" rel=\"noopener\"><br \/>\n                    Connectez-vous<br \/>\n                <\/a>\n            <\/p>\n","protected":false},"excerpt":{"rendered":"R\u00c9CIT &#8211; Une enqu\u00eate demand\u00e9e par le minist\u00e8re de l\u2019Enseignement sup\u00e9rieur au Cevipof a \u00e9t\u00e9 annul\u00e9e par le&hellip;\n","protected":false},"author":2,"featured_media":591079,"comment_status":"","ping_status":"","sticky":false,"template":"","format":"standard","meta":{"footnotes":""},"categories":[2],"tags":[11,6155,4854,1011,27,2338,12],"class_list":{"0":"post-591078","1":"post","2":"type-post","3":"status-publish","4":"format-standard","5":"has-post-thumbnail","7":"category-actualites","8":"tag-actualites","9":"tag-antisemitisme","10":"tag-enseignement-superieur","11":"tag-fr","12":"tag-france","13":"tag-la-france-insoumise","14":"tag-news"},"share_on_mastodon":{"url":"https:\/\/pubeurope.com\/@fr\/115696297873672005","error":""},"_links":{"self":[{"href":"https:\/\/www.europesays.com\/fr\/wp-json\/wp\/v2\/posts\/591078","targetHints":{"allow":["GET"]}}],"collection":[{"href":"https:\/\/www.europesays.com\/fr\/wp-json\/wp\/v2\/posts"}],"about":[{"href":"https:\/\/www.europesays.com\/fr\/wp-json\/wp\/v2\/types\/post"}],"author":[{"embeddable":true,"href":"https:\/\/www.europesays.com\/fr\/wp-json\/wp\/v2\/users\/2"}],"replies":[{"embeddable":true,"href":"https:\/\/www.europesays.com\/fr\/wp-json\/wp\/v2\/comments?post=591078"}],"version-history":[{"count":0,"href":"https:\/\/www.europesays.com\/fr\/wp-json\/wp\/v2\/posts\/591078\/revisions"}],"wp:featuredmedia":[{"embeddable":true,"href":"https:\/\/www.europesays.com\/fr\/wp-json\/wp\/v2\/media\/591079"}],"wp:attachment":[{"href":"https:\/\/www.europesays.com\/fr\/wp-json\/wp\/v2\/media?parent=591078"}],"wp:term":[{"taxonomy":"category","embeddable":true,"href":"https:\/\/www.europesays.com\/fr\/wp-json\/wp\/v2\/categories?post=591078"},{"taxonomy":"post_tag","embeddable":true,"href":"https:\/\/www.europesays.com\/fr\/wp-json\/wp\/v2\/tags?post=591078"}],"curies":[{"name":"wp","href":"https:\/\/api.w.org\/{rel}","templated":true}]}}