{"id":591080,"date":"2025-12-10T16:49:14","date_gmt":"2025-12-10T16:49:14","guid":{"rendered":"https:\/\/www.europesays.com\/fr\/591080\/"},"modified":"2025-12-10T16:49:14","modified_gmt":"2025-12-10T16:49:14","slug":"loire-les-pompiers-mobilises-pour-un-incendie-dans-le-centre-ville-de-firminy","status":"publish","type":"post","link":"https:\/\/www.europesays.com\/fr\/591080\/","title":{"rendered":"Loire. Les pompiers mobilis\u00e9s pour un incendie dans le centre-ville de Firminy"},"content":{"rendered":"<p>Un important dispositif de secours a \u00e9t\u00e9 d\u00e9ploy\u00e9 en d\u00e9but d\u2019apr\u00e8s-midi ce mercredi 10\u00a0d\u00e9cembre\u00a0dans le centre-ville de Firminy.<\/p>\n<p>Sapeurs-pompiers et policiers municipaux ont \u00e9t\u00e9 mobilis\u00e9s, vers 13 heures, pour circonscrire les flammes qui s\u2019\u00e9taient d\u00e9clench\u00e9es dans un appartement situ\u00e9 rue Beno\u00eet-Frachon, juste derri\u00e8re l\u2019\u00e9glise Saint-Firmin.<\/p>\n<p>  Pr\u00e8s d\u2019une vingtaine de pompiers mobilis\u00e9s<\/p>\n<p>D\u2019apr\u00e8s les informations du Service d\u00e9partemental d\u2019incendie et de secours de la Loire, le sinistre concernait un feu de matelas et de d\u00e9tritus au rez-de-chauss\u00e9e d\u2019un b\u00e2timent de six \u00e9tages.<\/p>\n<p>Toujours selon le Sdis 42, les personnes impliqu\u00e9es dans l\u2019incendie \u00e9taient sorties avant l\u2019arriv\u00e9e des secours avant d\u2019\u00eatre regroup\u00e9es au niveau d\u2019un bar tabac situ\u00e9 \u00e0 proximit\u00e9. Au total, pr\u00e8s d\u2019une vingtaine de personnels ont pris part \u00e0 l\u2019intervention.<\/p>\n","protected":false},"excerpt":{"rendered":"Un important dispositif de secours a \u00e9t\u00e9 d\u00e9ploy\u00e9 en d\u00e9but d\u2019apr\u00e8s-midi ce mercredi 10\u00a0d\u00e9cembre\u00a0dans le centre-ville de Firminy.&hellip;\n","protected":false},"author":2,"featured_media":591081,"comment_status":"","ping_status":"","sticky":false,"template":"","format":"standard","meta":{"footnotes":""},"categories":[9653],"tags":[1111,11,2430,7539,1777,674,274,10282,10283,1011,27,1310,3367,12,25,4001,104],"class_list":{"0":"post-591080","1":"post","2":"type-post","3":"status-publish","4":"format-standard","5":"has-post-thumbnail","7":"category-saint-etienne","8":"tag-actu","9":"tag-actualites","10":"tag-auvergne-rhone-alpes","11":"tag-edition-loire-sud","12":"tag-eu","13":"tag-europe","14":"tag-faits-divers-justice","15":"tag-firminy","16":"tag-firminy-ville","17":"tag-fr","18":"tag-france","19":"tag-incendie","20":"tag-loire","21":"tag-news","22":"tag-republique-francaise","23":"tag-saint-etienne","24":"tag-societe"},"share_on_mastodon":{"url":"https:\/\/pubeurope.com\/@fr\/115696302113075208","error":""},"_links":{"self":[{"href":"https:\/\/www.europesays.com\/fr\/wp-json\/wp\/v2\/posts\/591080","targetHints":{"allow":["GET"]}}],"collection":[{"href":"https:\/\/www.europesays.com\/fr\/wp-json\/wp\/v2\/posts"}],"about":[{"href":"https:\/\/www.europesays.com\/fr\/wp-json\/wp\/v2\/types\/post"}],"author":[{"embeddable":true,"href":"https:\/\/www.europesays.com\/fr\/wp-json\/wp\/v2\/users\/2"}],"replies":[{"embeddable":true,"href":"https:\/\/www.europesays.com\/fr\/wp-json\/wp\/v2\/comments?post=591080"}],"version-history":[{"count":0,"href":"https:\/\/www.europesays.com\/fr\/wp-json\/wp\/v2\/posts\/591080\/revisions"}],"wp:featuredmedia":[{"embeddable":true,"href":"https:\/\/www.europesays.com\/fr\/wp-json\/wp\/v2\/media\/591081"}],"wp:attachment":[{"href":"https:\/\/www.europesays.com\/fr\/wp-json\/wp\/v2\/media?parent=591080"}],"wp:term":[{"taxonomy":"category","embeddable":true,"href":"https:\/\/www.europesays.com\/fr\/wp-json\/wp\/v2\/categories?post=591080"},{"taxonomy":"post_tag","embeddable":true,"href":"https:\/\/www.europesays.com\/fr\/wp-json\/wp\/v2\/tags?post=591080"}],"curies":[{"name":"wp","href":"https:\/\/api.w.org\/{rel}","templated":true}]}}