{"id":591082,"date":"2025-12-10T16:50:21","date_gmt":"2025-12-10T16:50:21","guid":{"rendered":"https:\/\/www.europesays.com\/fr\/591082\/"},"modified":"2025-12-10T16:50:21","modified_gmt":"2025-12-10T16:50:21","slug":"loire-et-haute-loire-regis-marcon-en-dedicace-a-la-librairie-lune-et-lautre-de-saint-etienne-ce-vendredi","status":"publish","type":"post","link":"https:\/\/www.europesays.com\/fr\/591082\/","title":{"rendered":"Loire et Haute-Loire. R\u00e9gis Marcon en d\u00e9dicace \u00e0 la librairie Lune et l\u2019Autre de\u00a0Saint-\u00c9tienne ce vendredi"},"content":{"rendered":"<p>  Triplement \u00e9toile depuis 20 ans<\/p>\n<p>Rappelons que R\u00e9gis Marcon a obtenu sa troisi\u00e8me \u00e9toile en 2005. Le restaurant qu\u2019il dirige avec son fils Jacques est aujourd\u2019hui le septi\u00e8me plus ancien \u00e9tablissement fran\u00e7ais avec le maximum de macarons. <a href=\"https:\/\/www.leprogres.fr\/economie\/2025\/01\/27\/finale-du-bocuse-d-or-2025-les-meilleurs-chefs-du-monde-s-affrontent-a-eurexpo\" target=\"_blank\" rel=\"noopener\">Quant \u00e0 son autre fils, Paul, il a remport\u00e9, en janvier, le Bocuse d\u2019O<\/a>r\u2026 trente ans apr\u00e8s lui.<\/p>\n<p class=\"note\">R\u00e9gis Marcon en d\u00e9dicace \u00e0 la librairie Lune et l\u2019Autre (19, rue Pierre-Berard \u00e0 Saint-\u00c9tienne), vendredi 12\u00a0d\u00e9cembre, de 18 \u00e0 20 heures.<\/p>\n","protected":false},"excerpt":{"rendered":"Triplement \u00e9toile depuis 20 ans Rappelons que R\u00e9gis Marcon a obtenu sa troisi\u00e8me \u00e9toile en 2005. Le restaurant&hellip;\n","protected":false},"author":2,"featured_media":591083,"comment_status":"","ping_status":"","sticky":false,"template":"","format":"standard","meta":{"footnotes":""},"categories":[9653],"tags":[1111,11,2430,1687,7539,1777,674,1011,27,4002,2410,6016,12,2610,25,4001,7538],"class_list":{"0":"post-591082","1":"post","2":"type-post","3":"status-publish","4":"format-standard","5":"has-post-thumbnail","7":"category-saint-etienne","8":"tag-actu","9":"tag-actualites","10":"tag-auvergne-rhone-alpes","11":"tag-culture-loisirs","12":"tag-edition-loire-sud","13":"tag-eu","14":"tag-europe","15":"tag-fr","16":"tag-france","17":"tag-haute-loire","18":"tag-livres-bd","19":"tag-magazine-cuisine-et-vins","20":"tag-news","21":"tag-recettes","22":"tag-republique-francaise","23":"tag-saint-etienne","24":"tag-saint-etienne-ville"},"share_on_mastodon":{"url":"https:\/\/pubeurope.com\/@fr\/115696305752896641","error":""},"_links":{"self":[{"href":"https:\/\/www.europesays.com\/fr\/wp-json\/wp\/v2\/posts\/591082","targetHints":{"allow":["GET"]}}],"collection":[{"href":"https:\/\/www.europesays.com\/fr\/wp-json\/wp\/v2\/posts"}],"about":[{"href":"https:\/\/www.europesays.com\/fr\/wp-json\/wp\/v2\/types\/post"}],"author":[{"embeddable":true,"href":"https:\/\/www.europesays.com\/fr\/wp-json\/wp\/v2\/users\/2"}],"replies":[{"embeddable":true,"href":"https:\/\/www.europesays.com\/fr\/wp-json\/wp\/v2\/comments?post=591082"}],"version-history":[{"count":0,"href":"https:\/\/www.europesays.com\/fr\/wp-json\/wp\/v2\/posts\/591082\/revisions"}],"wp:featuredmedia":[{"embeddable":true,"href":"https:\/\/www.europesays.com\/fr\/wp-json\/wp\/v2\/media\/591083"}],"wp:attachment":[{"href":"https:\/\/www.europesays.com\/fr\/wp-json\/wp\/v2\/media?parent=591082"}],"wp:term":[{"taxonomy":"category","embeddable":true,"href":"https:\/\/www.europesays.com\/fr\/wp-json\/wp\/v2\/categories?post=591082"},{"taxonomy":"post_tag","embeddable":true,"href":"https:\/\/www.europesays.com\/fr\/wp-json\/wp\/v2\/tags?post=591082"}],"curies":[{"name":"wp","href":"https:\/\/api.w.org\/{rel}","templated":true}]}}