{"id":591094,"date":"2025-12-10T16:57:14","date_gmt":"2025-12-10T16:57:14","guid":{"rendered":"https:\/\/www.europesays.com\/fr\/591094\/"},"modified":"2025-12-10T16:57:14","modified_gmt":"2025-12-10T16:57:14","slug":"cette-friperie-de-bijoux-ou-tout-est-a-5-euros-sinstalle-pour-la-premiere-fois-a-rouen","status":"publish","type":"post","link":"https:\/\/www.europesays.com\/fr\/591094\/","title":{"rendered":"Cette friperie de bijoux o\u00f9 tout est \u00e0 5 euros s&rsquo;installe pour la premi\u00e8re fois \u00e0 Rouen"},"content":{"rendered":"<p>                    Par<br \/>\n        <strong><br \/>\n            <a href=\"https:\/\/actu.fr\/auteur\/jessie-leclerc\" title=\"Consulter tous les articles de Jessie Leclerc\" target=\"_blank\" rel=\"noopener\">Jessie Leclerc<\/a><br \/>\n                    <\/strong><\/p>\n<p>        Publi\u00e9 le<\/p>\n<p>            10 d\u00e9c. 2025 \u00e0 17h03        <\/p>\n<p>\u00c0 <strong>Rouen (Seine-Maritime)<\/strong>, Adjace, une <a href=\"https:\/\/actu.fr\/normandie\/le-havre_76351\/le-havre-pulls-de-noel-maillots-mugs-le-hac-a-ouvert-une-boutique-au-centre-coty_63457618.html\" target=\"_blank\" rel=\"noopener\">boutique \u00e9ph\u00e9m\u00e8re<\/a> o\u00f9 tous les bijoux sont \u00e0 5\u00a0euros s\u2019est install\u00e9e dans le centre-ville. Ouverte<strong> jusqu\u2019au 31\u00a0d\u00e9cembre<\/strong> 2025 inclus, elle attire d\u00e9j\u00e0 un large public. Ana\u00efs Couturier, sa fondatrice, revient sur l\u2019origine du concept.<\/p>\n<p>Une boutique qui s\u00e9duit \u00e0 Rouen<\/p>\n<p class=\" wall-content\">Depuis l\u2019ouverture, l\u2019affluence ne faiblit pas. \u00ab\u2009On a beaucoup de passages chaque jour, et pas mal de gens reviennent\u2009\u00bb, se r\u00e9jouit Ana\u00efs. Et les profils qui viennent sont vari\u00e9s, \u00ab\u2009des jeunes <a href=\"https:\/\/actu.fr\/normandie\/rouen_76540\/depuis-30-ans-dans-cette-ecole-de-rouen-des-etudiants-du-monde-entier-sont-accueillis-dans-des-familles_63245667.html\" target=\"_blank\" rel=\"noopener\">\u00e9tudiants<\/a>, mais principalement des <strong>trentenaires dans la vie active<\/strong>\u2009\u00bb, pr\u00e9cise Emilie, vendeuse sur toute la dur\u00e9e du pop-up et amie d\u2019Ana\u00efs.<\/p>\n<p>    <img   decoding=\"async\" loading=\"lazy\" src=\"https:\/\/www.europesays.com\/fr\/wp-content\/uploads\/2025\/12\/bijoux-5euros-boutique-rouen-960x640.jpg\" alt=\"L'enseigne est situ\u00e9e au 78 rue Jeanne-d'Arc, \u00e0 Rouen (Seine-Maritime).\" width=\"960\" height=\"640\"\/><br \/>\n    L\u2019enseigne est situ\u00e9e au 78 rue Jeanne-d\u2019Arc, \u00e0 Rouen (Seine-Maritime). (\u00a9JL\/76actu)<\/p>\n<p class=\" wall-content\">\u00ab\u2009Il y a m\u00eame des grands-m\u00e8res qui viennent et reviennent m\u00eame chaque semaine\u2009\u00bb, raconte-t-elle en souriant.<\/p>\n<p>Le parcours d\u2019une jeune normande<\/p>\n<p class=\" wall-content\">Originaire de Pont-Audemer, Ana\u00efs, 22\u00a0ans, a toujours connu la seconde main. \u00ab\u2009Je consomme <a href=\"https:\/\/actu.fr\/normandie\/rouen_76540\/a-rouen-ils-offrent-une-seconde-vie-aux-vieux-ordinateurs-le-reconditionne-ce-n-est-pas-ringard_62600097.html\" target=\"_blank\" rel=\"noopener\">seconde main<\/a> <strong>depuis toute petite<\/strong> gr\u00e2ce \u00e0 ma maman\u2009\u00bb, confie-t-elle. \u00c0 14\u00a0ans, elle revend d\u00e9j\u00e0 ses v\u00eatements sur Vinted.<\/p>\n<p class=\" wall-content\">Puis ce go\u00fbt pour l\u2019occasion se poursuit, lors de ses <strong>\u00e9tudes sup\u00e9rieures<\/strong> \u00e0 Paris. \u00ab\u2009M\u00eame la seconde main y est ch\u00e8re et il y a une grande pr\u00e9carit\u00e9 \u00e9tudiante\u2009\u00bb, d\u00e9plore-t-elle. C\u2019est l\u00e0 qu\u2019elle imagine un concept o\u00f9 tout serait \u00e0 5\u00a0euros. L\u00e0 na\u00eet Adjace, d\u2019abord autour des v\u00eatements.<\/p>\n<p>Vid\u00e9os : en ce moment sur ActuLes bijoux de seconde main, un concept in\u00e9dit<\/p>\n<p class=\" wall-content\">Le concept \u00e9volue lorsqu\u2019elle dispose <a href=\"https:\/\/actu.fr\/normandie\/rouen_76540\/un-jour-un-cadeau-a-rouen-les-bijoux-faits-main-d-ingrid-sont-des-pieces-uniques_62014641.html\" target=\"_blank\" rel=\"noopener\">des bijoux<\/a> d\u2019occasion sur le comptoir de sa caisse, lors d\u2019un pop-up de v\u00eatements \u00e0 Paris. <strong>Le succ\u00e8s est imm\u00e9diat<\/strong>. Ana\u00efs d\u00e9cide alors d\u2019en faire le c\u0153ur d\u2019Adjace.<\/p>\n<p class=\" wall-content\">Elle chine partout en France\u2009: vide-greniers,<strong> associations<\/strong>, plateformes en ligne\u2026 Et ce n\u2019est pas de tout repos. \u00ab\u2009Le travail de tri est \u00e9norme, ici \u00e0 Rouen on a plus de 10\u2009000\u00a0pi\u00e8ces \u00e0 organiser par couleurs et styles\u2009\u00bb, pr\u00e9cise-t-elle.<\/p>\n<p>Votre r\u00e9gion, votre actu !<\/p>\n<p>Recevez chaque jour les infos qui comptent pour vous.<\/p>\n<p>\t<a href=\"https:\/\/actu.fr\/newsletter\" class=\"ac-btn ac-btn--corner ac-btn--medium ac-btn--blue800\" target=\"_blank\" rel=\"noopener\">S&rsquo;incrire<\/a><\/p>\n<p class=\" wall-content\">Beaucoup de bijoux proviennent <strong>de particuliers<\/strong> qui transmettent aussi leurs histoires. \u00ab\u2009Les gens aiment raconter d\u2019o\u00f9 viennent leurs pi\u00e8ces avant de me les laisser\u2009\u00bb, se r\u00e9jouit la fondatrice.<\/p>\n<p>Rouen, un passage oblig\u00e9<\/p>\n<p class=\" wall-content\">Originaire de Normandie, Ana\u00efs souhaitait revenir dans la r\u00e9gion. \u00ab<strong>\u2009Ma famille me demandait de venir ici<\/strong> depuis longtemps.\u2009\u00bb Apr\u00e8s quelque pop-up lors d\u00e9j\u00e0 organis\u00e9 lors d\u2019\u00e9v\u00e9nements, \u00e0 Rouen, Ana\u00efs s\u2019installe dans sa propre boutique, pour une dur\u00e9e totale de deux mois.<\/p>\n<p>    <img   decoding=\"async\" loading=\"lazy\" src=\"https:\/\/www.europesays.com\/fr\/wp-content\/uploads\/2025\/12\/boutique-ephemere-bijoux-rouen-960x640.jpg\" alt=\"De nombreux rouennais en qu\u00eate de cadeaux de No\u00ebl profite de la boutique \u00e9ph\u00e9m\u00e8re.\" width=\"960\" height=\"640\"\/><br \/>\n    De nombreux Rouennais en qu\u00eate de cadeaux de No\u00ebl profite de la boutique \u00e9ph\u00e9m\u00e8re.<\/p>\n<p class=\" wall-content\">Le format s\u00e9duit, notamment pour les cadeaux <a href=\"https:\/\/actu.fr\/normandie\/rouen_76540\/il-y-a-plus-de-decorations-de-noel-a-rouen-cette-annee-rien-a-voir-avec-les-elections-municipales_63495409.html\" target=\"_blank\" rel=\"noopener\">de No\u00ebl<\/a>. \u00ab\u2009J\u2019ai entendu parler de la boutique par le bouche \u00e0 oreille et j\u2019ai <strong>trouv\u00e9 un cadeau<\/strong> pour mon copain\u2009\u00bb, raconte Morgane 22\u00a0ans. Avec elle, Emma, 20\u00a0ans, repart elle aussi avec \u00ab\u2009une bague pour [sa] m\u00e8re\u2009\u00bb.<\/p>\n<p>Une offre renouvel\u00e9e chaque jour<\/p>\n<p class=\" wall-content\">Adjace renouvelle ses stocks tous les jours et propose aussi la reprise des bijoux contre des bons d\u2019achat. Quelques <a href=\"https:\/\/actu.fr\/normandie\/rouen_76540\/bon-plan-a-rouen-une-nouvelle-friperie-avec-des-petits-prix-ouvre-dans-le-centre-ville_61290274.html\" target=\"_blank\" rel=\"noopener\">v\u00eatements chin\u00e9s<\/a> sp\u00e9cialement pour l\u2019occasion compl\u00e8tent la s\u00e9lection.<\/p>\n<p class=\" wall-content\">La boutique reste ouverte chaque jour, <strong>y compris le dimanche<\/strong>, de 11h \u00e0 19h, except\u00e9 les 24 et 25\u00a0d\u00e9cembre, jusqu\u2019au 31\u00a0d\u00e9cembre.<\/p>\n<p>Suivez l\u2019actualit\u00e9 de Rouen <a href=\"https:\/\/www.whatsapp.com\/channel\/0029VaKfnf99hXF2ddApFB1D\" target=\"_blank\" rel=\"noopener\">sur notre cha\u00eene WhatsApp<\/a> et <a href=\"https:\/\/www.tiktok.com\/@76actu.fr?lang=fr\" target=\"_blank\" rel=\"noopener\">sur notre compte TikTok<\/a><\/p>\n<p class=\" wall-content\">Personnalisez votre actualit\u00e9 en ajoutant vos villes et m\u00e9dias en favori avec <a href=\"https:\/\/moncompte.actu.fr\" title=\"D\u00e9couvez Mon Actu\" rel=\"nofollow noopener\" data-trk=\"{&quot;cta&quot;:{&quot;action&quot;:&quot;https:\\\/\\\/moncompte.actu.fr&quot;,&quot;category&quot;:&quot;mon compte&quot;,&quot;from&quot;:&quot;article footer&quot;,&quot;name&quot;:&quot;Mon actu&quot;,&quot;type&quot;:&quot;cta&quot;}}\" target=\"_blank\">Mon Actu<\/a>.<\/p>\n<p>                    <script async src=\"\/\/www.tiktok.com\/embed.js\"><\/script><\/p>\n","protected":false},"excerpt":{"rendered":"Par Jessie Leclerc Publi\u00e9 le 10 d\u00e9c. 2025 \u00e0 17h03 \u00c0 Rouen (Seine-Maritime), Adjace, une boutique \u00e9ph\u00e9m\u00e8re o\u00f9&hellip;\n","protected":false},"author":2,"featured_media":591095,"comment_status":"","ping_status":"","sticky":false,"template":"","format":"standard","meta":{"footnotes":""},"categories":[9587],"tags":[1111,11,9086,215,1777,674,1011,27,1652,12,5161,25,9590,7167],"class_list":{"0":"post-591094","1":"post","2":"type-post","3":"status-publish","4":"format-standard","5":"has-post-thumbnail","7":"category-rouen","8":"tag-actu","9":"tag-actualites","10":"tag-bon-plan-a-rouen","11":"tag-commerce","12":"tag-eu","13":"tag-europe","14":"tag-fr","15":"tag-france","16":"tag-loisirs-culture","17":"tag-news","18":"tag-normandie","19":"tag-republique-francaise","20":"tag-rouen","21":"tag-seconde-main"},"share_on_mastodon":{"url":"https:\/\/pubeurope.com\/@fr\/115696334049124870","error":""},"_links":{"self":[{"href":"https:\/\/www.europesays.com\/fr\/wp-json\/wp\/v2\/posts\/591094","targetHints":{"allow":["GET"]}}],"collection":[{"href":"https:\/\/www.europesays.com\/fr\/wp-json\/wp\/v2\/posts"}],"about":[{"href":"https:\/\/www.europesays.com\/fr\/wp-json\/wp\/v2\/types\/post"}],"author":[{"embeddable":true,"href":"https:\/\/www.europesays.com\/fr\/wp-json\/wp\/v2\/users\/2"}],"replies":[{"embeddable":true,"href":"https:\/\/www.europesays.com\/fr\/wp-json\/wp\/v2\/comments?post=591094"}],"version-history":[{"count":0,"href":"https:\/\/www.europesays.com\/fr\/wp-json\/wp\/v2\/posts\/591094\/revisions"}],"wp:featuredmedia":[{"embeddable":true,"href":"https:\/\/www.europesays.com\/fr\/wp-json\/wp\/v2\/media\/591095"}],"wp:attachment":[{"href":"https:\/\/www.europesays.com\/fr\/wp-json\/wp\/v2\/media?parent=591094"}],"wp:term":[{"taxonomy":"category","embeddable":true,"href":"https:\/\/www.europesays.com\/fr\/wp-json\/wp\/v2\/categories?post=591094"},{"taxonomy":"post_tag","embeddable":true,"href":"https:\/\/www.europesays.com\/fr\/wp-json\/wp\/v2\/tags?post=591094"}],"curies":[{"name":"wp","href":"https:\/\/api.w.org\/{rel}","templated":true}]}}