{"id":591100,"date":"2025-12-10T17:00:30","date_gmt":"2025-12-10T17:00:30","guid":{"rendered":"https:\/\/www.europesays.com\/fr\/591100\/"},"modified":"2025-12-10T17:00:30","modified_gmt":"2025-12-10T17:00:30","slug":"herve-gerbi-veut-unifier-le-bloc-central-en-vain","status":"publish","type":"post","link":"https:\/\/www.europesays.com\/fr\/591100\/","title":{"rendered":"Herv\u00e9 Gerbi veut unifier le \u00ab\u00a0bloc central\u00a0\u00bb\u2026 en vain"},"content":{"rendered":"<p>\u00ab\u00a0Une rue nous s\u00e9pare\u00a0\u00bb, r\u00e9sume l\u2019a\u00advo\u00adcat gre\u00adno\u00adblois Herv\u00e9 Gerbi, <a href=\"https:\/\/www.placegrenet.fr\/2025\/05\/20\/convaincre-plutot-que-vaincre-herve-gerbi-candidat-aux-municipales-de-grenoble-contre-le-chaos-urbain\/652761\" target=\"_blank\" rel=\"noopener\">can\u00addi\u00addat d\u00e9clar\u00e9<\/a> aux muni\u00adci\u00adpales de Grenoble investi par <a href=\"https:\/\/horizonsleparti.fr\/\" target=\"_blank\" rel=\"noopener\">Horizons<\/a>, dont le local de cam\u00adpagne flam\u00adbant neuf se trouve au 27 rue de la Poste. Il suf\u00adfit en effet de mar\u00adcher quelques secondes en pre\u00adnant la rue Millet pour tom\u00adber, au 16 de la rue de Sault, sur le local de cam\u00adpagne lui aussi flam\u00adbant neuf de Pierre-\u00c9douard Cardinal, <a href=\"https:\/\/www.placegrenet.fr\/2025\/11\/16\/grenoble-2026-candidature-surprise-de-centre-droit-avec-pierre-edouard-cardinal-directeur-general-de-minatec\/664609\" target=\"_blank\" rel=\"noopener\">can\u00addi\u00addat d\u00e9clar\u00e9<\/a> aux muni\u00adci\u00adpales, sou\u00adtenu par le <a href=\"https:\/\/www.mouvementdemocrate.fr\/\" target=\"_blank\" rel=\"noopener\">Modem<\/a> et <a href=\"https:\/\/parti-renaissance.fr\/\" target=\"_blank\" rel=\"noopener\">Renaissance<\/a>. Un sym\u00adbole lourd de\u00a0sens\u00a0?<\/p>\n<p><a href=\"https:\/\/www.europesays.com\/fr\/wp-content\/uploads\/2025\/12\/local-de-campagne-herve-gerbi-grenoble-fm-scaled.jpg\" target=\"_blank\" rel=\"noopener\"><img fetchpriority=\"high\" decoding=\"async\" aria-describedby=\"caption-attachment-666649\" class=\"wp-image-666649 size-full\" src=\"data:image\/svg+xml,%3Csvg%20xmlns=\" http:=\"\" alt=\"Local de campagne d'Herv\u00e9 Gerbi, rue de la Poste \u00e0 Grenoble. \u00a9 Florent Mathieu - Place Gre'net\" width=\"2048\" height=\"1532\" data-lazy- data-lazy- data-lazy-src=\"https:\/\/www.europesays.com\/fr\/wp-content\/uploads\/2025\/12\/local-de-campagne-herve-gerbi-grenoble-fm-scaled.jpg\"\/><\/a><\/p>\n<p id=\"caption-attachment-666649\" class=\"wp-caption-text\">Local de cam\u00adpagne d\u2019Herv\u00e9 Gerbi, rue de la Poste \u00e0 Grenoble. \u00a9 Florent Mathieu \u2013 Place Gre\u2019net<\/p>\n<p>Herv\u00e9 Gerbi a donc pris le parti d\u2019ap\u00adpe\u00adler \u00e0 un ras\u00adsem\u00adble\u00adment du \u00ab\u00a0bloc cen\u00adtral\u00a0\u00bb, lundi 8 d\u00e9cembre 2025. Ce alors que l\u2019an\u00adcien d\u00e9put\u00e9 LREM Jean-Charles Colas-Roy fai\u00adsait par\u00adtie du col\u00adlec\u00adtif Retrouver Grenoble de Pierre-\u00c9douard Cardinal avant <a href=\"https:\/\/www.placegrenet.fr\/2025\/10\/06\/municipales-lex-depute-jean-charles-colas-roy-rejoint-lequipe-dherve-gerbi-pour-batir-une-alternative-credible-a-grenoble\/661376\" target=\"_blank\" rel=\"noopener\">de le sou\u00adte\u00adnir lui-m\u00eame<\/a>, et que le col\u00adlec\u00adtif s\u2019\u00e9\u00adtait <a href=\"https:\/\/www.placegrenet.fr\/2025\/06\/09\/municipales-de-2026-les-collectifs-demain-grenoble-et-retrouver-grenoble-sunissent-pour-creer-une-troisieme-voie\/653651\" target=\"_blank\" rel=\"noopener\">alli\u00e9 un temps<\/a> avec celui d\u2019Hakima Necib\u2026 aujourd\u2019\u00adhui direc\u00adtrice de cam\u00adpagne de Herv\u00e9\u00a0Gerbi.<\/p>\n<p>Pour l\u2019a\u00advo\u00adcat, il est grand temps de \u00ab\u00a0mettre de l\u2019ordre dans le bloc cen\u00adtral\u00a0\u00bb. Et ceci d\u2019au\u00adtant plus qu\u2019\u00e0 ses yeux, les chances pour ce m\u00eame bloc de rem\u00adpor\u00adter la mai\u00adrie de Grenoble sont bien r\u00e9elles.<\/p>\n<p>\u00ab\u00a0Cette vic\u00adtoire est pos\u00adsible, avec l\u2019ex\u00adtr\u00eame gauche, en rup\u00adture par EELV, qui pour\u00adrait se main\u00adte\u00adnir au second tour, et une droite plom\u00adb\u00e9e par son extr\u00eame droite et qui d\u00e9cline de scru\u00adtins en scru\u00adtins\u00a0\u00bb, ana\u00adlyse le can\u00addi\u00addat. Avant d\u2019en\u00adfon\u00adcer le clou\u00a0: \u00ab\u00a0On a tous les voyants pour dire que cette cam\u00adpagne peut se gagner, \u00e7a change la donne\u00a0!\u00a0\u00bb<\/p>\n","protected":false},"excerpt":{"rendered":"\u00ab\u00a0Une rue nous s\u00e9pare\u00a0\u00bb, r\u00e9sume l\u2019a\u00advo\u00adcat gre\u00adno\u00adblois Herv\u00e9 Gerbi, can\u00addi\u00addat d\u00e9clar\u00e9 aux muni\u00adci\u00adpales de Grenoble investi par Horizons,&hellip;\n","protected":false},"author":2,"featured_media":591101,"comment_status":"","ping_status":"","sticky":false,"template":"","format":"standard","meta":{"footnotes":""},"categories":[9566],"tags":[1111,11,2430,1777,674,1011,27,2731,12,25],"class_list":{"0":"post-591100","1":"post","2":"type-post","3":"status-publish","4":"format-standard","5":"has-post-thumbnail","7":"category-grenoble","8":"tag-actu","9":"tag-actualites","10":"tag-auvergne-rhone-alpes","11":"tag-eu","12":"tag-europe","13":"tag-fr","14":"tag-france","15":"tag-grenoble","16":"tag-news","17":"tag-republique-francaise"},"share_on_mastodon":{"url":"https:\/\/pubeurope.com\/@fr\/115696344940990219","error":""},"_links":{"self":[{"href":"https:\/\/www.europesays.com\/fr\/wp-json\/wp\/v2\/posts\/591100","targetHints":{"allow":["GET"]}}],"collection":[{"href":"https:\/\/www.europesays.com\/fr\/wp-json\/wp\/v2\/posts"}],"about":[{"href":"https:\/\/www.europesays.com\/fr\/wp-json\/wp\/v2\/types\/post"}],"author":[{"embeddable":true,"href":"https:\/\/www.europesays.com\/fr\/wp-json\/wp\/v2\/users\/2"}],"replies":[{"embeddable":true,"href":"https:\/\/www.europesays.com\/fr\/wp-json\/wp\/v2\/comments?post=591100"}],"version-history":[{"count":0,"href":"https:\/\/www.europesays.com\/fr\/wp-json\/wp\/v2\/posts\/591100\/revisions"}],"wp:featuredmedia":[{"embeddable":true,"href":"https:\/\/www.europesays.com\/fr\/wp-json\/wp\/v2\/media\/591101"}],"wp:attachment":[{"href":"https:\/\/www.europesays.com\/fr\/wp-json\/wp\/v2\/media?parent=591100"}],"wp:term":[{"taxonomy":"category","embeddable":true,"href":"https:\/\/www.europesays.com\/fr\/wp-json\/wp\/v2\/categories?post=591100"},{"taxonomy":"post_tag","embeddable":true,"href":"https:\/\/www.europesays.com\/fr\/wp-json\/wp\/v2\/tags?post=591100"}],"curies":[{"name":"wp","href":"https:\/\/api.w.org\/{rel}","templated":true}]}}