{"id":591104,"date":"2025-12-10T17:03:16","date_gmt":"2025-12-10T17:03:16","guid":{"rendered":"https:\/\/www.europesays.com\/fr\/591104\/"},"modified":"2025-12-10T17:03:16","modified_gmt":"2025-12-10T17:03:16","slug":"derriere-lhotel-dieu-de-rennes-119-appartements-augmentes-vont-sortir-de-terre","status":"publish","type":"post","link":"https:\/\/www.europesays.com\/fr\/591104\/","title":{"rendered":"Derri\u00e8re l\u2019H\u00f4tel-Dieu de Rennes, 119 \u00ab\u00a0appartements augment\u00e9s\u00a0\u00bb vont sortir de terre"},"content":{"rendered":"<tr wp_automatic_readability=\"6.8695652173913\">\n<td valign=\"middle\" align=\"center\" class=\"col-logo\" wp_automatic_readability=\"5\">\n    <img decoding=\"async\" src=\"https:\/\/maville.com\/design\/images\/logo-of-monetise.svg?version=20130627\" alt=\"logo Ouest-France\" height=\"66\"\/><\/p>\n<p>Contenu r\u00e9serv\u00e9 aux abonn\u00e9s<\/p>\n<\/td>\n<td class=\"col-titre\">\n\t\t\tMercredi 10 d\u00e9cembre 2025 16:35<br \/>\n\t\t\t<a class=\"icon-bulle sizeL count\" href=\"#ancreAvis\"><br \/>\n\t&#8230;<br \/>\n<\/a><\/td>\n<\/tr>\n<p>\t\t<a class=\"mavillebox2 elmt-photo\" href=\"https:\/\/maville.com\/photosmvi\/2025\/12\/10\/P35631799D7103091G.jpg\" title=\" Les travaux de r\u00e9habilitation de l&#039;H\u00f4tel-Dieu, \u00e0 Rennes, se poursuivent. Les appartements Neoz se trouveront derri\u00e8re la chapelle, le long de la rue Saint-Martin.  \u00a9  Ouest-France  \" rel=\"galerie_actu noopener\" target=\"_blank\"><br \/>\n\t<img decoding=\"async\" src=\"https:\/\/www.europesays.com\/fr\/wp-content\/uploads\/2025\/12\/P35631799D7103091G_crop_640-330_.jpg\" alt=\"photo  les travaux de r\u00e9habilitation de l'h\u00f4tel-dieu, \u00e0 rennes, se poursuivent. les appartements neoz se trouveront derri\u00e8re la chapelle, le long de la rue saint-martin.  \u00a9  ouest-france \"\/><br \/>\n\t3<br \/>\n<\/a><\/p>\n<p class=\"elmt-legende\"> Les travaux de r\u00e9habilitation de l&rsquo;H\u00f4tel-Dieu, \u00e0 Rennes, se poursuivent. Les appartements Neoz se trouveront derri\u00e8re la chapelle, le long de la rue Saint-Martin.  \u00a9  Ouest-France  <\/p>\n<p><a class=\"mavillebox2\" href=\"https:\/\/maville.com\/photosmvi\/2025\/12\/10\/P35631800D7103091G.jpg\" title=\"A Rennes, c&#039;est \u00e0 cela que ressemblera le projet de 119 appartements Neoz dont la livraison est annonc\u00e9e pour 2028, apr\u00e8s deux ans de travaux. \u00a9  ANMA \" rel=\"galerie_actu noopener\" target=\"_blank\"><a class=\"mavillebox2\" href=\"https:\/\/maville.com\/photosmvi\/2025\/12\/10\/P35631801D7103091G.jpg\" title=\"Pour l&#039;instant, il faut faire preuve d&#039;un peu d&#039;imagination pour visualiser les futurs b\u00e2timents qui sortiront de terre sur ce parking qui longe la rue Saint-Martin, \u00e0 Rennes. \u00a9  Ouest-France \" rel=\"galerie_actu noopener\" target=\"_blank\"><\/p>\n<p>\t\tC\u2019est un concept in\u00e9dit dans la r\u00e9gion\u00a0: des appartements augment\u00e9s, appel\u00e9s Neoz. Le constructeur Linkcity et le bailleur in\u2019li annoncent la construction de 119\u00a0appartements au sein du projet de r\u00e9habilitation de l\u2019H\u00f4tel-Dieu, \u00e0 Rennes (Ille-et-Vilaine). Lou\u00e9s meubl\u00e9s \u00e0 des prix ma\u00eetris\u00e9s, ces logements comprendront diff\u00e9rentes prestations comme l\u2019acc\u00e8s \u00e0 un espace de coworking ou \u00e0 une salle de sport.<\/p>\n<p><b>Cet article est r\u00e9serv\u00e9 aux abonn\u00e9s<\/b><\/p>\n<p>Pour un acc\u00e8s imm\u00e9diat, abonnez-vous<\/p>\n<p><b>1\u00e8re semaine offerte<\/b><\/p>\n<p>\t\t Juliette LECLERCQ. \u00a0\u00a0<br \/>\n\t\tOuest-France<\/p>\n<p>Retrouvez d&rsquo;autres actus sur la commune de :<\/p>\n<p>\t\t&#13;<\/p>\n","protected":false},"excerpt":{"rendered":"Contenu r\u00e9serv\u00e9 aux abonn\u00e9s Mercredi 10 d\u00e9cembre 2025 16:35 &#8230; 3 Les travaux de r\u00e9habilitation de l&rsquo;H\u00f4tel-Dieu, \u00e0&hellip;\n","protected":false},"author":2,"featured_media":591105,"comment_status":"","ping_status":"","sticky":false,"template":"","format":"standard","meta":{"footnotes":""},"categories":[2821],"tags":[42294,1111,11,40999,70427,829,1777,674,1011,27,41890,12,3086,584,25,4251,4505],"class_list":{"0":"post-591104","1":"post","2":"type-post","3":"status-publish","4":"format-standard","5":"has-post-thumbnail","7":"category-rennes","8":"tag-42294","9":"tag-actu","10":"tag-actualites","11":"tag-appartements","12":"tag-augmentes","13":"tag-bretagne","14":"tag-eu","15":"tag-europe","16":"tag-fr","17":"tag-france","18":"tag-hotel-dieu","19":"tag-news","20":"tag-redon","21":"tag-rennes","22":"tag-republique-francaise","23":"tag-sortir","24":"tag-terre"},"share_on_mastodon":{"url":"https:\/\/pubeurope.com\/@fr\/115696358439965715","error":""},"_links":{"self":[{"href":"https:\/\/www.europesays.com\/fr\/wp-json\/wp\/v2\/posts\/591104","targetHints":{"allow":["GET"]}}],"collection":[{"href":"https:\/\/www.europesays.com\/fr\/wp-json\/wp\/v2\/posts"}],"about":[{"href":"https:\/\/www.europesays.com\/fr\/wp-json\/wp\/v2\/types\/post"}],"author":[{"embeddable":true,"href":"https:\/\/www.europesays.com\/fr\/wp-json\/wp\/v2\/users\/2"}],"replies":[{"embeddable":true,"href":"https:\/\/www.europesays.com\/fr\/wp-json\/wp\/v2\/comments?post=591104"}],"version-history":[{"count":0,"href":"https:\/\/www.europesays.com\/fr\/wp-json\/wp\/v2\/posts\/591104\/revisions"}],"wp:featuredmedia":[{"embeddable":true,"href":"https:\/\/www.europesays.com\/fr\/wp-json\/wp\/v2\/media\/591105"}],"wp:attachment":[{"href":"https:\/\/www.europesays.com\/fr\/wp-json\/wp\/v2\/media?parent=591104"}],"wp:term":[{"taxonomy":"category","embeddable":true,"href":"https:\/\/www.europesays.com\/fr\/wp-json\/wp\/v2\/categories?post=591104"},{"taxonomy":"post_tag","embeddable":true,"href":"https:\/\/www.europesays.com\/fr\/wp-json\/wp\/v2\/tags?post=591104"}],"curies":[{"name":"wp","href":"https:\/\/api.w.org\/{rel}","templated":true}]}}