{"id":591106,"date":"2025-12-10T17:04:11","date_gmt":"2025-12-10T17:04:11","guid":{"rendered":"https:\/\/www.europesays.com\/fr\/591106\/"},"modified":"2025-12-10T17:04:11","modified_gmt":"2025-12-10T17:04:11","slug":"des-habitants-de-koenigshoffen-interpellent-les-candidats","status":"publish","type":"post","link":"https:\/\/www.europesays.com\/fr\/591106\/","title":{"rendered":"des habitants de Koenigshoffen interpellent les candidats"},"content":{"rendered":"<p>\u00ab\u00a0Au moins, c\u2019\u00e9tait pas la foire d\u2019empoigne\u00a0\u00bb, souffle Jacques Schumpp, le pr\u00e9sident de l\u2019association <a href=\"https:\/\/www.dna.fr\/culture-loisirs\/2025\/01\/21\/l-association-jsk-cloture-en-beaute-une-annee-anniversaire\" target=\"_blank\" rel=\"noopener\">Joie et sant\u00e9 Koenigshoffen<\/a> (JSK) quand \u00e0 20\u00a0h\u00a020, apr\u00e8s plus d\u2019une heure d\u2019\u00e9coute des habitants du quartier de Koenigshoffen, chaque candidat aux municipales, ou son repr\u00e9sentant, est invit\u00e9 \u00e0 prendre la parole. Trois minutes, pas plus, pour esquisser une r\u00e9ponse aux probl\u00e8mes remont\u00e9s des \u00e9changes. \u00ab\u00a0L\u2019\u00e9coute est essentielle si nous souhaitons vous repr\u00e9senter demain\u00a0\u00bb, d\u00e9marre Linda Ibiem, conseill\u00e8re r\u00e9gionale socialiste qui repr\u00e9sente sa plateforme citoyenne Convergence Alsace. La candidate propose le d\u00e9veloppement \u00ab\u00a0de classes&#8230;<\/p>\n","protected":false},"excerpt":{"rendered":"\u00ab\u00a0Au moins, c\u2019\u00e9tait pas la foire d\u2019empoigne\u00a0\u00bb, souffle Jacques Schumpp, le pr\u00e9sident de l\u2019association Joie et sant\u00e9 Koenigshoffen&hellip;\n","protected":false},"author":2,"featured_media":591107,"comment_status":"","ping_status":"","sticky":false,"template":"","format":"standard","meta":{"footnotes":""},"categories":[2820],"tags":[1111,11,2880,5949,4188,341,1777,674,107,1011,27,775,3540,2338,3539,6319,12,3541,316,1078,25,640,2879],"class_list":{"0":"post-591106","1":"post","2":"type-post","3":"status-publish","4":"format-standard","5":"has-post-thumbnail","7":"category-strasbourg","8":"tag-actu","9":"tag-actualites","10":"tag-edition-strasbourg","11":"tag-elections","12":"tag-elections-municipales","13":"tag-emploi","14":"tag-eu","15":"tag-europe","16":"tag-fil-info","17":"tag-fr","18":"tag-france","19":"tag-grand-est","20":"tag-horizons","21":"tag-la-france-insoumise","22":"tag-les-ecologistes","23":"tag-les-republicains","24":"tag-news","25":"tag-parti-socialiste","26":"tag-politique","27":"tag-rassemblement-national","28":"tag-republique-francaise","29":"tag-strasbourg","30":"tag-strasbourg-ville"},"share_on_mastodon":{"url":"https:\/\/pubeurope.com\/@fr\/115696360798460737","error":""},"_links":{"self":[{"href":"https:\/\/www.europesays.com\/fr\/wp-json\/wp\/v2\/posts\/591106","targetHints":{"allow":["GET"]}}],"collection":[{"href":"https:\/\/www.europesays.com\/fr\/wp-json\/wp\/v2\/posts"}],"about":[{"href":"https:\/\/www.europesays.com\/fr\/wp-json\/wp\/v2\/types\/post"}],"author":[{"embeddable":true,"href":"https:\/\/www.europesays.com\/fr\/wp-json\/wp\/v2\/users\/2"}],"replies":[{"embeddable":true,"href":"https:\/\/www.europesays.com\/fr\/wp-json\/wp\/v2\/comments?post=591106"}],"version-history":[{"count":0,"href":"https:\/\/www.europesays.com\/fr\/wp-json\/wp\/v2\/posts\/591106\/revisions"}],"wp:featuredmedia":[{"embeddable":true,"href":"https:\/\/www.europesays.com\/fr\/wp-json\/wp\/v2\/media\/591107"}],"wp:attachment":[{"href":"https:\/\/www.europesays.com\/fr\/wp-json\/wp\/v2\/media?parent=591106"}],"wp:term":[{"taxonomy":"category","embeddable":true,"href":"https:\/\/www.europesays.com\/fr\/wp-json\/wp\/v2\/categories?post=591106"},{"taxonomy":"post_tag","embeddable":true,"href":"https:\/\/www.europesays.com\/fr\/wp-json\/wp\/v2\/tags?post=591106"}],"curies":[{"name":"wp","href":"https:\/\/api.w.org\/{rel}","templated":true}]}}