{"id":591108,"date":"2025-12-10T17:05:21","date_gmt":"2025-12-10T17:05:21","guid":{"rendered":"https:\/\/www.europesays.com\/fr\/591108\/"},"modified":"2025-12-10T17:05:21","modified_gmt":"2025-12-10T17:05:21","slug":"strasbourg-des-eleves-de-deux-lycees-haut-rhinois-dans-les-pas-de-simone-veil","status":"publish","type":"post","link":"https:\/\/www.europesays.com\/fr\/591108\/","title":{"rendered":"Strasbourg. Des \u00e9l\u00e8ves de deux lyc\u00e9es haut-rhinois dans les pas de Simone Veil"},"content":{"rendered":"<p>\u00ab Il suffit d\u2019\u00e9couter les femmes. \u00bb Projet\u00e9s sur l\u2019\u00e9cran de l\u2019amphith\u00e9\u00e2tre du si\u00e8ge de la r\u00e9gion grand Est \u00e0 Strasbourg, les mots prononc\u00e9s en 1974 par Simone Veil devant l\u2019Assembl\u00e9e nationale o\u00f9 elle \u00e9tait venue d\u00e9fendre sa loi sur la l\u00e9galisation de l\u2019avortement portent plus que jamais.<br \/>Ils ont en tout cas pris tout leur sens pour la centaine de lyc\u00e9ens venus participer au lancement du parcours \u00e9ducatif \u201cSimone Veil : la travers\u00e9e du si\u00e8cle\u201d. Ils ont entendu la parole de celles qui, parfois au m\u00eame \u00e2ge, ont d\u00fb vivre un avortement clandestin.<\/p>\n<p>  Premi\u00e8re femme pr\u00e9sidente du Parlement europ\u00e9en<\/p>\n<p>Ce parcours \u00e9ducatif officiellement lanc\u00e9 ce mardi, 51 ans d\u00e9sormais apr\u00e8s l\u2019adoption de la loi qui porte le nom de l\u2019ancienne ministre, permettra aux \u00e9l\u00e8ves de quatre \u00e9tablissements de la grande r\u00e9gion s\u00e9lectionn\u00e9s sur la qualit\u00e9 de leurs projets &#8211; les lyc\u00e9es Alfred-Kastler de Guebwiller et du Rebberg de Mulhouse, le lyc\u00e9e agricole de Ch\u00e2teau-Salins (57) et le lyc\u00e9e Fr\u00e9d\u00e9ric-Ozanam de Ch\u00e2lons-en-Champagne (51) &#8211; de d\u00e9couvrir la vie de Simone Veil, ses engagements et ses combats. Notamment ceux, majeurs, d\u00e9terminants, pour l\u2019\u00e9mancipation des femmes et la construction europ\u00e9enne, elle qui fut, en juillet 1979, la premi\u00e8re femme pr\u00e9sidente du Parlement europ\u00e9en.<\/p>\n<p>Maintenant que les bases sont pos\u00e9es, le travail va prendre de l\u2019\u00e9paisseur pour les lyc\u00e9ens d\u2019Alfred-Kastler qui r\u00e9fl\u00e9chissent \u00e0 la place des femmes dans l\u2019histoire et \u00e0 la promotion de l\u2019\u00e9galit\u00e9 filles-gar\u00e7ons et pour leurs camarades mulhousiens de terminale bac pro M\u00e9tiers de la mode qui m\u00e8nent \u00ab un projet alliant savoir-faire technique et engagement citoyen \u00bb.<br \/>La restitution des projets aura lieu \u00e0 Metz au printemps prochain.<\/p>\n","protected":false},"excerpt":{"rendered":"\u00ab Il suffit d\u2019\u00e9couter les femmes. \u00bb Projet\u00e9s sur l\u2019\u00e9cran de l\u2019amphith\u00e9\u00e2tre du si\u00e8ge de la r\u00e9gion grand&hellip;\n","protected":false},"author":2,"featured_media":591109,"comment_status":"","ping_status":"","sticky":false,"template":"","format":"standard","meta":{"footnotes":""},"categories":[2820],"tags":[1111,11,2389,1057,1777,674,6757,107,1011,27,2798,775,55294,1634,12,25,640],"class_list":{"0":"post-591108","1":"post","2":"type-post","3":"status-publish","4":"format-standard","5":"has-post-thumbnail","7":"category-strasbourg","8":"tag-actu","9":"tag-actualites","10":"tag-alsace","11":"tag-education","12":"tag-eu","13":"tag-europe","14":"tag-feminisme","15":"tag-fil-info","16":"tag-fr","17":"tag-france","18":"tag-galerie-photo","19":"tag-grand-est","20":"tag-guebwiller","21":"tag-mulhouse","22":"tag-news","23":"tag-republique-francaise","24":"tag-strasbourg"},"share_on_mastodon":{"url":"https:\/\/pubeurope.com\/@fr\/115696364808823920","error":""},"_links":{"self":[{"href":"https:\/\/www.europesays.com\/fr\/wp-json\/wp\/v2\/posts\/591108","targetHints":{"allow":["GET"]}}],"collection":[{"href":"https:\/\/www.europesays.com\/fr\/wp-json\/wp\/v2\/posts"}],"about":[{"href":"https:\/\/www.europesays.com\/fr\/wp-json\/wp\/v2\/types\/post"}],"author":[{"embeddable":true,"href":"https:\/\/www.europesays.com\/fr\/wp-json\/wp\/v2\/users\/2"}],"replies":[{"embeddable":true,"href":"https:\/\/www.europesays.com\/fr\/wp-json\/wp\/v2\/comments?post=591108"}],"version-history":[{"count":0,"href":"https:\/\/www.europesays.com\/fr\/wp-json\/wp\/v2\/posts\/591108\/revisions"}],"wp:featuredmedia":[{"embeddable":true,"href":"https:\/\/www.europesays.com\/fr\/wp-json\/wp\/v2\/media\/591109"}],"wp:attachment":[{"href":"https:\/\/www.europesays.com\/fr\/wp-json\/wp\/v2\/media?parent=591108"}],"wp:term":[{"taxonomy":"category","embeddable":true,"href":"https:\/\/www.europesays.com\/fr\/wp-json\/wp\/v2\/categories?post=591108"},{"taxonomy":"post_tag","embeddable":true,"href":"https:\/\/www.europesays.com\/fr\/wp-json\/wp\/v2\/tags?post=591108"}],"curies":[{"name":"wp","href":"https:\/\/api.w.org\/{rel}","templated":true}]}}