{"id":591110,"date":"2025-12-10T17:06:17","date_gmt":"2025-12-10T17:06:17","guid":{"rendered":"https:\/\/www.europesays.com\/fr\/591110\/"},"modified":"2025-12-10T17:06:17","modified_gmt":"2025-12-10T17:06:17","slug":"face-a-henri-lacroix-dylan-rocher-remporte-le-tir-de-precision-du-trophee-des-villes-a-nice","status":"publish","type":"post","link":"https:\/\/www.europesays.com\/fr\/591110\/","title":{"rendered":"face \u00e0 Henri Lacroix, Dylan Rocher remporte le tir de pr\u00e9cision du Troph\u00e9e des Villes \u00e0 Nice"},"content":{"rendered":"<p>Les ann\u00e9es se suivent <a href=\"https:\/\/www.laprovence.com\/article\/sports\/2063054017913915\/mondiaux-de-petanque-la-mauvaise-surprise-rocher-elimine-du-tir-de-precision\" target=\"_blank\" rel=\"noopener\">et ne se ressemblent pas<\/a>. Le week-end dernier, \u00e0 Nice, lors de l&rsquo;\u00e9preuve de tir de pr\u00e9cision du Troph\u00e9e des Villes, Dylan Rocher a remport\u00e9 le titre malgr\u00e9 une forte concurrence. Il y a presque un an jour pour jour, \u00e0 Dijon, \u00e0 l&rsquo;occasion des championnats du monde, <a href=\"https:\/\/www.laprovence.com\/article\/sports\/2041767086017315\/petanque-dylan-rocher-en-difficulte-pour-son-entree-au-tir-des-championnats-du-monde\" target=\"_blank\" rel=\"noopener\">l&rsquo;international tricolore \u00e9tait pass\u00e9 au travers<\/a>, \u00e9chouant de se qualifier pour le tour de barrage. Un couac, alors qu&rsquo;il ambitionnait le doubl\u00e9 avec les Bleus.<\/p>\n<p>La suite, on la conna\u00eet\u00a0: bredouille sur le tir, l&rsquo;\u00e9quipe de France s&rsquo;inclinait ensuite en demi-finale sur l&rsquo;\u00e9preuve en triplettes, et terminait ces championnats du monde \u00e0 domicile avec une seule m\u00e9daille de bronze, un r\u00e9sultat bien <a href=\"https:\/\/www.laprovence.com\/article\/sports\/6425960285974114\/mondial-la-marseillaise-pas-de-7e-etoile-pour-dubois-riviera-et-rocher-sortis-le-point-a-la-mi-journee\" target=\"_blank\" rel=\"noopener\">en de\u00e7\u00e0 de ses esp\u00e9rances<\/a>.<\/p>\n<p>Sur la C\u00f4te d&rsquo;Azur, \u00ab\u00a0Dydy\u00a0\u00bb a refait parler la foudre pour sa derni\u00e8re comp\u00e9tition de l&rsquo;ann\u00e9e avant d&rsquo;observer plusieurs semaines de repos. \u00ab\u00a0Le plus dur avait \u00e9t\u00e9 fait le jeudi soir en me qualifiant parmi les huit\u00a0\u00bb, confiait-il. Il est vrai que plusieurs sp\u00e9cialistes de la discipline n&rsquo;ont pas eu cette r\u00e9ussite.<\/p>\n<p>\u00c0 commencer par l&rsquo;Istr\u00e9en Micka\u00ebl Bonetto, engag\u00e9 sous les couleurs de Nice, le champion d&rsquo;Europe du tir de pr\u00e9cision et tenant du titre sur le Troph\u00e9e des Villes, n&rsquo;a pas franchi le cap du premier tour avec un total de 28 points. M\u00eame chose pour Maison Durk (Canoh\u00e8s), qui a vu son parcours prendre fin malgr\u00e9 un score tr\u00e8s honorable (40 points).<\/p>\n<p>En finale face \u00e0 Henri Lacroix<\/p>\n<p>En revanche, le jeune Sacha Jacquet (15\u00a0ans), menait le bal des qualifications (48 points) devant Kevin Lellouche (47), Dylan Rocher (44), Jason Chareyre (Grenoble, 44), Fr\u00e9d\u00e9ric Laurent (Revin, 44), Henri Lacroix (43), Hajatiana Ratsimbazafy (43) et \u00c9ric Dasnias (42). Apr\u00e8s des quarts et des demi-finales bien n\u00e9goci\u00e9s, la finale, opposant deux monuments de la p\u00e9tanque internationale, Dylan Rocher et Henri Lacroix, a ensuite tenu toutes ses promesses.<\/p>\n<p>Les deux hommes \u00e9taient \u00e0 \u00e9galit\u00e9 en sortant du premier atelier (9-9), mais Henri Lacroix prenait un l\u00e9ger avantage gr\u00e2ce \u00e0 un carreau sur le tir \u00e0 la saut\u00e9e. Mais en tirant trois fois le but sur le dernier atelier, Dylan Rocher remportait la finale et le titre, apr\u00e8s ceux de 2012 et 2014. \u00ab\u00a0J&rsquo;ai \u00e9t\u00e9 bon sur les tirs importants, analysait-il. Henri, c&rsquo;est pour moi le meilleur joueur du monde. On a tellement partag\u00e9 de choses ensemble, que c&rsquo;est toujours particulier de jouer contre lui. Et ce n&rsquo;est jamais gagn\u00e9 d&rsquo;avance.\u00a0\u00bb Un titre qui permet \u00e0 Dylan Rocher de finir sa saison sur une bonne note.<\/p>\n","protected":false},"excerpt":{"rendered":"Les ann\u00e9es se suivent et ne se ressemblent pas. Le week-end dernier, \u00e0 Nice, lors de l&rsquo;\u00e9preuve de&hellip;\n","protected":false},"author":2,"featured_media":591111,"comment_status":"","ping_status":"","sticky":false,"template":"","format":"standard","meta":{"footnotes":""},"categories":[2819],"tags":[17,1111,11,53153,1777,674,2823,1011,27,6553,30410,12,2401,6426,882,6798,25,34491,60],"class_list":{"0":"post-591110","1":"post","2":"type-post","3":"status-publish","4":"format-standard","5":"has-post-thumbnail","7":"category-nice","8":"tag-17","9":"tag-actu","10":"tag-actualites","11":"tag-dylan","12":"tag-eu","13":"tag-europe","14":"tag-face","15":"tag-fr","16":"tag-france","17":"tag-henri","18":"tag-lacroix","19":"tag-news","20":"tag-nice","21":"tag-petanque","22":"tag-provence-alpes-cote-dazur","23":"tag-remporte","24":"tag-republique-francaise","25":"tag-rocher","26":"tag-sports"},"share_on_mastodon":{"url":"https:\/\/pubeurope.com\/@fr\/115696368749824743","error":""},"_links":{"self":[{"href":"https:\/\/www.europesays.com\/fr\/wp-json\/wp\/v2\/posts\/591110","targetHints":{"allow":["GET"]}}],"collection":[{"href":"https:\/\/www.europesays.com\/fr\/wp-json\/wp\/v2\/posts"}],"about":[{"href":"https:\/\/www.europesays.com\/fr\/wp-json\/wp\/v2\/types\/post"}],"author":[{"embeddable":true,"href":"https:\/\/www.europesays.com\/fr\/wp-json\/wp\/v2\/users\/2"}],"replies":[{"embeddable":true,"href":"https:\/\/www.europesays.com\/fr\/wp-json\/wp\/v2\/comments?post=591110"}],"version-history":[{"count":0,"href":"https:\/\/www.europesays.com\/fr\/wp-json\/wp\/v2\/posts\/591110\/revisions"}],"wp:featuredmedia":[{"embeddable":true,"href":"https:\/\/www.europesays.com\/fr\/wp-json\/wp\/v2\/media\/591111"}],"wp:attachment":[{"href":"https:\/\/www.europesays.com\/fr\/wp-json\/wp\/v2\/media?parent=591110"}],"wp:term":[{"taxonomy":"category","embeddable":true,"href":"https:\/\/www.europesays.com\/fr\/wp-json\/wp\/v2\/categories?post=591110"},{"taxonomy":"post_tag","embeddable":true,"href":"https:\/\/www.europesays.com\/fr\/wp-json\/wp\/v2\/tags?post=591110"}],"curies":[{"name":"wp","href":"https:\/\/api.w.org\/{rel}","templated":true}]}}