{"id":591114,"date":"2025-12-10T17:08:16","date_gmt":"2025-12-10T17:08:16","guid":{"rendered":"https:\/\/www.europesays.com\/fr\/591114\/"},"modified":"2025-12-10T17:08:16","modified_gmt":"2025-12-10T17:08:16","slug":"le-premier-hotel-harry-potter-du-monde-va-ouvrir-ses-portes-en-europe-a-quelques-heures-de-nantes","status":"publish","type":"post","link":"https:\/\/www.europesays.com\/fr\/591114\/","title":{"rendered":"Le premier h\u00f4tel Harry Potter du monde va ouvrir ses portes en Europe \u00e0 quelques heures de Nantes"},"content":{"rendered":"<p>Oui, vous avez bien lu, <strong>le tout premier h\u00f4tel Harry Potter du monde va ouvrir ses portes en Allemagne,<\/strong> \u00e0 une distance tr\u00e8s raisonnable pour un petit road trip ou un train express depuis la France\u00a0!<\/p>\n<p>&#13;<br \/>\nUne nouvelle qui enflamme le monde des sorciers&#13;<\/p>\n<p>Depuis l\u2019annonce r\u00e9cente d\u2019un <a href=\"https:\/\/www.lebonbon.fr\/nantes\/good-news\/parc-universal-studios-pourrait-bientot-ouvrir-europe\/?from=00026\" target=\"_blank\" rel=\"noopener\">nouveau parc Universal <\/a>en construction au nord de Londres, l\u2019excitation \u00e9tait d\u00e9j\u00e0 \u00e0 son comble. Mais une seconde bombe vient de tomber, l\u2019arriv\u00e9e d\u2019une zone 100% Harry Potter au c\u0153ur de Legoland Germany, accompagn\u00e9e d\u2019un h\u00f4tel th\u00e9matique in\u00e9dit d\u00e9di\u00e9 enti\u00e8rement \u00e0 l\u2019univers du Wizarding World. Imaginez, dormir dans une chambre inspir\u00e9e de Gryffondor, Poufsouffle (la meilleure maison, ne d\u00e9battons pas), Serdaigle ou Serpentard. Se r\u00e9veiller entre grimoires, chandeliers flottants, draperies m\u00e9di\u00e9vales et clins d\u2019\u0153il aux films\u2026 Le tout \u00e0 port\u00e9e de transport et sans devoir hypoth\u00e9quer votre maison comme pour un s\u00e9jour en Floride.<\/p>\n<p>&#13;<br \/>\nUn land magique en version LEGO\u00a0!&#13;<\/p>\n<p>Pourquoi Legoland\u00a0? Parce que les ensembles LEGO Harry Potter sont parmi les plus populaires de l\u2019histoire de la marque. Cette alliance avait donc tout du coup de ma\u00eetre\u00a0! Au programme\u00a0: une zone immersive enti\u00e8rement d\u00e9di\u00e9e au Wizarding World, des attractions familiales et interactives, des d\u00e9cors iconiques enti\u00e8rement en briques LEGO, des spots photo parfaits pour Instagram (\u00e0 vous les likes). Vous pourrez ainsi explorer des lieux inspir\u00e9s des films, revus version petites briques. Une autre mani\u00e8re de vivre la magie en mode construction cr\u00e9ative\u00a0!<\/p>\n<p>&#13;<\/p>\n<blockquote class=\"instagram-media\" data-instgrm-permalink=\"https:\/\/www.instagram.com\/reel\/DRszr2KgmP6\/?utm_source=ig_embed&amp;utm_campaign=loading\" data-instgrm-version=\"14\" style=\"background: #FFF; border: 0; border-radius: 3px; box-shadow: 0 0 1px 0 rgba(0,0,0,0.5),0 1px 10px 0 rgba(0,0,0,0.15); margin: 1px; max-width: 540px; min-width: 326px; padding: 0; width: calc(100% - 2px);\"><p>&#13;<br \/>\n&#13;\n<\/p><\/blockquote>\n<p>&#13;<br \/>\n&#13;<br \/>\nL\u2019h\u00f4tel, le r\u00eave de tous les fans\u00a0!&#13;<\/p>\n<p><strong><a href=\"https:\/\/www.lebonbon.fr\/nantes\/pop-culture\/chateau-poudlard-bientot-desservi-directement-paris\/?from=00020\" target=\"_blank\" rel=\"noopener\">Ce nouvel \u00e9tablissement <\/a>va tout simplement faire entrer le monde des sorciers dans la r\u00e9alit\u00e9.<\/strong> Au programme pour les futurs visiteurs\u00a0: <strong>chambres inspir\u00e9es des maisons de Poudlard, restauration dans un univers magique, exp\u00e9riences th\u00e9matiques jour et nuit, d\u00e9co ultra immersive jusque dans les moindres d\u00e9tails. <\/strong>Bref, un endroit o\u00f9 l\u2019on se glisse enfin dans la peau d\u2019un \u00e9l\u00e8ve de Poudlard \u2014 pyjama sous la robe de sorcier, \u00e9videmment.<\/p>\n<p>&#13;<br \/>\nEncore un peu de patience\u2026&#13;<\/p>\n<p>Aucune date d\u2019ouverture n\u2019a encore \u00e9t\u00e9 r\u00e9v\u00e9l\u00e9e, mais le projet est d\u00e9j\u00e0 lanc\u00e9 et attise toutes les curiosit\u00e9s. Une certitude, les fans du monde entier vont se pr\u00e9cipiter pour r\u00e9server les premi\u00e8res nuits.<\/p>\n<p><script async src=\"\/\/www.instagram.com\/embed.js\"><\/script><\/p>\n","protected":false},"excerpt":{"rendered":"Oui, vous avez bien lu, le tout premier h\u00f4tel Harry Potter du monde va ouvrir ses portes en&hellip;\n","protected":false},"author":2,"featured_media":591115,"comment_status":"","ping_status":"","sticky":false,"template":"","format":"standard","meta":{"footnotes":""},"categories":[2818],"tags":[1111,11,1777,674,1011,27,766,12,2636,25],"class_list":{"0":"post-591114","1":"post","2":"type-post","3":"status-publish","4":"format-standard","5":"has-post-thumbnail","7":"category-nantes","8":"tag-actu","9":"tag-actualites","10":"tag-eu","11":"tag-europe","12":"tag-fr","13":"tag-france","14":"tag-nantes","15":"tag-news","16":"tag-pays-de-la-loire","17":"tag-republique-francaise"},"share_on_mastodon":{"url":"https:\/\/pubeurope.com\/@fr\/115696376541427940","error":""},"_links":{"self":[{"href":"https:\/\/www.europesays.com\/fr\/wp-json\/wp\/v2\/posts\/591114","targetHints":{"allow":["GET"]}}],"collection":[{"href":"https:\/\/www.europesays.com\/fr\/wp-json\/wp\/v2\/posts"}],"about":[{"href":"https:\/\/www.europesays.com\/fr\/wp-json\/wp\/v2\/types\/post"}],"author":[{"embeddable":true,"href":"https:\/\/www.europesays.com\/fr\/wp-json\/wp\/v2\/users\/2"}],"replies":[{"embeddable":true,"href":"https:\/\/www.europesays.com\/fr\/wp-json\/wp\/v2\/comments?post=591114"}],"version-history":[{"count":0,"href":"https:\/\/www.europesays.com\/fr\/wp-json\/wp\/v2\/posts\/591114\/revisions"}],"wp:featuredmedia":[{"embeddable":true,"href":"https:\/\/www.europesays.com\/fr\/wp-json\/wp\/v2\/media\/591115"}],"wp:attachment":[{"href":"https:\/\/www.europesays.com\/fr\/wp-json\/wp\/v2\/media?parent=591114"}],"wp:term":[{"taxonomy":"category","embeddable":true,"href":"https:\/\/www.europesays.com\/fr\/wp-json\/wp\/v2\/categories?post=591114"},{"taxonomy":"post_tag","embeddable":true,"href":"https:\/\/www.europesays.com\/fr\/wp-json\/wp\/v2\/tags?post=591114"}],"curies":[{"name":"wp","href":"https:\/\/api.w.org\/{rel}","templated":true}]}}